{"id":10308,"date":"2019-02-18T17:25:10","date_gmt":"2019-02-18T17:25:10","guid":{"rendered":"https:\/\/faidutti.com\/blog\/?p=10308"},"modified":"2019-02-18T18:56:20","modified_gmt":"2019-02-18T18:56:20","slug":"mon-programme-pour-le-festival-des-jeux-de-cannes-my-cannes-game-fair-schedule","status":"publish","type":"post","link":"https:\/\/faidutti.com\/blog\/blog\/2019\/02\/18\/mon-programme-pour-le-festival-des-jeux-de-cannes-my-cannes-game-fair-schedule\/","title":{"rendered":"Mon programme pour le Festival des jeux de Cannes <br> My Cannes game fair schedule"},"content":{"rendered":"<p><a href=\"https:\/\/faidutti.com\/blog\/wp-content\/uploads\/2019\/02\/cover.png\"><img loading=\"lazy\" decoding=\"async\" data-attachment-id=\"10309\" data-permalink=\"https:\/\/faidutti.com\/blog\/blog\/2019\/02\/18\/mon-programme-pour-le-festival-des-jeux-de-cannes-my-cannes-game-fair-schedule\/cover-6\/\" data-orig-file=\"https:\/\/faidutti.com\/blog\/wp-content\/uploads\/2019\/02\/cover.png\" data-orig-size=\"1024,500\" data-comments-opened=\"1\" data-image-meta=\"{&quot;aperture&quot;:&quot;0&quot;,&quot;credit&quot;:&quot;&quot;,&quot;camera&quot;:&quot;&quot;,&quot;caption&quot;:&quot;&quot;,&quot;created_timestamp&quot;:&quot;0&quot;,&quot;copyright&quot;:&quot;&quot;,&quot;focal_length&quot;:&quot;0&quot;,&quot;iso&quot;:&quot;0&quot;,&quot;shutter_speed&quot;:&quot;0&quot;,&quot;title&quot;:&quot;&quot;,&quot;orientation&quot;:&quot;0&quot;}\" data-image-title=\"cover\" data-image-description=\"\" data-image-caption=\"\" data-large-file=\"https:\/\/faidutti.com\/blog\/wp-content\/uploads\/2019\/02\/cover-584x285.png\" class=\"alignnone size-large wp-image-10309\" src=\"https:\/\/faidutti.com\/blog\/wp-content\/uploads\/2019\/02\/cover-584x285.png\" alt=\"\" width=\"584\" height=\"285\" srcset=\"https:\/\/faidutti.com\/blog\/wp-content\/uploads\/2019\/02\/cover-584x285.png 584w, https:\/\/faidutti.com\/blog\/wp-content\/uploads\/2019\/02\/cover-150x73.png 150w, https:\/\/faidutti.com\/blog\/wp-content\/uploads\/2019\/02\/cover-300x146.png 300w, https:\/\/faidutti.com\/blog\/wp-content\/uploads\/2019\/02\/cover-500x244.png 500w, https:\/\/faidutti.com\/blog\/wp-content\/uploads\/2019\/02\/cover.png 1024w\" sizes=\"auto, (max-width: 584px) 100vw, 584px\" \/><\/a><\/p>\n<p>Comme chaque ann\u00e9e, je serai du 22 au 24 f\u00e9vrier au festival des jeux de Cannes, pour pr\u00e9senter mes derni\u00e8res nouveaut\u00e9s, pour rencontrer des \u00e9diteurs, et de mani\u00e8re g\u00e9n\u00e9rale pour croiser tout le petit monde du jeu.<\/p>\n<p>Mon emploi du temps n&#8217;est pas enti\u00e8rement boucl\u00e9, mais je peux quand m\u00eame d\u00e9j\u00e0 donner quelques pistes \u00e0 ceux qui me cherchent.<\/p>\n<p><a href=\"https:\/\/faidutti.com\/blog\/wp-content\/uploads\/2019\/02\/protos-cannes.jpg\"><img loading=\"lazy\" decoding=\"async\" data-attachment-id=\"10310\" data-permalink=\"https:\/\/faidutti.com\/blog\/blog\/2019\/02\/18\/mon-programme-pour-le-festival-des-jeux-de-cannes-my-cannes-game-fair-schedule\/protos-cannes\/\" data-orig-file=\"https:\/\/faidutti.com\/blog\/wp-content\/uploads\/2019\/02\/protos-cannes.jpg\" data-orig-size=\"800,600\" data-comments-opened=\"1\" data-image-meta=\"{&quot;aperture&quot;:&quot;1.8&quot;,&quot;credit&quot;:&quot;&quot;,&quot;camera&quot;:&quot;iPhone 7&quot;,&quot;caption&quot;:&quot;&quot;,&quot;created_timestamp&quot;:&quot;1550511023&quot;,&quot;copyright&quot;:&quot;&quot;,&quot;focal_length&quot;:&quot;3.99&quot;,&quot;iso&quot;:&quot;100&quot;,&quot;shutter_speed&quot;:&quot;0.2&quot;,&quot;title&quot;:&quot;&quot;,&quot;orientation&quot;:&quot;1&quot;}\" data-image-title=\"protos cannes\" data-image-description=\"\" data-image-caption=\"\" data-large-file=\"https:\/\/faidutti.com\/blog\/wp-content\/uploads\/2019\/02\/protos-cannes-584x438.jpg\" class=\"alignnone size-large wp-image-10310\" src=\"https:\/\/faidutti.com\/blog\/wp-content\/uploads\/2019\/02\/protos-cannes-584x438.jpg\" alt=\"\" width=\"584\" height=\"438\" srcset=\"https:\/\/faidutti.com\/blog\/wp-content\/uploads\/2019\/02\/protos-cannes-584x438.jpg 584w, https:\/\/faidutti.com\/blog\/wp-content\/uploads\/2019\/02\/protos-cannes-150x113.jpg 150w, https:\/\/faidutti.com\/blog\/wp-content\/uploads\/2019\/02\/protos-cannes-300x225.jpg 300w, https:\/\/faidutti.com\/blog\/wp-content\/uploads\/2019\/02\/protos-cannes-400x300.jpg 400w, https:\/\/faidutti.com\/blog\/wp-content\/uploads\/2019\/02\/protos-cannes.jpg 800w\" sizes=\"auto, (max-width: 584px) 100vw, 584px\" \/><\/a><br \/>\n<span style=\"color: #999999;\"><em>Les prototypes sont pr\u00eats.<\/em><\/span><\/p>\n<p>Le vendredi, vous pourrez me croiser de 12h \u00e0 13h sur le stand des \u00e9ditions Lui-M\u00eame, \u00e9diteur de <a href=\"https:\/\/faidutti.com\/blog\/?p=5980\">Dolor\u00e8s<\/a>, qui n&#8217;est plus vraiment une nouveaut\u00e9 mais que j&#8217;ai toujours plaisir \u00e0 faire tourner, et Philippe est un vieil ami. Un peu plus tard, de 14h \u00e0 15h, je serai chez Matagot, l&#8217;\u00e9diteur de <a href=\"https:\/\/faidutti.com\/blog\/?p=8884\">Dragons<\/a>.<\/p>\n<p><a href=\"https:\/\/faidutti.com\/blog\/wp-content\/uploads\/2017\/12\/Couverture.jpg\"><img loading=\"lazy\" decoding=\"async\" data-attachment-id=\"8954\" data-permalink=\"https:\/\/faidutti.com\/blog\/blog\/2018\/06\/15\/dragons\/couverture\/\" data-orig-file=\"https:\/\/faidutti.com\/blog\/wp-content\/uploads\/2017\/12\/Couverture.jpg\" data-orig-size=\"600,828\" data-comments-opened=\"1\" data-image-meta=\"{&quot;aperture&quot;:&quot;0&quot;,&quot;credit&quot;:&quot;&quot;,&quot;camera&quot;:&quot;&quot;,&quot;caption&quot;:&quot;&quot;,&quot;created_timestamp&quot;:&quot;0&quot;,&quot;copyright&quot;:&quot;&quot;,&quot;focal_length&quot;:&quot;0&quot;,&quot;iso&quot;:&quot;0&quot;,&quot;shutter_speed&quot;:&quot;0&quot;,&quot;title&quot;:&quot;&quot;,&quot;orientation&quot;:&quot;1&quot;}\" data-image-title=\"Dragons Cover\" data-image-description=\"&lt;p&gt;Dragons&lt;\/p&gt;\n\" data-image-caption=\"\" data-large-file=\"https:\/\/faidutti.com\/blog\/wp-content\/uploads\/2017\/12\/Couverture.jpg\" class=\"alignnone wp-image-8954\" src=\"https:\/\/faidutti.com\/blog\/wp-content\/uploads\/2017\/12\/Couverture-217x300.jpg\" alt=\"\" width=\"159\" height=\"220\" srcset=\"https:\/\/faidutti.com\/blog\/wp-content\/uploads\/2017\/12\/Couverture-217x300.jpg 217w, https:\/\/faidutti.com\/blog\/wp-content\/uploads\/2017\/12\/Couverture-109x150.jpg 109w, https:\/\/faidutti.com\/blog\/wp-content\/uploads\/2017\/12\/Couverture.jpg 600w\" sizes=\"auto, (max-width: 159px) 100vw, 159px\" \/><\/a><a href=\"https:\/\/faidutti.com\/blog\/wp-content\/uploads\/2019\/02\/minstrels-green.jpg\">\u00a0<\/a><a href=\"https:\/\/faidutti.com\/blog\/wp-content\/uploads\/2019\/02\/minstrels-green.jpg\"><img loading=\"lazy\" decoding=\"async\" data-attachment-id=\"10295\" data-permalink=\"https:\/\/faidutti.com\/blog\/blog\/2019\/02\/18\/mon-programme-pour-le-festival-des-jeux-de-cannes-my-cannes-game-fair-schedule\/minstrels-green\/\" data-orig-file=\"https:\/\/faidutti.com\/blog\/wp-content\/uploads\/2019\/02\/minstrels-green.jpg\" data-orig-size=\"800,799\" data-comments-opened=\"1\" data-image-meta=\"{&quot;aperture&quot;:&quot;0&quot;,&quot;credit&quot;:&quot;&quot;,&quot;camera&quot;:&quot;&quot;,&quot;caption&quot;:&quot;&quot;,&quot;created_timestamp&quot;:&quot;0&quot;,&quot;copyright&quot;:&quot;&quot;,&quot;focal_length&quot;:&quot;0&quot;,&quot;iso&quot;:&quot;0&quot;,&quot;shutter_speed&quot;:&quot;0&quot;,&quot;title&quot;:&quot;&quot;,&quot;orientation&quot;:&quot;1&quot;}\" data-image-title=\"minstrels green\" data-image-description=\"\" data-image-caption=\"\" data-large-file=\"https:\/\/faidutti.com\/blog\/wp-content\/uploads\/2019\/02\/minstrels-green-584x584.jpg\" class=\"alignnone wp-image-10295\" src=\"https:\/\/faidutti.com\/blog\/wp-content\/uploads\/2019\/02\/minstrels-green-300x300.jpg\" alt=\"\" width=\"220\" height=\"220\" srcset=\"https:\/\/faidutti.com\/blog\/wp-content\/uploads\/2019\/02\/minstrels-green-300x300.jpg 300w, https:\/\/faidutti.com\/blog\/wp-content\/uploads\/2019\/02\/minstrels-green-150x150.jpg 150w, https:\/\/faidutti.com\/blog\/wp-content\/uploads\/2019\/02\/minstrels-green-584x584.jpg 584w, https:\/\/faidutti.com\/blog\/wp-content\/uploads\/2019\/02\/minstrels-green.jpg 800w\" sizes=\"auto, (max-width: 220px) 100vw, 220px\" \/><\/a><a href=\"https:\/\/faidutti.com\/blog\/wp-content\/uploads\/2017\/06\/petit-poucet-boite.jpg\"><img loading=\"lazy\" decoding=\"async\" data-attachment-id=\"9808\" data-permalink=\"https:\/\/faidutti.com\/blog\/?attachment_id=9808\" data-orig-file=\"https:\/\/faidutti.com\/blog\/wp-content\/uploads\/2017\/06\/petit-poucet-boite.jpg\" data-orig-size=\"386,600\" data-comments-opened=\"1\" data-image-meta=\"{&quot;aperture&quot;:&quot;0&quot;,&quot;credit&quot;:&quot;&quot;,&quot;camera&quot;:&quot;&quot;,&quot;caption&quot;:&quot;&quot;,&quot;created_timestamp&quot;:&quot;0&quot;,&quot;copyright&quot;:&quot;&quot;,&quot;focal_length&quot;:&quot;0&quot;,&quot;iso&quot;:&quot;0&quot;,&quot;shutter_speed&quot;:&quot;0&quot;,&quot;title&quot;:&quot;&quot;,&quot;orientation&quot;:&quot;1&quot;}\" data-image-title=\"petit poucet boite\" data-image-description=\"\" data-image-caption=\"\" data-large-file=\"https:\/\/faidutti.com\/blog\/wp-content\/uploads\/2017\/06\/petit-poucet-boite-376x584.jpg\" class=\"alignnone wp-image-9808\" src=\"https:\/\/faidutti.com\/blog\/wp-content\/uploads\/2017\/06\/petit-poucet-boite-232x360.jpg\" alt=\"\" width=\"142\" height=\"220\" srcset=\"https:\/\/faidutti.com\/blog\/wp-content\/uploads\/2017\/06\/petit-poucet-boite-232x360.jpg 232w, https:\/\/faidutti.com\/blog\/wp-content\/uploads\/2017\/06\/petit-poucet-boite-97x150.jpg 97w, https:\/\/faidutti.com\/blog\/wp-content\/uploads\/2017\/06\/petit-poucet-boite-376x584.jpg 376w, https:\/\/faidutti.com\/blog\/wp-content\/uploads\/2017\/06\/petit-poucet-boite-193x300.jpg 193w, https:\/\/faidutti.com\/blog\/wp-content\/uploads\/2017\/06\/petit-poucet-boite.jpg 386w\" sizes=\"auto, (max-width: 142px) 100vw, 142px\" \/><\/a><\/p>\n<p>Le samedi, je serai de 10h \u00e0 midi \u00e0 l&#8217;assembl\u00e9e g\u00e9n\u00e9rale de la Soci\u00e9t\u00e9 des Auteurs de Jeux. L&#8217;apr\u00e8s-midi, de 15h \u00e0 17h, je serai sur le stand de Sweet Games pour pr\u00e9senter M\u00e9nestrels, un tout nouveau jeu de cartes con\u00e7u avec mon amie Sandra Pietrini et illustr\u00e9 par mon ami David Cochard. M\u00e9nestrels ne sera pas en vente sur le salon, mais devrait arriver dans les semaines qui viennent, et il y a de fortes chances que le stand de Sweet Games soit un peu mon camp de base sur ce salon &#8211; \u00e0 moins que ce ne soit celui de Repos Production, ou de Matagot, ou des Space Cowboys, selon qu&#8217;il y a ou non des bi\u00e8res et de profonds fauteuils.<\/p>\n<p>Le dimanche, c&#8217;est chez Purple Brain \/ Space Cowboys, \u00e9diteur du <a href=\"https:\/\/faidutti.com\/blog\/?p=9804\">Petit Poucet<\/a>, con\u00e7u avec mon amie Anja Wrede et illustr\u00e9 par Fr\u00e9d\u00e9ric Pillot, que vous pourrez me trouver entre 12h et 14h.<\/p>\n<p>Je ne suis pas s\u00fbr d&#8217;avoir l&#8217;occasion de passer au &#8220;off&#8221; o\u00f9 se retrouvent pas mal d&#8217;auteurs et d&#8217;\u00e9diteurs, mais je sais que Rapha\u00ebl Bernardi y fera tourner <a href=\"https:\/\/faidutti.com\/blog\/?p=887\">Vabanque<\/a>, qu&#8217;il compte r\u00e9\u00e9diter en fran\u00e7ais cette ann\u00e9e.<\/p>\n<p><a href=\"https:\/\/faidutti.com\/blog\/wp-content\/uploads\/2019\/02\/Nadine-Seul-1.jpg\"><img loading=\"lazy\" decoding=\"async\" data-attachment-id=\"10312\" data-permalink=\"https:\/\/faidutti.com\/blog\/blog\/2019\/02\/18\/mon-programme-pour-le-festival-des-jeux-de-cannes-my-cannes-game-fair-schedule\/nadine-seul-2\/\" data-orig-file=\"https:\/\/faidutti.com\/blog\/wp-content\/uploads\/2019\/02\/Nadine-Seul-1.jpg\" data-orig-size=\"600,400\" data-comments-opened=\"1\" data-image-meta=\"{&quot;aperture&quot;:&quot;0&quot;,&quot;credit&quot;:&quot;&quot;,&quot;camera&quot;:&quot;&quot;,&quot;caption&quot;:&quot;&quot;,&quot;created_timestamp&quot;:&quot;0&quot;,&quot;copyright&quot;:&quot;&quot;,&quot;focal_length&quot;:&quot;0&quot;,&quot;iso&quot;:&quot;0&quot;,&quot;shutter_speed&quot;:&quot;0&quot;,&quot;title&quot;:&quot;&quot;,&quot;orientation&quot;:&quot;1&quot;}\" data-image-title=\"Nadine Seul\" data-image-description=\"\" data-image-caption=\"\" data-large-file=\"https:\/\/faidutti.com\/blog\/wp-content\/uploads\/2019\/02\/Nadine-Seul-1-584x389.jpg\" class=\"alignnone size-medium wp-image-10312\" src=\"https:\/\/faidutti.com\/blog\/wp-content\/uploads\/2019\/02\/Nadine-Seul-1-300x200.jpg\" alt=\"\" width=\"300\" height=\"200\" srcset=\"https:\/\/faidutti.com\/blog\/wp-content\/uploads\/2019\/02\/Nadine-Seul-1-300x200.jpg 300w, https:\/\/faidutti.com\/blog\/wp-content\/uploads\/2019\/02\/Nadine-Seul-1-150x100.jpg 150w, https:\/\/faidutti.com\/blog\/wp-content\/uploads\/2019\/02\/Nadine-Seul-1-584x389.jpg 584w, https:\/\/faidutti.com\/blog\/wp-content\/uploads\/2019\/02\/Nadine-Seul-1-450x300.jpg 450w, https:\/\/faidutti.com\/blog\/wp-content\/uploads\/2019\/02\/Nadine-Seul-1.jpg 600w\" sizes=\"auto, (max-width: 300px) 100vw, 300px\" \/><\/a><br \/>\n<span style=\"color: #999999;\"><em>Nadine Seul<\/em><\/span><\/p>\n<p>Nadine Seul, qui \u00e9tait responsable du festival, prend sa retraite cette ann\u00e9e, et je serai bien s\u00fbr \u00e0 son pot de d\u00e9part. On verra l&#8217;an prochain si le festival des jeux, qui est devenu en quelques ann\u00e9es un \u00e9v\u00e9nement international majeur, parvient \u00e0 continuer sans elle&#8230;<\/p>\n<hr \/>\n<p><em><a href=\"https:\/\/faidutti.com\/blog\/wp-content\/uploads\/2019\/02\/cover.png\"><img loading=\"lazy\" decoding=\"async\" data-attachment-id=\"10309\" data-permalink=\"https:\/\/faidutti.com\/blog\/blog\/2019\/02\/18\/mon-programme-pour-le-festival-des-jeux-de-cannes-my-cannes-game-fair-schedule\/cover-6\/\" data-orig-file=\"https:\/\/faidutti.com\/blog\/wp-content\/uploads\/2019\/02\/cover.png\" data-orig-size=\"1024,500\" data-comments-opened=\"1\" data-image-meta=\"{&quot;aperture&quot;:&quot;0&quot;,&quot;credit&quot;:&quot;&quot;,&quot;camera&quot;:&quot;&quot;,&quot;caption&quot;:&quot;&quot;,&quot;created_timestamp&quot;:&quot;0&quot;,&quot;copyright&quot;:&quot;&quot;,&quot;focal_length&quot;:&quot;0&quot;,&quot;iso&quot;:&quot;0&quot;,&quot;shutter_speed&quot;:&quot;0&quot;,&quot;title&quot;:&quot;&quot;,&quot;orientation&quot;:&quot;0&quot;}\" data-image-title=\"cover\" data-image-description=\"\" data-image-caption=\"\" data-large-file=\"https:\/\/faidutti.com\/blog\/wp-content\/uploads\/2019\/02\/cover-584x285.png\" class=\"alignnone size-large wp-image-10309\" src=\"https:\/\/faidutti.com\/blog\/wp-content\/uploads\/2019\/02\/cover-584x285.png\" alt=\"\" width=\"584\" height=\"285\" srcset=\"https:\/\/faidutti.com\/blog\/wp-content\/uploads\/2019\/02\/cover-584x285.png 584w, https:\/\/faidutti.com\/blog\/wp-content\/uploads\/2019\/02\/cover-150x73.png 150w, https:\/\/faidutti.com\/blog\/wp-content\/uploads\/2019\/02\/cover-300x146.png 300w, https:\/\/faidutti.com\/blog\/wp-content\/uploads\/2019\/02\/cover-500x244.png 500w, https:\/\/faidutti.com\/blog\/wp-content\/uploads\/2019\/02\/cover.png 1024w\" sizes=\"auto, (max-width: 584px) 100vw, 584px\" \/><\/a>Like every year, I&#8217;l be at the Cannes Game Festival, February 22-24, to demo and promote my last games, to pitch new designs to publishers, and more generally to meet the small boardgaming world. <\/em><em>My schedule is not entirely finalized, but I can already tell where you will be able to meet me.<\/em><\/p>\n<p><a href=\"https:\/\/faidutti.com\/blog\/wp-content\/uploads\/2019\/02\/protos-cannes.jpg\"><img loading=\"lazy\" decoding=\"async\" data-attachment-id=\"10310\" data-permalink=\"https:\/\/faidutti.com\/blog\/blog\/2019\/02\/18\/mon-programme-pour-le-festival-des-jeux-de-cannes-my-cannes-game-fair-schedule\/protos-cannes\/\" data-orig-file=\"https:\/\/faidutti.com\/blog\/wp-content\/uploads\/2019\/02\/protos-cannes.jpg\" data-orig-size=\"800,600\" data-comments-opened=\"1\" data-image-meta=\"{&quot;aperture&quot;:&quot;1.8&quot;,&quot;credit&quot;:&quot;&quot;,&quot;camera&quot;:&quot;iPhone 7&quot;,&quot;caption&quot;:&quot;&quot;,&quot;created_timestamp&quot;:&quot;1550511023&quot;,&quot;copyright&quot;:&quot;&quot;,&quot;focal_length&quot;:&quot;3.99&quot;,&quot;iso&quot;:&quot;100&quot;,&quot;shutter_speed&quot;:&quot;0.2&quot;,&quot;title&quot;:&quot;&quot;,&quot;orientation&quot;:&quot;1&quot;}\" data-image-title=\"protos cannes\" data-image-description=\"\" data-image-caption=\"\" data-large-file=\"https:\/\/faidutti.com\/blog\/wp-content\/uploads\/2019\/02\/protos-cannes-584x438.jpg\" class=\"alignnone size-large wp-image-10310\" src=\"https:\/\/faidutti.com\/blog\/wp-content\/uploads\/2019\/02\/protos-cannes-584x438.jpg\" alt=\"\" width=\"584\" height=\"438\" srcset=\"https:\/\/faidutti.com\/blog\/wp-content\/uploads\/2019\/02\/protos-cannes-584x438.jpg 584w, https:\/\/faidutti.com\/blog\/wp-content\/uploads\/2019\/02\/protos-cannes-150x113.jpg 150w, https:\/\/faidutti.com\/blog\/wp-content\/uploads\/2019\/02\/protos-cannes-300x225.jpg 300w, https:\/\/faidutti.com\/blog\/wp-content\/uploads\/2019\/02\/protos-cannes-400x300.jpg 400w, https:\/\/faidutti.com\/blog\/wp-content\/uploads\/2019\/02\/protos-cannes.jpg 800w\" sizes=\"auto, (max-width: 584px) 100vw, 584px\" \/><\/a><br \/>\n<span style=\"color: #999999;\">Prototypes are ready.<\/span><em><br \/>\n<\/em><\/p>\n<p><em>On Friday, I&#8217;ll be from noon to 1pm at Lui-M\u00eame, the publisher of Dolor\u00e8s. I know, it&#8217;s not really a new game, but I always enjoy showing it, and Philippe is an old friend. Later, from 2 to 3 pm, I&#8217;ll be at Matagot demoing Dragons.<\/em><\/p>\n<p><a href=\"https:\/\/faidutti.com\/blog\/wp-content\/uploads\/2017\/12\/Couverture.jpg\"><img loading=\"lazy\" decoding=\"async\" data-attachment-id=\"8954\" data-permalink=\"https:\/\/faidutti.com\/blog\/blog\/2018\/06\/15\/dragons\/couverture\/\" data-orig-file=\"https:\/\/faidutti.com\/blog\/wp-content\/uploads\/2017\/12\/Couverture.jpg\" data-orig-size=\"600,828\" data-comments-opened=\"1\" data-image-meta=\"{&quot;aperture&quot;:&quot;0&quot;,&quot;credit&quot;:&quot;&quot;,&quot;camera&quot;:&quot;&quot;,&quot;caption&quot;:&quot;&quot;,&quot;created_timestamp&quot;:&quot;0&quot;,&quot;copyright&quot;:&quot;&quot;,&quot;focal_length&quot;:&quot;0&quot;,&quot;iso&quot;:&quot;0&quot;,&quot;shutter_speed&quot;:&quot;0&quot;,&quot;title&quot;:&quot;&quot;,&quot;orientation&quot;:&quot;1&quot;}\" data-image-title=\"Dragons Cover\" data-image-description=\"&lt;p&gt;Dragons&lt;\/p&gt;\n\" data-image-caption=\"\" data-large-file=\"https:\/\/faidutti.com\/blog\/wp-content\/uploads\/2017\/12\/Couverture.jpg\" class=\"alignnone wp-image-8954\" src=\"https:\/\/faidutti.com\/blog\/wp-content\/uploads\/2017\/12\/Couverture-217x300.jpg\" alt=\"\" width=\"159\" height=\"220\" srcset=\"https:\/\/faidutti.com\/blog\/wp-content\/uploads\/2017\/12\/Couverture-217x300.jpg 217w, https:\/\/faidutti.com\/blog\/wp-content\/uploads\/2017\/12\/Couverture-109x150.jpg 109w, https:\/\/faidutti.com\/blog\/wp-content\/uploads\/2017\/12\/Couverture.jpg 600w\" sizes=\"auto, (max-width: 159px) 100vw, 159px\" \/><\/a> <a href=\"https:\/\/faidutti.com\/blog\/wp-content\/uploads\/2019\/02\/minstrels-blue.jpg\"><img loading=\"lazy\" decoding=\"async\" data-attachment-id=\"10297\" data-permalink=\"https:\/\/faidutti.com\/blog\/blog\/2019\/02\/18\/mon-programme-pour-le-festival-des-jeux-de-cannes-my-cannes-game-fair-schedule\/minstrels-blue\/\" data-orig-file=\"https:\/\/faidutti.com\/blog\/wp-content\/uploads\/2019\/02\/minstrels-blue.jpg\" data-orig-size=\"800,799\" data-comments-opened=\"1\" data-image-meta=\"{&quot;aperture&quot;:&quot;0&quot;,&quot;credit&quot;:&quot;&quot;,&quot;camera&quot;:&quot;&quot;,&quot;caption&quot;:&quot;&quot;,&quot;created_timestamp&quot;:&quot;0&quot;,&quot;copyright&quot;:&quot;&quot;,&quot;focal_length&quot;:&quot;0&quot;,&quot;iso&quot;:&quot;0&quot;,&quot;shutter_speed&quot;:&quot;0&quot;,&quot;title&quot;:&quot;&quot;,&quot;orientation&quot;:&quot;1&quot;}\" data-image-title=\"minstrels blue\" data-image-description=\"\" data-image-caption=\"\" data-large-file=\"https:\/\/faidutti.com\/blog\/wp-content\/uploads\/2019\/02\/minstrels-blue-584x584.jpg\" class=\"alignnone wp-image-10297\" src=\"https:\/\/faidutti.com\/blog\/wp-content\/uploads\/2019\/02\/minstrels-blue-300x300.jpg\" alt=\"\" width=\"220\" height=\"220\" srcset=\"https:\/\/faidutti.com\/blog\/wp-content\/uploads\/2019\/02\/minstrels-blue-300x300.jpg 300w, https:\/\/faidutti.com\/blog\/wp-content\/uploads\/2019\/02\/minstrels-blue-150x150.jpg 150w, https:\/\/faidutti.com\/blog\/wp-content\/uploads\/2019\/02\/minstrels-blue-584x584.jpg 584w, https:\/\/faidutti.com\/blog\/wp-content\/uploads\/2019\/02\/minstrels-blue.jpg 800w\" sizes=\"auto, (max-width: 220px) 100vw, 220px\" \/><\/a><a href=\"https:\/\/faidutti.com\/blog\/wp-content\/uploads\/2017\/06\/petit-poucet-boite.jpg\"><img loading=\"lazy\" decoding=\"async\" data-attachment-id=\"9808\" data-permalink=\"https:\/\/faidutti.com\/blog\/?attachment_id=9808\" data-orig-file=\"https:\/\/faidutti.com\/blog\/wp-content\/uploads\/2017\/06\/petit-poucet-boite.jpg\" data-orig-size=\"386,600\" data-comments-opened=\"1\" data-image-meta=\"{&quot;aperture&quot;:&quot;0&quot;,&quot;credit&quot;:&quot;&quot;,&quot;camera&quot;:&quot;&quot;,&quot;caption&quot;:&quot;&quot;,&quot;created_timestamp&quot;:&quot;0&quot;,&quot;copyright&quot;:&quot;&quot;,&quot;focal_length&quot;:&quot;0&quot;,&quot;iso&quot;:&quot;0&quot;,&quot;shutter_speed&quot;:&quot;0&quot;,&quot;title&quot;:&quot;&quot;,&quot;orientation&quot;:&quot;1&quot;}\" data-image-title=\"petit poucet boite\" data-image-description=\"\" data-image-caption=\"\" data-large-file=\"https:\/\/faidutti.com\/blog\/wp-content\/uploads\/2017\/06\/petit-poucet-boite-376x584.jpg\" class=\"alignnone wp-image-9808\" src=\"https:\/\/faidutti.com\/blog\/wp-content\/uploads\/2017\/06\/petit-poucet-boite-232x360.jpg\" alt=\"\" width=\"142\" height=\"220\" srcset=\"https:\/\/faidutti.com\/blog\/wp-content\/uploads\/2017\/06\/petit-poucet-boite-232x360.jpg 232w, https:\/\/faidutti.com\/blog\/wp-content\/uploads\/2017\/06\/petit-poucet-boite-97x150.jpg 97w, https:\/\/faidutti.com\/blog\/wp-content\/uploads\/2017\/06\/petit-poucet-boite-376x584.jpg 376w, https:\/\/faidutti.com\/blog\/wp-content\/uploads\/2017\/06\/petit-poucet-boite-193x300.jpg 193w, https:\/\/faidutti.com\/blog\/wp-content\/uploads\/2017\/06\/petit-poucet-boite.jpg 386w\" sizes=\"auto, (max-width: 142px) 100vw, 142px\" \/><\/a><\/p>\n<p><em>On Saturday morning, I&#8217;ll be at the general assembly of the French game designers union. I&#8217;ll spend most of the afternoon, from 3 to 5 pm, at Sweet Games, demoing Menestrels (Minstrels), a card game designed with my friend Sandra Pietrini and gorgeously illustrated by David Cochard. M\u00e9nestrels won&#8217;t be on sale at the fair, but will be available &#8211; in French only so far &#8211; a few weeks later. Chances are the Sweet Games booth will be my base camp for most of the fair &#8211; unless I opt for Repos, or Matagot, or Space Cowboys. It will depend where there is beer and deep armchairs.<br \/>\n<\/em><\/p>\n<p><em>On Sunday, I&#8217;ll be from noon to 2 pm at Purple Brain \/ space Cowboys demoing Lost in the Woods, a cute\u00a0 game designed with my friend Anja Wrede and illustrated by Fr\u00e9d\u00e9ric Pillot.<\/em><\/p>\n<p><a href=\"https:\/\/faidutti.com\/blog\/wp-content\/uploads\/2019\/02\/Nadine-Seul-1.jpg\"><img loading=\"lazy\" decoding=\"async\" data-attachment-id=\"10312\" data-permalink=\"https:\/\/faidutti.com\/blog\/blog\/2019\/02\/18\/mon-programme-pour-le-festival-des-jeux-de-cannes-my-cannes-game-fair-schedule\/nadine-seul-2\/\" data-orig-file=\"https:\/\/faidutti.com\/blog\/wp-content\/uploads\/2019\/02\/Nadine-Seul-1.jpg\" data-orig-size=\"600,400\" data-comments-opened=\"1\" data-image-meta=\"{&quot;aperture&quot;:&quot;0&quot;,&quot;credit&quot;:&quot;&quot;,&quot;camera&quot;:&quot;&quot;,&quot;caption&quot;:&quot;&quot;,&quot;created_timestamp&quot;:&quot;0&quot;,&quot;copyright&quot;:&quot;&quot;,&quot;focal_length&quot;:&quot;0&quot;,&quot;iso&quot;:&quot;0&quot;,&quot;shutter_speed&quot;:&quot;0&quot;,&quot;title&quot;:&quot;&quot;,&quot;orientation&quot;:&quot;1&quot;}\" data-image-title=\"Nadine Seul\" data-image-description=\"\" data-image-caption=\"\" data-large-file=\"https:\/\/faidutti.com\/blog\/wp-content\/uploads\/2019\/02\/Nadine-Seul-1-584x389.jpg\" class=\"alignnone size-medium wp-image-10312\" src=\"https:\/\/faidutti.com\/blog\/wp-content\/uploads\/2019\/02\/Nadine-Seul-1-300x200.jpg\" alt=\"\" width=\"300\" height=\"200\" srcset=\"https:\/\/faidutti.com\/blog\/wp-content\/uploads\/2019\/02\/Nadine-Seul-1-300x200.jpg 300w, https:\/\/faidutti.com\/blog\/wp-content\/uploads\/2019\/02\/Nadine-Seul-1-150x100.jpg 150w, https:\/\/faidutti.com\/blog\/wp-content\/uploads\/2019\/02\/Nadine-Seul-1-584x389.jpg 584w, https:\/\/faidutti.com\/blog\/wp-content\/uploads\/2019\/02\/Nadine-Seul-1-450x300.jpg 450w, https:\/\/faidutti.com\/blog\/wp-content\/uploads\/2019\/02\/Nadine-Seul-1.jpg 600w\" sizes=\"auto, (max-width: 300px) 100vw, 300px\" \/><\/a><br \/>\n<span style=\"color: #999999;\">Nadine Seul<\/span><\/p>\n<p><em>Nadine Seul, who was in charge of organizing the Cannes game fair, is retiring this year. Of course, I&#8217;ll be at her farewell drink. We&#8217;ll see next year if what has, in a few years, become a major international boardgame event,\u00a0 can go on without her.<\/em><\/p>\n","protected":false},"excerpt":{"rendered":"<p>Comme chaque ann\u00e9e, je serai du 22 au 24 f\u00e9vrier au festival des jeux de Cannes, pour pr\u00e9senter mes derni\u00e8res nouveaut\u00e9s, pour rencontrer des \u00e9diteurs, et de mani\u00e8re g\u00e9n\u00e9rale pour croiser tout le petit monde du jeu. Mon emploi du &hellip; <a href=\"https:\/\/faidutti.com\/blog\/blog\/2019\/02\/18\/mon-programme-pour-le-festival-des-jeux-de-cannes-my-cannes-game-fair-schedule\/\">Continue reading <span class=\"meta-nav\">&rarr;<\/span><\/a><\/p>\n","protected":false},"author":2,"featured_media":0,"comment_status":"open","ping_status":"open","sticky":false,"template":"","format":"standard","meta":{"jetpack_post_was_ever_published":false,"_jetpack_newsletter_access":"","_jetpack_dont_email_post_to_subs":false,"_jetpack_newsletter_tier_id":0,"_jetpack_memberships_contains_paywalled_content":false,"_jetpack_memberships_contains_paid_content":false,"footnotes":""},"categories":[3],"tags":[435,442,458],"class_list":["post-10308","post","type-post","status-publish","format-standard","hentry","category-events","tag-dragons","tag-le-petit-poucet-little-thumb","tag-menestrels"],"jetpack_featured_media_url":"","jetpack_sharing_enabled":true,"jetpack_shortlink":"https:\/\/wp.me\/p2HNOP-2Gg","_links":{"self":[{"href":"https:\/\/faidutti.com\/blog\/wp-json\/wp\/v2\/posts\/10308","targetHints":{"allow":["GET"]}}],"collection":[{"href":"https:\/\/faidutti.com\/blog\/wp-json\/wp\/v2\/posts"}],"about":[{"href":"https:\/\/faidutti.com\/blog\/wp-json\/wp\/v2\/types\/post"}],"author":[{"embeddable":true,"href":"https:\/\/faidutti.com\/blog\/wp-json\/wp\/v2\/users\/2"}],"replies":[{"embeddable":true,"href":"https:\/\/faidutti.com\/blog\/wp-json\/wp\/v2\/comments?post=10308"}],"version-history":[{"count":3,"href":"https:\/\/faidutti.com\/blog\/wp-json\/wp\/v2\/posts\/10308\/revisions"}],"predecessor-version":[{"id":10314,"href":"https:\/\/faidutti.com\/blog\/wp-json\/wp\/v2\/posts\/10308\/revisions\/10314"}],"wp:attachment":[{"href":"https:\/\/faidutti.com\/blog\/wp-json\/wp\/v2\/media?parent=10308"}],"wp:term":[{"taxonomy":"category","embeddable":true,"href":"https:\/\/faidutti.com\/blog\/wp-json\/wp\/v2\/categories?post=10308"},{"taxonomy":"post_tag","embeddable":true,"href":"https:\/\/faidutti.com\/blog\/wp-json\/wp\/v2\/tags?post=10308"}],"curies":[{"name":"wp","href":"https:\/\/api.w.org\/{rel}","templated":true}]}}