{"id":7426,"date":"2022-09-26T10:04:13","date_gmt":"2022-09-26T10:04:13","guid":{"rendered":"https:\/\/faidutti.com\/blog\/licornes\/?p=7426"},"modified":"2023-11-10T22:53:23","modified_gmt":"2023-11-10T22:53:23","slug":"la-licorne-connait-lavenir","status":"publish","type":"post","link":"https:\/\/faidutti.com\/blog\/licornes\/2022\/09\/26\/la-licorne-connait-lavenir\/","title":{"rendered":"\ud83d\udcd6 La licorne connait l&#8217;avenir"},"content":{"rendered":"\n<p><span style=\"color:#247e38\" class=\"tadv-color\"><strong>Faute de place, on n&#8217;a pu mettre dans mon livre qu&#8217;une image du songe de Child\u00e9ric et une des proph\u00e9ties papales, mais pas d&#8217;horoscope m\u00e9di\u00e9val, alors qu&#8217;ils sont assez amusants. Voici donc quelques autres images de licornes horoscopiques, astrologiques ou simplement zodiacales.<\/strong><\/span><\/p>\n\n\n\n<p>Commen\u00e7ons par quelques horoscopes :<\/p>\n\n\n\n<div class=\"wp-block-jetpack-slideshow aligncenter\" data-effect=\"slide\"><div class=\"wp-block-jetpack-slideshow_container swiper-container\"><ul class=\"wp-block-jetpack-slideshow_swiper-wrapper swiper-wrapper\"><li class=\"wp-block-jetpack-slideshow_slide swiper-slide\"><figure><img loading=\"lazy\" decoding=\"async\" width=\"491\" height=\"670\" alt=\"\" class=\"wp-block-jetpack-slideshow_image wp-image-7347\" data-id=\"7347\" src=\"https:\/\/faidutti.com\/blog\/licornes\/wp-content\/uploads\/sites\/2\/2022\/03\/Heidelberger-Schicksalbuch-Universitat-Bibliothek-Heidelberg-cod-Palm-germ-832-fol-78.jpg\" srcset=\"https:\/\/faidutti.com\/blog\/licornes\/wp-content\/uploads\/sites\/2\/2022\/03\/Heidelberger-Schicksalbuch-Universitat-Bibliothek-Heidelberg-cod-Palm-germ-832-fol-78.jpg 491w, https:\/\/faidutti.com\/blog\/licornes\/wp-content\/uploads\/sites\/2\/2022\/03\/Heidelberger-Schicksalbuch-Universitat-Bibliothek-Heidelberg-cod-Palm-germ-832-fol-78-220x300.jpg 220w\" sizes=\"(max-width: 491px) 100vw, 491px\" \/><figcaption class=\"wp-block-jetpack-slideshow_caption gallery-caption\">Deux hommes chevauchent une licorne : Il y aura une personne agressive. <br \/>Heidelberger Schicksalbuch, XVIe si\u00e8cle. Heidelberg UB, cod palm germ 832, fol 78r.\n<\/figcaption><\/figure><\/li><li class=\"wp-block-jetpack-slideshow_slide swiper-slide\"><figure><img loading=\"lazy\" decoding=\"async\" width=\"491\" height=\"670\" alt=\"\" class=\"wp-block-jetpack-slideshow_image wp-image-7348\" data-id=\"7348\" src=\"https:\/\/faidutti.com\/blog\/licornes\/wp-content\/uploads\/sites\/2\/2022\/03\/Heidelberger-Schicksalbuch-Universitat-Bibliothek-Heidelberg-cod-Palm-germ-832-fol-80v.jpg\" srcset=\"https:\/\/faidutti.com\/blog\/licornes\/wp-content\/uploads\/sites\/2\/2022\/03\/Heidelberger-Schicksalbuch-Universitat-Bibliothek-Heidelberg-cod-Palm-germ-832-fol-80v.jpg 491w, https:\/\/faidutti.com\/blog\/licornes\/wp-content\/uploads\/sites\/2\/2022\/03\/Heidelberger-Schicksalbuch-Universitat-Bibliothek-Heidelberg-cod-Palm-germ-832-fol-80v-220x300.jpg 220w\" sizes=\"(max-width: 491px) 100vw, 491px\" \/><figcaption class=\"wp-block-jetpack-slideshow_caption gallery-caption\">Une licorne allong\u00e9e sur le dos : Il y aura une personne sans force. <br \/>Fol 80v.<\/figcaption><\/figure><\/li><li class=\"wp-block-jetpack-slideshow_slide swiper-slide\"><figure><img loading=\"lazy\" decoding=\"async\" width=\"845\" height=\"1135\" alt=\"\" class=\"wp-block-jetpack-slideshow_image wp-image-7351\" data-id=\"7351\" src=\"https:\/\/faidutti.com\/blog\/licornes\/wp-content\/uploads\/sites\/2\/2022\/03\/Universitat-Bibliothek-Heidelberg-cod-Palm-germ-833-fol-91v.jpg\" srcset=\"https:\/\/faidutti.com\/blog\/licornes\/wp-content\/uploads\/sites\/2\/2022\/03\/Universitat-Bibliothek-Heidelberg-cod-Palm-germ-833-fol-91v.jpg 845w, https:\/\/faidutti.com\/blog\/licornes\/wp-content\/uploads\/sites\/2\/2022\/03\/Universitat-Bibliothek-Heidelberg-cod-Palm-germ-833-fol-91v-223x300.jpg 223w, https:\/\/faidutti.com\/blog\/licornes\/wp-content\/uploads\/sites\/2\/2022\/03\/Universitat-Bibliothek-Heidelberg-cod-Palm-germ-833-fol-91v-768x1032.jpg 768w\" sizes=\"(max-width: 845px) 100vw, 845px\" \/><figcaption class=\"wp-block-jetpack-slideshow_caption gallery-caption\">Une autre copie du m\u00eame horoscope.\nHeidelberg UB, cod palm germ 832, fol 91v.<\/figcaption><\/figure><\/li><li class=\"wp-block-jetpack-slideshow_slide swiper-slide\"><figure><img loading=\"lazy\" decoding=\"async\" width=\"611\" height=\"776\" alt=\"\" class=\"wp-block-jetpack-slideshow_image wp-image-7353\" data-id=\"7353\" src=\"https:\/\/faidutti.com\/blog\/licornes\/wp-content\/uploads\/sites\/2\/2022\/03\/Universitat-Bibliothek-Heidelberg-cod-Palm-germ-833-fol-94r.jpg\" srcset=\"https:\/\/faidutti.com\/blog\/licornes\/wp-content\/uploads\/sites\/2\/2022\/03\/Universitat-Bibliothek-Heidelberg-cod-Palm-germ-833-fol-94r.jpg 611w, https:\/\/faidutti.com\/blog\/licornes\/wp-content\/uploads\/sites\/2\/2022\/03\/Universitat-Bibliothek-Heidelberg-cod-Palm-germ-833-fol-94r-236x300.jpg 236w\" sizes=\"(max-width: 611px) 100vw, 611px\" \/><figcaption class=\"wp-block-jetpack-slideshow_caption gallery-caption\">Fol 94r.<\/figcaption><\/figure><\/li><li class=\"wp-block-jetpack-slideshow_slide swiper-slide\"><figure><img loading=\"lazy\" decoding=\"async\" width=\"1089\" height=\"1561\" alt=\"\" class=\"wp-block-jetpack-slideshow_image wp-image-7346\" data-id=\"7346\" src=\"https:\/\/faidutti.com\/blog\/licornes\/wp-content\/uploads\/sites\/2\/2022\/03\/Beinecke-ms-Mellon-25-fol-233r.jpg\" srcset=\"https:\/\/faidutti.com\/blog\/licornes\/wp-content\/uploads\/sites\/2\/2022\/03\/Beinecke-ms-Mellon-25-fol-233r.jpg 1089w, https:\/\/faidutti.com\/blog\/licornes\/wp-content\/uploads\/sites\/2\/2022\/03\/Beinecke-ms-Mellon-25-fol-233r-209x300.jpg 209w, https:\/\/faidutti.com\/blog\/licornes\/wp-content\/uploads\/sites\/2\/2022\/03\/Beinecke-ms-Mellon-25-fol-233r-768x1101.jpg 768w, https:\/\/faidutti.com\/blog\/licornes\/wp-content\/uploads\/sites\/2\/2022\/03\/Beinecke-ms-Mellon-25-fol-233r-1072x1536.jpg 1072w\" sizes=\"(max-width: 1089px) 100vw, 1089px\" \/><figcaption class=\"wp-block-jetpack-slideshow_caption gallery-caption\">Encore les m\u00eames, mais en latin. Yale, beinecke library, ms Mellon 25, fol 233r.<\/figcaption><\/figure><\/li><li class=\"wp-block-jetpack-slideshow_slide swiper-slide\"><figure><img loading=\"lazy\" decoding=\"async\" width=\"1053\" height=\"1503\" alt=\"\" class=\"wp-block-jetpack-slideshow_image wp-image-7350\" data-id=\"7350\" src=\"https:\/\/faidutti.com\/blog\/licornes\/wp-content\/uploads\/sites\/2\/2022\/03\/Beinecke-ms-Mellon-25-fol-235v.jpg\" srcset=\"https:\/\/faidutti.com\/blog\/licornes\/wp-content\/uploads\/sites\/2\/2022\/03\/Beinecke-ms-Mellon-25-fol-235v.jpg 1053w, https:\/\/faidutti.com\/blog\/licornes\/wp-content\/uploads\/sites\/2\/2022\/03\/Beinecke-ms-Mellon-25-fol-235v-210x300.jpg 210w, https:\/\/faidutti.com\/blog\/licornes\/wp-content\/uploads\/sites\/2\/2022\/03\/Beinecke-ms-Mellon-25-fol-235v-768x1096.jpg 768w\" sizes=\"(max-width: 1053px) 100vw, 1053px\" \/><figcaption class=\"wp-block-jetpack-slideshow_caption gallery-caption\">Fol 235v.<\/figcaption><\/figure><\/li><li class=\"wp-block-jetpack-slideshow_slide swiper-slide\"><figure><img loading=\"lazy\" decoding=\"async\" width=\"972\" height=\"1216\" alt=\"\" class=\"wp-block-jetpack-slideshow_image wp-image-7349\" data-id=\"7349\" src=\"https:\/\/faidutti.com\/blog\/licornes\/wp-content\/uploads\/sites\/2\/2022\/03\/Johannes-Angeli-Astrolabium-planum-in-tabulis-ascendens-1502-fol-87r-.jpg\" srcset=\"https:\/\/faidutti.com\/blog\/licornes\/wp-content\/uploads\/sites\/2\/2022\/03\/Johannes-Angeli-Astrolabium-planum-in-tabulis-ascendens-1502-fol-87r-.jpg 972w, https:\/\/faidutti.com\/blog\/licornes\/wp-content\/uploads\/sites\/2\/2022\/03\/Johannes-Angeli-Astrolabium-planum-in-tabulis-ascendens-1502-fol-87r--240x300.jpg 240w, https:\/\/faidutti.com\/blog\/licornes\/wp-content\/uploads\/sites\/2\/2022\/03\/Johannes-Angeli-Astrolabium-planum-in-tabulis-ascendens-1502-fol-87r--768x961.jpg 768w\" sizes=\"(max-width: 972px) 100vw, 972px\" \/><figcaption class=\"wp-block-jetpack-slideshow_caption gallery-caption\">Et en version imprim\u00e9e, au d\u00e9but du XVIe si\u00e8cle. Johannes Engel, <i>Astrolabium planum in tabulis ascendens<\/i>, 1502.<\/figcaption><\/figure><\/li><li class=\"wp-block-jetpack-slideshow_slide swiper-slide\"><figure><img loading=\"lazy\" decoding=\"async\" width=\"961\" height=\"1278\" alt=\"\" class=\"wp-block-jetpack-slideshow_image wp-image-7352\" data-id=\"7352\" src=\"https:\/\/faidutti.com\/blog\/licornes\/wp-content\/uploads\/sites\/2\/2022\/03\/Johannes-Angeli-Astrolabium-planum-in-tabulis-ascendens-1502-fol-89v.jpg\" srcset=\"https:\/\/faidutti.com\/blog\/licornes\/wp-content\/uploads\/sites\/2\/2022\/03\/Johannes-Angeli-Astrolabium-planum-in-tabulis-ascendens-1502-fol-89v.jpg 961w, https:\/\/faidutti.com\/blog\/licornes\/wp-content\/uploads\/sites\/2\/2022\/03\/Johannes-Angeli-Astrolabium-planum-in-tabulis-ascendens-1502-fol-89v-226x300.jpg 226w, https:\/\/faidutti.com\/blog\/licornes\/wp-content\/uploads\/sites\/2\/2022\/03\/Johannes-Angeli-Astrolabium-planum-in-tabulis-ascendens-1502-fol-89v-768x1021.jpg 768w\" sizes=\"(max-width: 961px) 100vw, 961px\" \/><\/figure><\/li><\/ul><a class=\"wp-block-jetpack-slideshow_button-prev swiper-button-prev swiper-button-white\" role=\"button\"><\/a><a class=\"wp-block-jetpack-slideshow_button-next swiper-button-next swiper-button-white\" role=\"button\"><\/a><a aria-label=\"Pause Slideshow\" class=\"wp-block-jetpack-slideshow_button-pause\" role=\"button\"><\/a><div class=\"wp-block-jetpack-slideshow_pagination swiper-pagination swiper-pagination-white\"><\/div><\/div><\/div>\n\n\n\n<p>Et d&#8217;autres images des aventures nocturnes de la reine Basine et du roi Childeric.<\/p>\n\n\n\n<div class=\"wp-block-jetpack-slideshow aligncenter\" data-effect=\"slide\"><div class=\"wp-block-jetpack-slideshow_container swiper-container\"><ul class=\"wp-block-jetpack-slideshow_swiper-wrapper swiper-wrapper\"><li class=\"wp-block-jetpack-slideshow_slide swiper-slide\"><figure><img loading=\"lazy\" decoding=\"async\" width=\"1142\" height=\"970\" alt=\"\" class=\"wp-block-jetpack-slideshow_image wp-image-7399\" data-id=\"7399\" src=\"https:\/\/faidutti.com\/blog\/licornes\/wp-content\/uploads\/sites\/2\/2022\/03\/BN-ms-fr-10135-fol-6v-Grandes-Chroniques-de-France.jpg\" srcset=\"https:\/\/faidutti.com\/blog\/licornes\/wp-content\/uploads\/sites\/2\/2022\/03\/BN-ms-fr-10135-fol-6v-Grandes-Chroniques-de-France.jpg 1142w, https:\/\/faidutti.com\/blog\/licornes\/wp-content\/uploads\/sites\/2\/2022\/03\/BN-ms-fr-10135-fol-6v-Grandes-Chroniques-de-France-300x255.jpg 300w, https:\/\/faidutti.com\/blog\/licornes\/wp-content\/uploads\/sites\/2\/2022\/03\/BN-ms-fr-10135-fol-6v-Grandes-Chroniques-de-France-768x652.jpg 768w, https:\/\/faidutti.com\/blog\/licornes\/wp-content\/uploads\/sites\/2\/2022\/03\/BN-ms-fr-10135-fol-6v-Grandes-Chroniques-de-France-353x300.jpg 353w\" sizes=\"(max-width: 1142px) 100vw, 1142px\" \/><figcaption class=\"wp-block-jetpack-slideshow_caption gallery-caption\"><i>Grandes chroniques de France,<\/i> circa 1370. BNF, ms fr 10135, fol 6v.<\/figcaption><\/figure><\/li><li class=\"wp-block-jetpack-slideshow_slide swiper-slide\"><figure><img loading=\"lazy\" decoding=\"async\" width=\"1210\" height=\"1296\" alt=\"\" class=\"wp-block-jetpack-slideshow_image wp-image-7394\" data-id=\"7394\" src=\"https:\/\/faidutti.com\/blog\/licornes\/wp-content\/uploads\/sites\/2\/2022\/03\/BN-ms-fr-2813-fol-7v-Grandes-chroniques-de-France.jpg\" srcset=\"https:\/\/faidutti.com\/blog\/licornes\/wp-content\/uploads\/sites\/2\/2022\/03\/BN-ms-fr-2813-fol-7v-Grandes-chroniques-de-France.jpg 1210w, https:\/\/faidutti.com\/blog\/licornes\/wp-content\/uploads\/sites\/2\/2022\/03\/BN-ms-fr-2813-fol-7v-Grandes-chroniques-de-France-280x300.jpg 280w, https:\/\/faidutti.com\/blog\/licornes\/wp-content\/uploads\/sites\/2\/2022\/03\/BN-ms-fr-2813-fol-7v-Grandes-chroniques-de-France-768x823.jpg 768w\" sizes=\"(max-width: 1210px) 100vw, 1210px\" \/><figcaption class=\"wp-block-jetpack-slideshow_caption gallery-caption\"><i>Grandes chroniques de France<\/i>, circa 1380. BNF, ms fr 2813, fol 7v.<\/figcaption><\/figure><\/li><li class=\"wp-block-jetpack-slideshow_slide swiper-slide\"><figure><img loading=\"lazy\" decoding=\"async\" width=\"2048\" height=\"967\" alt=\"\" class=\"wp-block-jetpack-slideshow_image wp-image-7398\" data-id=\"7398\" src=\"https:\/\/faidutti.com\/blog\/licornes\/wp-content\/uploads\/sites\/2\/2022\/03\/BL-Royal-ms-16-G-VI-fol-9r-Grandes-chroniques-de-France-2048x967.jpg\" srcset=\"https:\/\/faidutti.com\/blog\/licornes\/wp-content\/uploads\/sites\/2\/2022\/03\/BL-Royal-ms-16-G-VI-fol-9r-Grandes-chroniques-de-France-2048x967.jpg 2048w, https:\/\/faidutti.com\/blog\/licornes\/wp-content\/uploads\/sites\/2\/2022\/03\/BL-Royal-ms-16-G-VI-fol-9r-Grandes-chroniques-de-France-300x142.jpg 300w, https:\/\/faidutti.com\/blog\/licornes\/wp-content\/uploads\/sites\/2\/2022\/03\/BL-Royal-ms-16-G-VI-fol-9r-Grandes-chroniques-de-France-768x363.jpg 768w, https:\/\/faidutti.com\/blog\/licornes\/wp-content\/uploads\/sites\/2\/2022\/03\/BL-Royal-ms-16-G-VI-fol-9r-Grandes-chroniques-de-France-1536x725.jpg 1536w, https:\/\/faidutti.com\/blog\/licornes\/wp-content\/uploads\/sites\/2\/2022\/03\/BL-Royal-ms-16-G-VI-fol-9r-Grandes-chroniques-de-France-500x236.jpg 500w\" sizes=\"(max-width: 2048px) 100vw, 2048px\" \/><figcaption class=\"wp-block-jetpack-slideshow_caption gallery-caption\"><i>Grandes chroniques de France<\/i>, circa 1350. British Library, Royal ms 16 G VI, fol 9r.<\/figcaption><\/figure><\/li><li class=\"wp-block-jetpack-slideshow_slide swiper-slide\"><figure><img loading=\"lazy\" decoding=\"async\" width=\"1281\" height=\"2048\" alt=\"\" class=\"wp-block-jetpack-slideshow_image wp-image-7397\" data-id=\"7397\" src=\"https:\/\/faidutti.com\/blog\/licornes\/wp-content\/uploads\/sites\/2\/2022\/03\/ONB-cod-2564-fol-5v-Chroniques-de-Saint-Denis-fin-XIVe-1281x2048.jpg\" srcset=\"https:\/\/faidutti.com\/blog\/licornes\/wp-content\/uploads\/sites\/2\/2022\/03\/ONB-cod-2564-fol-5v-Chroniques-de-Saint-Denis-fin-XIVe-1281x2048.jpg 1281w, https:\/\/faidutti.com\/blog\/licornes\/wp-content\/uploads\/sites\/2\/2022\/03\/ONB-cod-2564-fol-5v-Chroniques-de-Saint-Denis-fin-XIVe-188x300.jpg 188w, https:\/\/faidutti.com\/blog\/licornes\/wp-content\/uploads\/sites\/2\/2022\/03\/ONB-cod-2564-fol-5v-Chroniques-de-Saint-Denis-fin-XIVe-768x1228.jpg 768w, https:\/\/faidutti.com\/blog\/licornes\/wp-content\/uploads\/sites\/2\/2022\/03\/ONB-cod-2564-fol-5v-Chroniques-de-Saint-Denis-fin-XIVe-961x1536.jpg 961w, https:\/\/faidutti.com\/blog\/licornes\/wp-content\/uploads\/sites\/2\/2022\/03\/ONB-cod-2564-fol-5v-Chroniques-de-Saint-Denis-fin-XIVe.jpg 1601w\" sizes=\"(max-width: 1281px) 100vw, 1281px\" \/><figcaption class=\"wp-block-jetpack-slideshow_caption gallery-caption\"><i>Chroniques de Saint-Denis<\/i>, fin du XIVe si\u00e8cle. Vienne, \u00d6NB, cod 2564, fol 5v.<\/figcaption><\/figure><\/li><li class=\"wp-block-jetpack-slideshow_slide swiper-slide\"><figure><img loading=\"lazy\" decoding=\"async\" width=\"1424\" height=\"2048\" alt=\"\" class=\"wp-block-jetpack-slideshow_image wp-image-7396\" data-id=\"7396\" src=\"https:\/\/faidutti.com\/blog\/licornes\/wp-content\/uploads\/sites\/2\/2022\/03\/BN-ms-fr-2608-fol-6v-Grandes-Chroniques-de-France-1424x2048.jpg\" srcset=\"https:\/\/faidutti.com\/blog\/licornes\/wp-content\/uploads\/sites\/2\/2022\/03\/BN-ms-fr-2608-fol-6v-Grandes-Chroniques-de-France-1424x2048.jpg 1424w, https:\/\/faidutti.com\/blog\/licornes\/wp-content\/uploads\/sites\/2\/2022\/03\/BN-ms-fr-2608-fol-6v-Grandes-Chroniques-de-France-209x300.jpg 209w, https:\/\/faidutti.com\/blog\/licornes\/wp-content\/uploads\/sites\/2\/2022\/03\/BN-ms-fr-2608-fol-6v-Grandes-Chroniques-de-France-768x1105.jpg 768w, https:\/\/faidutti.com\/blog\/licornes\/wp-content\/uploads\/sites\/2\/2022\/03\/BN-ms-fr-2608-fol-6v-Grandes-Chroniques-de-France-1068x1536.jpg 1068w, https:\/\/faidutti.com\/blog\/licornes\/wp-content\/uploads\/sites\/2\/2022\/03\/BN-ms-fr-2608-fol-6v-Grandes-Chroniques-de-France.jpg 1587w\" sizes=\"(max-width: 1424px) 100vw, 1424px\" \/><figcaption class=\"wp-block-jetpack-slideshow_caption gallery-caption\"><i>Grandes chroniques de France<\/i>, circa 1400. BNF, ms fr 2608, fol 6v.<\/figcaption><\/figure><\/li><li class=\"wp-block-jetpack-slideshow_slide swiper-slide\"><figure><img loading=\"lazy\" decoding=\"async\" width=\"1600\" height=\"1508\" alt=\"\" class=\"wp-block-jetpack-slideshow_image wp-image-7395\" data-id=\"7395\" src=\"https:\/\/faidutti.com\/blog\/licornes\/wp-content\/uploads\/sites\/2\/2022\/03\/BN-ms-fr-2609-fol-14v-Grandes-Chroniques-de-France.jpg\" srcset=\"https:\/\/faidutti.com\/blog\/licornes\/wp-content\/uploads\/sites\/2\/2022\/03\/BN-ms-fr-2609-fol-14v-Grandes-Chroniques-de-France.jpg 1600w, https:\/\/faidutti.com\/blog\/licornes\/wp-content\/uploads\/sites\/2\/2022\/03\/BN-ms-fr-2609-fol-14v-Grandes-Chroniques-de-France-300x283.jpg 300w, https:\/\/faidutti.com\/blog\/licornes\/wp-content\/uploads\/sites\/2\/2022\/03\/BN-ms-fr-2609-fol-14v-Grandes-Chroniques-de-France-768x724.jpg 768w, https:\/\/faidutti.com\/blog\/licornes\/wp-content\/uploads\/sites\/2\/2022\/03\/BN-ms-fr-2609-fol-14v-Grandes-Chroniques-de-France-1536x1448.jpg 1536w, https:\/\/faidutti.com\/blog\/licornes\/wp-content\/uploads\/sites\/2\/2022\/03\/BN-ms-fr-2609-fol-14v-Grandes-Chroniques-de-France-318x300.jpg 318w\" sizes=\"(max-width: 1600px) 100vw, 1600px\" \/><figcaption class=\"wp-block-jetpack-slideshow_caption gallery-caption\"><i>Grandes chroniques de France<\/i>, 1471. BNF, ms fr 2609, fol 14v.<\/figcaption><\/figure><\/li><\/ul><a class=\"wp-block-jetpack-slideshow_button-prev swiper-button-prev swiper-button-white\" role=\"button\"><\/a><a class=\"wp-block-jetpack-slideshow_button-next swiper-button-next swiper-button-white\" role=\"button\"><\/a><a aria-label=\"Pause Slideshow\" class=\"wp-block-jetpack-slideshow_button-pause\" role=\"button\"><\/a><div class=\"wp-block-jetpack-slideshow_pagination swiper-pagination swiper-pagination-white\"><\/div><\/div><\/div>\n\n\n\n<p>Les proph\u00e9ties papales attribu\u00e9es \u00e0 Joachim de Fiore. <\/p>\n\n\n\n<div class=\"wp-block-jetpack-slideshow aligncenter\" data-effect=\"slide\"><div class=\"wp-block-jetpack-slideshow_container swiper-container\"><ul class=\"wp-block-jetpack-slideshow_swiper-wrapper swiper-wrapper\"><li class=\"wp-block-jetpack-slideshow_slide swiper-slide\"><figure><img loading=\"lazy\" decoding=\"async\" width=\"1423\" height=\"2048\" alt=\"\" class=\"wp-block-jetpack-slideshow_image wp-image-7379\" data-id=\"7379\" src=\"https:\/\/faidutti.com\/blog\/licornes\/wp-content\/uploads\/sites\/2\/2022\/03\/Bibliotheque-de-Lunel-ms-Medard-7-fol-6r--1423x2048.jpg\" srcset=\"https:\/\/faidutti.com\/blog\/licornes\/wp-content\/uploads\/sites\/2\/2022\/03\/Bibliotheque-de-Lunel-ms-Medard-7-fol-6r--1423x2048.jpg 1423w, https:\/\/faidutti.com\/blog\/licornes\/wp-content\/uploads\/sites\/2\/2022\/03\/Bibliotheque-de-Lunel-ms-Medard-7-fol-6r--208x300.jpg 208w, https:\/\/faidutti.com\/blog\/licornes\/wp-content\/uploads\/sites\/2\/2022\/03\/Bibliotheque-de-Lunel-ms-Medard-7-fol-6r--768x1105.jpg 768w, https:\/\/faidutti.com\/blog\/licornes\/wp-content\/uploads\/sites\/2\/2022\/03\/Bibliotheque-de-Lunel-ms-Medard-7-fol-6r--1067x1536.jpg 1067w, https:\/\/faidutti.com\/blog\/licornes\/wp-content\/uploads\/sites\/2\/2022\/03\/Bibliotheque-de-Lunel-ms-Medard-7-fol-6r-.jpg 1779w\" sizes=\"(max-width: 1423px) 100vw, 1423px\" \/><figcaption class=\"wp-block-jetpack-slideshow_caption gallery-caption\">L&#8217;un des plus anciens manuscrits des proph\u00e9ties papales, dat\u00e9 du d\u00e9but du XIVe si\u00e8cle, se trouve \u00e0 la biblioth\u00e8que de Lunel. Ms Medard 7, fol 6r.<\/figcaption><\/figure><\/li><li class=\"wp-block-jetpack-slideshow_slide swiper-slide\"><figure><img loading=\"lazy\" decoding=\"async\" width=\"2048\" height=\"1642\" alt=\"\" class=\"wp-block-jetpack-slideshow_image wp-image-7384\" data-id=\"7384\" src=\"https:\/\/faidutti.com\/blog\/licornes\/wp-content\/uploads\/sites\/2\/2022\/03\/Bibliothque-de-Lunel-ms-Mdard-7-fol-6r-detail-2048x1642.jpg\" srcset=\"https:\/\/faidutti.com\/blog\/licornes\/wp-content\/uploads\/sites\/2\/2022\/03\/Bibliothque-de-Lunel-ms-Mdard-7-fol-6r-detail-2048x1642.jpg 2048w, https:\/\/faidutti.com\/blog\/licornes\/wp-content\/uploads\/sites\/2\/2022\/03\/Bibliothque-de-Lunel-ms-Mdard-7-fol-6r-detail-300x241.jpg 300w, https:\/\/faidutti.com\/blog\/licornes\/wp-content\/uploads\/sites\/2\/2022\/03\/Bibliothque-de-Lunel-ms-Mdard-7-fol-6r-detail-768x616.jpg 768w, https:\/\/faidutti.com\/blog\/licornes\/wp-content\/uploads\/sites\/2\/2022\/03\/Bibliothque-de-Lunel-ms-Mdard-7-fol-6r-detail-1536x1232.jpg 1536w, https:\/\/faidutti.com\/blog\/licornes\/wp-content\/uploads\/sites\/2\/2022\/03\/Bibliothque-de-Lunel-ms-Mdard-7-fol-6r-detail-374x300.jpg 374w\" sizes=\"(max-width: 2048px) 100vw, 2048px\" \/><\/figure><\/li><li class=\"wp-block-jetpack-slideshow_slide swiper-slide\"><figure><img loading=\"lazy\" decoding=\"async\" width=\"1637\" height=\"2048\" alt=\"\" class=\"wp-block-jetpack-slideshow_image wp-image-7385\" data-id=\"7385\" src=\"https:\/\/faidutti.com\/blog\/licornes\/wp-content\/uploads\/sites\/2\/2022\/03\/BAVat-cod-vat-lat-3819-fol-147v-Propheties-papales-circa-1320-1637x2048.jpg\" srcset=\"https:\/\/faidutti.com\/blog\/licornes\/wp-content\/uploads\/sites\/2\/2022\/03\/BAVat-cod-vat-lat-3819-fol-147v-Propheties-papales-circa-1320-1637x2048.jpg 1637w, https:\/\/faidutti.com\/blog\/licornes\/wp-content\/uploads\/sites\/2\/2022\/03\/BAVat-cod-vat-lat-3819-fol-147v-Propheties-papales-circa-1320-240x300.jpg 240w, https:\/\/faidutti.com\/blog\/licornes\/wp-content\/uploads\/sites\/2\/2022\/03\/BAVat-cod-vat-lat-3819-fol-147v-Propheties-papales-circa-1320-768x961.jpg 768w, https:\/\/faidutti.com\/blog\/licornes\/wp-content\/uploads\/sites\/2\/2022\/03\/BAVat-cod-vat-lat-3819-fol-147v-Propheties-papales-circa-1320-1228x1536.jpg 1228w, https:\/\/faidutti.com\/blog\/licornes\/wp-content\/uploads\/sites\/2\/2022\/03\/BAVat-cod-vat-lat-3819-fol-147v-Propheties-papales-circa-1320-scaled.jpg 2046w\" sizes=\"(max-width: 1637px) 100vw, 1637px\" \/><figcaption class=\"wp-block-jetpack-slideshow_caption gallery-caption\">Celui-ci, \u00e0 la biblioth\u00e8que du Vatican, n&#8217;est gu\u00e8re moins ancien. Cod vat lat 3819, fol 147v, circa 1320.<\/figcaption><\/figure><\/li><li class=\"wp-block-jetpack-slideshow_slide swiper-slide\"><figure><img loading=\"lazy\" decoding=\"async\" width=\"1589\" height=\"2048\" alt=\"\" class=\"wp-block-jetpack-slideshow_image wp-image-7377\" data-id=\"7377\" src=\"https:\/\/faidutti.com\/blog\/licornes\/wp-content\/uploads\/sites\/2\/2022\/03\/Cambridge-Corpus-Christi-ms-404-fol-89r-Propheties-papales-Gregoire-XII-1589x2048.jpg\" srcset=\"https:\/\/faidutti.com\/blog\/licornes\/wp-content\/uploads\/sites\/2\/2022\/03\/Cambridge-Corpus-Christi-ms-404-fol-89r-Propheties-papales-Gregoire-XII-1589x2048.jpg 1589w, https:\/\/faidutti.com\/blog\/licornes\/wp-content\/uploads\/sites\/2\/2022\/03\/Cambridge-Corpus-Christi-ms-404-fol-89r-Propheties-papales-Gregoire-XII-233x300.jpg 233w, https:\/\/faidutti.com\/blog\/licornes\/wp-content\/uploads\/sites\/2\/2022\/03\/Cambridge-Corpus-Christi-ms-404-fol-89r-Propheties-papales-Gregoire-XII-768x990.jpg 768w, https:\/\/faidutti.com\/blog\/licornes\/wp-content\/uploads\/sites\/2\/2022\/03\/Cambridge-Corpus-Christi-ms-404-fol-89r-Propheties-papales-Gregoire-XII-1192x1536.jpg 1192w, https:\/\/faidutti.com\/blog\/licornes\/wp-content\/uploads\/sites\/2\/2022\/03\/Cambridge-Corpus-Christi-ms-404-fol-89r-Propheties-papales-Gregoire-XII.jpg 1986w\" sizes=\"(max-width: 1589px) 100vw, 1589px\" \/><figcaption class=\"wp-block-jetpack-slideshow_caption gallery-caption\">Recueil de proph\u00e9ties, d\u00e9but du XIVe si\u00e8cle. Cambridge, Corpus Christi Library, ms 404, fol 89r.<\/figcaption><\/figure><\/li><li class=\"wp-block-jetpack-slideshow_slide swiper-slide\"><figure><img loading=\"lazy\" decoding=\"async\" width=\"1535\" height=\"2048\" alt=\"\" class=\"wp-block-jetpack-slideshow_image wp-image-7378\" data-id=\"7378\" src=\"https:\/\/faidutti.com\/blog\/licornes\/wp-content\/uploads\/sites\/2\/2022\/03\/Bodleian-Library-MS-Douce-88_00055_fol-141r-1535x2048.jpg\" srcset=\"https:\/\/faidutti.com\/blog\/licornes\/wp-content\/uploads\/sites\/2\/2022\/03\/Bodleian-Library-MS-Douce-88_00055_fol-141r-1535x2048.jpg 1535w, https:\/\/faidutti.com\/blog\/licornes\/wp-content\/uploads\/sites\/2\/2022\/03\/Bodleian-Library-MS-Douce-88_00055_fol-141r-225x300.jpg 225w, https:\/\/faidutti.com\/blog\/licornes\/wp-content\/uploads\/sites\/2\/2022\/03\/Bodleian-Library-MS-Douce-88_00055_fol-141r-768x1025.jpg 768w, https:\/\/faidutti.com\/blog\/licornes\/wp-content\/uploads\/sites\/2\/2022\/03\/Bodleian-Library-MS-Douce-88_00055_fol-141r-1151x1536.jpg 1151w, https:\/\/faidutti.com\/blog\/licornes\/wp-content\/uploads\/sites\/2\/2022\/03\/Bodleian-Library-MS-Douce-88_00055_fol-141r.jpg 1919w\" sizes=\"(max-width: 1535px) 100vw, 1535px\" \/><figcaption class=\"wp-block-jetpack-slideshow_caption gallery-caption\"><i>Vaticinia de summis pontificibus, d\u00e9but du XIVe si\u00e8cle. <\/i>Oxford, Bodleian Library, ms Douce 88, fol 141r.\n<\/figcaption><\/figure><\/li><li class=\"wp-block-jetpack-slideshow_slide swiper-slide\"><figure><img loading=\"lazy\" decoding=\"async\" width=\"534\" height=\"800\" alt=\"\" class=\"wp-block-jetpack-slideshow_image wp-image-7386\" data-id=\"7386\" src=\"https:\/\/faidutti.com\/blog\/licornes\/wp-content\/uploads\/sites\/2\/2022\/03\/Chalons-en-Champagne-BM-ms-68-fol-62v.jpg\" srcset=\"https:\/\/faidutti.com\/blog\/licornes\/wp-content\/uploads\/sites\/2\/2022\/03\/Chalons-en-Champagne-BM-ms-68-fol-62v.jpg 534w, https:\/\/faidutti.com\/blog\/licornes\/wp-content\/uploads\/sites\/2\/2022\/03\/Chalons-en-Champagne-BM-ms-68-fol-62v-200x300.jpg 200w\" sizes=\"(max-width: 534px) 100vw, 534px\" \/><figcaption class=\"wp-block-jetpack-slideshow_caption gallery-caption\"><i>Vaticinia de summis pontificibus, <\/i>XIVe si\u00e8cle. Chalons en Champagne, ms 68, fol 62v.<\/figcaption><\/figure><\/li><li class=\"wp-block-jetpack-slideshow_slide swiper-slide\"><figure><img loading=\"lazy\" decoding=\"async\" width=\"1406\" height=\"2048\" alt=\"\" class=\"wp-block-jetpack-slideshow_image wp-image-7382\" data-id=\"7382\" src=\"https:\/\/faidutti.com\/blog\/licornes\/wp-content\/uploads\/sites\/2\/2022\/03\/Lyon-ms-195-fol-19-vaticinia-de-summis-pontificibus-1406x2048.jpg\" srcset=\"https:\/\/faidutti.com\/blog\/licornes\/wp-content\/uploads\/sites\/2\/2022\/03\/Lyon-ms-195-fol-19-vaticinia-de-summis-pontificibus-1406x2048.jpg 1406w, https:\/\/faidutti.com\/blog\/licornes\/wp-content\/uploads\/sites\/2\/2022\/03\/Lyon-ms-195-fol-19-vaticinia-de-summis-pontificibus-206x300.jpg 206w, https:\/\/faidutti.com\/blog\/licornes\/wp-content\/uploads\/sites\/2\/2022\/03\/Lyon-ms-195-fol-19-vaticinia-de-summis-pontificibus-768x1118.jpg 768w, https:\/\/faidutti.com\/blog\/licornes\/wp-content\/uploads\/sites\/2\/2022\/03\/Lyon-ms-195-fol-19-vaticinia-de-summis-pontificibus-1055x1536.jpg 1055w, https:\/\/faidutti.com\/blog\/licornes\/wp-content\/uploads\/sites\/2\/2022\/03\/Lyon-ms-195-fol-19-vaticinia-de-summis-pontificibus.jpg 1758w\" sizes=\"(max-width: 1406px) 100vw, 1406px\" \/><figcaption class=\"wp-block-jetpack-slideshow_caption gallery-caption\"><i>Vaticinia de summis pontificibus, <\/i>XVe si\u00e8cle. Lyon, ms 195, fol 19r..<\/figcaption><\/figure><\/li><li class=\"wp-block-jetpack-slideshow_slide swiper-slide\"><figure><img loading=\"lazy\" decoding=\"async\" width=\"1559\" height=\"2048\" alt=\"\" class=\"wp-block-jetpack-slideshow_image wp-image-7374\" data-id=\"7374\" src=\"https:\/\/faidutti.com\/blog\/licornes\/wp-content\/uploads\/sites\/2\/2022\/03\/University-of-Chicago-Vaticinia-de-summis-pontificibus-vers-1440-1559x2048.jpg\" srcset=\"https:\/\/faidutti.com\/blog\/licornes\/wp-content\/uploads\/sites\/2\/2022\/03\/University-of-Chicago-Vaticinia-de-summis-pontificibus-vers-1440-1559x2048.jpg 1559w, https:\/\/faidutti.com\/blog\/licornes\/wp-content\/uploads\/sites\/2\/2022\/03\/University-of-Chicago-Vaticinia-de-summis-pontificibus-vers-1440-228x300.jpg 228w, https:\/\/faidutti.com\/blog\/licornes\/wp-content\/uploads\/sites\/2\/2022\/03\/University-of-Chicago-Vaticinia-de-summis-pontificibus-vers-1440-768x1009.jpg 768w, https:\/\/faidutti.com\/blog\/licornes\/wp-content\/uploads\/sites\/2\/2022\/03\/University-of-Chicago-Vaticinia-de-summis-pontificibus-vers-1440-1169x1536.jpg 1169w, https:\/\/faidutti.com\/blog\/licornes\/wp-content\/uploads\/sites\/2\/2022\/03\/University-of-Chicago-Vaticinia-de-summis-pontificibus-vers-1440.jpg 1949w\" sizes=\"(max-width: 1559px) 100vw, 1559px\" \/><figcaption class=\"wp-block-jetpack-slideshow_caption gallery-caption\"><i>Vaticinia de summis pontificibus, <\/i>circa 1440. University of Chicago.<\/figcaption><\/figure><\/li><li class=\"wp-block-jetpack-slideshow_slide swiper-slide\"><figure><img loading=\"lazy\" decoding=\"async\" width=\"1546\" height=\"2048\" alt=\"\" class=\"wp-block-jetpack-slideshow_image wp-image-7388\" data-id=\"7388\" src=\"https:\/\/faidutti.com\/blog\/licornes\/wp-content\/uploads\/sites\/2\/2022\/03\/Lyon-ms-189-Vaticinia-de-summis-pontificibus-1546x2048.jpg\" srcset=\"https:\/\/faidutti.com\/blog\/licornes\/wp-content\/uploads\/sites\/2\/2022\/03\/Lyon-ms-189-Vaticinia-de-summis-pontificibus-1546x2048.jpg 1546w, https:\/\/faidutti.com\/blog\/licornes\/wp-content\/uploads\/sites\/2\/2022\/03\/Lyon-ms-189-Vaticinia-de-summis-pontificibus-226x300.jpg 226w, https:\/\/faidutti.com\/blog\/licornes\/wp-content\/uploads\/sites\/2\/2022\/03\/Lyon-ms-189-Vaticinia-de-summis-pontificibus-768x1018.jpg 768w, https:\/\/faidutti.com\/blog\/licornes\/wp-content\/uploads\/sites\/2\/2022\/03\/Lyon-ms-189-Vaticinia-de-summis-pontificibus-1159x1536.jpg 1159w, https:\/\/faidutti.com\/blog\/licornes\/wp-content\/uploads\/sites\/2\/2022\/03\/Lyon-ms-189-Vaticinia-de-summis-pontificibus.jpg 1932w\" sizes=\"(max-width: 1546px) 100vw, 1546px\" \/><figcaption class=\"wp-block-jetpack-slideshow_caption gallery-caption\">Telesforo di Cosenza, <i>Chronicon imperatorum et pontificum, <\/i>XVe si\u00e8cle. Lyon, ms 189.<\/figcaption><\/figure><\/li><li class=\"wp-block-jetpack-slideshow_slide swiper-slide\"><figure><img loading=\"lazy\" decoding=\"async\" width=\"2048\" height=\"1759\" alt=\"\" class=\"wp-block-jetpack-slideshow_image wp-image-7392\" data-id=\"7392\" src=\"https:\/\/faidutti.com\/blog\/licornes\/wp-content\/uploads\/sites\/2\/2022\/03\/Modena-Biblioteca-Estense-ms-alfa-M-5.27-fol-69v-Telesforo-di-Cosenza-Chronicon-imperatorum-et-pontificum-circa-1450-2048x1759.jpg\" srcset=\"https:\/\/faidutti.com\/blog\/licornes\/wp-content\/uploads\/sites\/2\/2022\/03\/Modena-Biblioteca-Estense-ms-alfa-M-5.27-fol-69v-Telesforo-di-Cosenza-Chronicon-imperatorum-et-pontificum-circa-1450-2048x1759.jpg 2048w, https:\/\/faidutti.com\/blog\/licornes\/wp-content\/uploads\/sites\/2\/2022\/03\/Modena-Biblioteca-Estense-ms-alfa-M-5.27-fol-69v-Telesforo-di-Cosenza-Chronicon-imperatorum-et-pontificum-circa-1450-300x258.jpg 300w, https:\/\/faidutti.com\/blog\/licornes\/wp-content\/uploads\/sites\/2\/2022\/03\/Modena-Biblioteca-Estense-ms-alfa-M-5.27-fol-69v-Telesforo-di-Cosenza-Chronicon-imperatorum-et-pontificum-circa-1450-768x660.jpg 768w, https:\/\/faidutti.com\/blog\/licornes\/wp-content\/uploads\/sites\/2\/2022\/03\/Modena-Biblioteca-Estense-ms-alfa-M-5.27-fol-69v-Telesforo-di-Cosenza-Chronicon-imperatorum-et-pontificum-circa-1450-1536x1319.jpg 1536w, https:\/\/faidutti.com\/blog\/licornes\/wp-content\/uploads\/sites\/2\/2022\/03\/Modena-Biblioteca-Estense-ms-alfa-M-5.27-fol-69v-Telesforo-di-Cosenza-Chronicon-imperatorum-et-pontificum-circa-1450-349x300.jpg 349w\" sizes=\"(max-width: 2048px) 100vw, 2048px\" \/><figcaption class=\"wp-block-jetpack-slideshow_caption gallery-caption\">Telesforo di Cosenza, <i>Chronicon imperatorum et pontificum<\/i>, circa 1450. Mod\u00e8ne, Biblioteca Estense, ms alfa M-5.27, fol 69v.<\/figcaption><\/figure><\/li><li class=\"wp-block-jetpack-slideshow_slide swiper-slide\"><figure><img loading=\"lazy\" decoding=\"async\" width=\"1991\" height=\"1975\" alt=\"\" class=\"wp-block-jetpack-slideshow_image wp-image-7389\" data-id=\"7389\" src=\"https:\/\/faidutti.com\/blog\/licornes\/wp-content\/uploads\/sites\/2\/2022\/03\/Carpentras-ms-340-fol-9v-Vaticinia-de-summis-pontificibus.jpg\" srcset=\"https:\/\/faidutti.com\/blog\/licornes\/wp-content\/uploads\/sites\/2\/2022\/03\/Carpentras-ms-340-fol-9v-Vaticinia-de-summis-pontificibus.jpg 1991w, https:\/\/faidutti.com\/blog\/licornes\/wp-content\/uploads\/sites\/2\/2022\/03\/Carpentras-ms-340-fol-9v-Vaticinia-de-summis-pontificibus-300x298.jpg 300w, https:\/\/faidutti.com\/blog\/licornes\/wp-content\/uploads\/sites\/2\/2022\/03\/Carpentras-ms-340-fol-9v-Vaticinia-de-summis-pontificibus-150x150.jpg 150w, https:\/\/faidutti.com\/blog\/licornes\/wp-content\/uploads\/sites\/2\/2022\/03\/Carpentras-ms-340-fol-9v-Vaticinia-de-summis-pontificibus-768x762.jpg 768w, https:\/\/faidutti.com\/blog\/licornes\/wp-content\/uploads\/sites\/2\/2022\/03\/Carpentras-ms-340-fol-9v-Vaticinia-de-summis-pontificibus-1536x1524.jpg 1536w, https:\/\/faidutti.com\/blog\/licornes\/wp-content\/uploads\/sites\/2\/2022\/03\/Carpentras-ms-340-fol-9v-Vaticinia-de-summis-pontificibus-302x300.jpg 302w\" sizes=\"(max-width: 1991px) 100vw, 1991px\" \/><figcaption class=\"wp-block-jetpack-slideshow_caption gallery-caption\"><i>Vaticinia de summis pontificibus<\/i>, XVe si\u00e8cle. Carpentras, ms 340, fol 9v.<\/figcaption><\/figure><\/li><li class=\"wp-block-jetpack-slideshow_slide swiper-slide\"><figure><img loading=\"lazy\" decoding=\"async\" width=\"1412\" height=\"2048\" alt=\"\" class=\"wp-block-jetpack-slideshow_image wp-image-7393\" data-id=\"7393\" src=\"https:\/\/faidutti.com\/blog\/licornes\/wp-content\/uploads\/sites\/2\/2022\/03\/BN-ms-lat-2130-fol-10v-Vaticinia-de-summis-pontificibus-1412x2048.jpg\" srcset=\"https:\/\/faidutti.com\/blog\/licornes\/wp-content\/uploads\/sites\/2\/2022\/03\/BN-ms-lat-2130-fol-10v-Vaticinia-de-summis-pontificibus-1412x2048.jpg 1412w, https:\/\/faidutti.com\/blog\/licornes\/wp-content\/uploads\/sites\/2\/2022\/03\/BN-ms-lat-2130-fol-10v-Vaticinia-de-summis-pontificibus-207x300.jpg 207w, https:\/\/faidutti.com\/blog\/licornes\/wp-content\/uploads\/sites\/2\/2022\/03\/BN-ms-lat-2130-fol-10v-Vaticinia-de-summis-pontificibus-768x1114.jpg 768w, https:\/\/faidutti.com\/blog\/licornes\/wp-content\/uploads\/sites\/2\/2022\/03\/BN-ms-lat-2130-fol-10v-Vaticinia-de-summis-pontificibus-1059x1536.jpg 1059w, https:\/\/faidutti.com\/blog\/licornes\/wp-content\/uploads\/sites\/2\/2022\/03\/BN-ms-lat-2130-fol-10v-Vaticinia-de-summis-pontificibus.jpg 1765w\" sizes=\"(max-width: 1412px) 100vw, 1412px\" \/><figcaption class=\"wp-block-jetpack-slideshow_caption gallery-caption\"><i>Vaticinia de summis pontificibus, <\/i>circa 1500. BNF, NAL 2130, fol 10v.<\/figcaption><\/figure><\/li><li class=\"wp-block-jetpack-slideshow_slide swiper-slide\"><figure><img loading=\"lazy\" decoding=\"async\" width=\"1458\" height=\"2048\" alt=\"\" class=\"wp-block-jetpack-slideshow_image wp-image-7391\" data-id=\"7391\" src=\"https:\/\/faidutti.com\/blog\/licornes\/wp-content\/uploads\/sites\/2\/2022\/03\/BAVat-cod-Chigi-A-VIII-220-fol-10v-1458x2048.jpg\" srcset=\"https:\/\/faidutti.com\/blog\/licornes\/wp-content\/uploads\/sites\/2\/2022\/03\/BAVat-cod-Chigi-A-VIII-220-fol-10v-1458x2048.jpg 1458w, https:\/\/faidutti.com\/blog\/licornes\/wp-content\/uploads\/sites\/2\/2022\/03\/BAVat-cod-Chigi-A-VIII-220-fol-10v-214x300.jpg 214w, https:\/\/faidutti.com\/blog\/licornes\/wp-content\/uploads\/sites\/2\/2022\/03\/BAVat-cod-Chigi-A-VIII-220-fol-10v-768x1079.jpg 768w, https:\/\/faidutti.com\/blog\/licornes\/wp-content\/uploads\/sites\/2\/2022\/03\/BAVat-cod-Chigi-A-VIII-220-fol-10v-1093x1536.jpg 1093w, https:\/\/faidutti.com\/blog\/licornes\/wp-content\/uploads\/sites\/2\/2022\/03\/BAVat-cod-Chigi-A-VIII-220-fol-10v.jpg 1822w\" sizes=\"(max-width: 1458px) 100vw, 1458px\" \/><figcaption class=\"wp-block-jetpack-slideshow_caption gallery-caption\"><i>Vaticinia de summis pontificibus, <\/i>circa 1500. Biblioth\u00e8que du Vatican, cod Chig A VII &#8211; 220, fol 10v.<\/figcaption><\/figure><\/li><li class=\"wp-block-jetpack-slideshow_slide swiper-slide\"><figure><img loading=\"lazy\" decoding=\"async\" width=\"1978\" height=\"2048\" alt=\"\" class=\"wp-block-jetpack-slideshow_image wp-image-7381\" data-id=\"7381\" src=\"https:\/\/faidutti.com\/blog\/licornes\/wp-content\/uploads\/sites\/2\/2022\/03\/BL-Harley-1340-fol-9v-Vaticinia-de-Pontificibus-Gregoire-XII-detail-1978x2048.jpg\" srcset=\"https:\/\/faidutti.com\/blog\/licornes\/wp-content\/uploads\/sites\/2\/2022\/03\/BL-Harley-1340-fol-9v-Vaticinia-de-Pontificibus-Gregoire-XII-detail-1978x2048.jpg 1978w, https:\/\/faidutti.com\/blog\/licornes\/wp-content\/uploads\/sites\/2\/2022\/03\/BL-Harley-1340-fol-9v-Vaticinia-de-Pontificibus-Gregoire-XII-detail-290x300.jpg 290w, https:\/\/faidutti.com\/blog\/licornes\/wp-content\/uploads\/sites\/2\/2022\/03\/BL-Harley-1340-fol-9v-Vaticinia-de-Pontificibus-Gregoire-XII-detail-768x795.jpg 768w, https:\/\/faidutti.com\/blog\/licornes\/wp-content\/uploads\/sites\/2\/2022\/03\/BL-Harley-1340-fol-9v-Vaticinia-de-Pontificibus-Gregoire-XII-detail-1483x1536.jpg 1483w\" sizes=\"(max-width: 1978px) 100vw, 1978px\" \/><figcaption class=\"wp-block-jetpack-slideshow_caption gallery-caption\"><i>Vaticinia de Pontificibus<\/i>, circa 1430. British Library, Harley ms 1340, fol 9v.<\/figcaption><\/figure><\/li><li class=\"wp-block-jetpack-slideshow_slide swiper-slide\"><figure><img loading=\"lazy\" decoding=\"async\" width=\"1504\" height=\"2048\" alt=\"\" class=\"wp-block-jetpack-slideshow_image wp-image-7376\" data-id=\"7376\" src=\"https:\/\/faidutti.com\/blog\/licornes\/wp-content\/uploads\/sites\/2\/2022\/03\/BN-ms-lat-10834-fol-8r-Vaticinia-de-summis-pontificibus-1504x2048.jpg\" srcset=\"https:\/\/faidutti.com\/blog\/licornes\/wp-content\/uploads\/sites\/2\/2022\/03\/BN-ms-lat-10834-fol-8r-Vaticinia-de-summis-pontificibus-1504x2048.jpg 1504w, https:\/\/faidutti.com\/blog\/licornes\/wp-content\/uploads\/sites\/2\/2022\/03\/BN-ms-lat-10834-fol-8r-Vaticinia-de-summis-pontificibus-220x300.jpg 220w, https:\/\/faidutti.com\/blog\/licornes\/wp-content\/uploads\/sites\/2\/2022\/03\/BN-ms-lat-10834-fol-8r-Vaticinia-de-summis-pontificibus-768x1046.jpg 768w, https:\/\/faidutti.com\/blog\/licornes\/wp-content\/uploads\/sites\/2\/2022\/03\/BN-ms-lat-10834-fol-8r-Vaticinia-de-summis-pontificibus-1128x1536.jpg 1128w, https:\/\/faidutti.com\/blog\/licornes\/wp-content\/uploads\/sites\/2\/2022\/03\/BN-ms-lat-10834-fol-8r-Vaticinia-de-summis-pontificibus.jpg 1880w\" sizes=\"(max-width: 1504px) 100vw, 1504px\" \/><figcaption class=\"wp-block-jetpack-slideshow_caption gallery-caption\"><i>Vaticinia de summis pontificibus, <\/i>XVe si\u00e8cle. BNF, ms lat 10384, fol 8r.<\/figcaption><\/figure><\/li><li class=\"wp-block-jetpack-slideshow_slide swiper-slide\"><figure><img loading=\"lazy\" decoding=\"async\" width=\"1520\" height=\"2048\" alt=\"\" class=\"wp-block-jetpack-slideshow_image wp-image-7390\" data-id=\"7390\" src=\"https:\/\/faidutti.com\/blog\/licornes\/wp-content\/uploads\/sites\/2\/2022\/03\/Propheties-papales-Basel-Universitatsbibliothek-E-I-4a-e-codices_ubb-E-I-0004a_0558r-1520x2048.jpg\" srcset=\"https:\/\/faidutti.com\/blog\/licornes\/wp-content\/uploads\/sites\/2\/2022\/03\/Propheties-papales-Basel-Universitatsbibliothek-E-I-4a-e-codices_ubb-E-I-0004a_0558r-1520x2048.jpg 1520w, https:\/\/faidutti.com\/blog\/licornes\/wp-content\/uploads\/sites\/2\/2022\/03\/Propheties-papales-Basel-Universitatsbibliothek-E-I-4a-e-codices_ubb-E-I-0004a_0558r-223x300.jpg 223w, https:\/\/faidutti.com\/blog\/licornes\/wp-content\/uploads\/sites\/2\/2022\/03\/Propheties-papales-Basel-Universitatsbibliothek-E-I-4a-e-codices_ubb-E-I-0004a_0558r-768x1035.jpg 768w, https:\/\/faidutti.com\/blog\/licornes\/wp-content\/uploads\/sites\/2\/2022\/03\/Propheties-papales-Basel-Universitatsbibliothek-E-I-4a-e-codices_ubb-E-I-0004a_0558r-1140x1536.jpg 1140w, https:\/\/faidutti.com\/blog\/licornes\/wp-content\/uploads\/sites\/2\/2022\/03\/Propheties-papales-Basel-Universitatsbibliothek-E-I-4a-e-codices_ubb-E-I-0004a_0558r.jpg 1900w\" sizes=\"(max-width: 1520px) 100vw, 1520px\" \/><figcaption class=\"wp-block-jetpack-slideshow_caption gallery-caption\"><i>Vaticinia de summis pontificibus, <\/i>XVe si\u00e8cle. B\u00e2le, UB, cod E 1 4a, fol 558r.<\/figcaption><\/figure><\/li><li class=\"wp-block-jetpack-slideshow_slide swiper-slide\"><figure><img loading=\"lazy\" decoding=\"async\" width=\"1054\" height=\"1477\" alt=\"\" class=\"wp-block-jetpack-slideshow_image wp-image-7380\" data-id=\"7380\" src=\"https:\/\/faidutti.com\/blog\/licornes\/wp-content\/uploads\/sites\/2\/2022\/03\/Vaticinia-siue-Prophetiae-abbatis-Joachimi-Anselmi-episcopi-Marsicani-1589.jpg\" srcset=\"https:\/\/faidutti.com\/blog\/licornes\/wp-content\/uploads\/sites\/2\/2022\/03\/Vaticinia-siue-Prophetiae-abbatis-Joachimi-Anselmi-episcopi-Marsicani-1589.jpg 1054w, https:\/\/faidutti.com\/blog\/licornes\/wp-content\/uploads\/sites\/2\/2022\/03\/Vaticinia-siue-Prophetiae-abbatis-Joachimi-Anselmi-episcopi-Marsicani-1589-214x300.jpg 214w, https:\/\/faidutti.com\/blog\/licornes\/wp-content\/uploads\/sites\/2\/2022\/03\/Vaticinia-siue-Prophetiae-abbatis-Joachimi-Anselmi-episcopi-Marsicani-1589-768x1076.jpg 768w\" sizes=\"(max-width: 1054px) 100vw, 1054px\" \/><figcaption class=\"wp-block-jetpack-slideshow_caption gallery-caption\"><i>Vaticinia siue Prophetiae abbatis Joachimi Anselmi episcopi Marsicani,<\/i>1589<\/figcaption><\/figure><\/li><li class=\"wp-block-jetpack-slideshow_slide swiper-slide\"><figure><img loading=\"lazy\" decoding=\"async\" width=\"1184\" height=\"2048\" alt=\"\" class=\"wp-block-jetpack-slideshow_image wp-image-7373\" data-id=\"7373\" src=\"https:\/\/faidutti.com\/blog\/licornes\/wp-content\/uploads\/sites\/2\/2022\/03\/Huser_Papal8-1184x2048.jpg\" srcset=\"https:\/\/faidutti.com\/blog\/licornes\/wp-content\/uploads\/sites\/2\/2022\/03\/Huser_Papal8-1184x2048.jpg 1184w, https:\/\/faidutti.com\/blog\/licornes\/wp-content\/uploads\/sites\/2\/2022\/03\/Huser_Papal8-173x300.jpg 173w, https:\/\/faidutti.com\/blog\/licornes\/wp-content\/uploads\/sites\/2\/2022\/03\/Huser_Papal8-768x1329.jpg 768w, https:\/\/faidutti.com\/blog\/licornes\/wp-content\/uploads\/sites\/2\/2022\/03\/Huser_Papal8-888x1536.jpg 888w, https:\/\/faidutti.com\/blog\/licornes\/wp-content\/uploads\/sites\/2\/2022\/03\/Huser_Papal8.jpg 1400w\" sizes=\"(max-width: 1184px) 100vw, 1184px\" \/><figcaption class=\"wp-block-jetpack-slideshow_caption gallery-caption\">\u0152uvres compl\u00e8tes de Parcelse \u00e9dit\u00e9es par Johannes Huser, 1589.<\/figcaption><\/figure><\/li><li class=\"wp-block-jetpack-slideshow_slide swiper-slide\"><figure><img loading=\"lazy\" decoding=\"async\" width=\"1118\" height=\"1408\" alt=\"\" class=\"wp-block-jetpack-slideshow_image wp-image-7372\" data-id=\"7372\" src=\"https:\/\/faidutti.com\/blog\/licornes\/wp-content\/uploads\/sites\/2\/2022\/03\/Practica-der-Pfaffen.jpg\" srcset=\"https:\/\/faidutti.com\/blog\/licornes\/wp-content\/uploads\/sites\/2\/2022\/03\/Practica-der-Pfaffen.jpg 1118w, https:\/\/faidutti.com\/blog\/licornes\/wp-content\/uploads\/sites\/2\/2022\/03\/Practica-der-Pfaffen-238x300.jpg 238w, https:\/\/faidutti.com\/blog\/licornes\/wp-content\/uploads\/sites\/2\/2022\/03\/Practica-der-Pfaffen-768x967.jpg 768w\" sizes=\"(max-width: 1118px) 100vw, 1118px\" \/><figcaption class=\"wp-block-jetpack-slideshow_caption gallery-caption\"><i>Practica der Pfaffen : Anfangk vnd aussgank des gantzen Bapstumbs : mit interessanten satyr, <\/i>1538.<\/figcaption><\/figure><\/li><li class=\"wp-block-jetpack-slideshow_slide swiper-slide\"><figure><img loading=\"lazy\" decoding=\"async\" width=\"1150\" height=\"1221\" alt=\"\" class=\"wp-block-jetpack-slideshow_image wp-image-7375\" data-id=\"7375\" src=\"https:\/\/faidutti.com\/blog\/licornes\/wp-content\/uploads\/sites\/2\/2022\/03\/Lazarus_Papal6.jpg\" srcset=\"https:\/\/faidutti.com\/blog\/licornes\/wp-content\/uploads\/sites\/2\/2022\/03\/Lazarus_Papal6.jpg 1150w, https:\/\/faidutti.com\/blog\/licornes\/wp-content\/uploads\/sites\/2\/2022\/03\/Lazarus_Papal6-283x300.jpg 283w, https:\/\/faidutti.com\/blog\/licornes\/wp-content\/uploads\/sites\/2\/2022\/03\/Lazarus_Papal6-768x815.jpg 768w\" sizes=\"(max-width: 1150px) 100vw, 1150px\" \/><figcaption class=\"wp-block-jetpack-slideshow_caption gallery-caption\">\u0152uvres compl\u00e8tes de Parcelse \u00e9dit\u00e9es par Lazarus Zetzner, 1616<\/figcaption><\/figure><\/li><li class=\"wp-block-jetpack-slideshow_slide swiper-slide\"><figure><img loading=\"lazy\" decoding=\"async\" width=\"1192\" height=\"1802\" alt=\"\" class=\"wp-block-jetpack-slideshow_image wp-image-7383\" data-id=\"7383\" src=\"https:\/\/faidutti.com\/blog\/licornes\/wp-content\/uploads\/sites\/2\/2022\/03\/A-Nunnes-Prophesie.jpg\" srcset=\"https:\/\/faidutti.com\/blog\/licornes\/wp-content\/uploads\/sites\/2\/2022\/03\/A-Nunnes-Prophesie.jpg 1192w, https:\/\/faidutti.com\/blog\/licornes\/wp-content\/uploads\/sites\/2\/2022\/03\/A-Nunnes-Prophesie-198x300.jpg 198w, https:\/\/faidutti.com\/blog\/licornes\/wp-content\/uploads\/sites\/2\/2022\/03\/A-Nunnes-Prophesie-768x1161.jpg 768w, https:\/\/faidutti.com\/blog\/licornes\/wp-content\/uploads\/sites\/2\/2022\/03\/A-Nunnes-Prophesie-1016x1536.jpg 1016w\" sizes=\"(max-width: 1192px) 100vw, 1192px\" \/><\/figure><\/li><\/ul><a class=\"wp-block-jetpack-slideshow_button-prev swiper-button-prev swiper-button-white\" role=\"button\"><\/a><a class=\"wp-block-jetpack-slideshow_button-next swiper-button-next swiper-button-white\" role=\"button\"><\/a><a aria-label=\"Pause Slideshow\" class=\"wp-block-jetpack-slideshow_button-pause\" role=\"button\"><\/a><div class=\"wp-block-jetpack-slideshow_pagination swiper-pagination swiper-pagination-white\"><\/div><\/div><\/div>\n\n\n\n<p>Une autre s\u00e9ries de proph\u00e9ties, peut-\u00eatre un peu plus anciennes,et venues du monde grec, celles de L\u00e9on le Sage. Les manuscrits parvenus jusqu&#8217;\u00e0 nous sont moins nombreux, et la sc\u00e8ne moins amusante. Parfois, comme dans le manuscrit de Carpentras, les copistes ont regroup\u00e9 les deux s\u00e9ries.<\/p>\n\n\n\n<div class=\"wp-block-jetpack-slideshow aligncenter\" data-effect=\"slide\"><div class=\"wp-block-jetpack-slideshow_container swiper-container\"><ul class=\"wp-block-jetpack-slideshow_swiper-wrapper swiper-wrapper\"><li class=\"wp-block-jetpack-slideshow_slide swiper-slide\"><figure><img loading=\"lazy\" decoding=\"async\" width=\"800\" height=\"1106\" alt=\"\" class=\"wp-block-jetpack-slideshow_image wp-image-8557\" data-id=\"8557\" src=\"https:\/\/faidutti.com\/blog\/licornes\/wp-content\/uploads\/sites\/2\/2022\/03\/Palermo-ms-I-E-8-papal-prophecies.jpg\" srcset=\"https:\/\/faidutti.com\/blog\/licornes\/wp-content\/uploads\/sites\/2\/2022\/03\/Palermo-ms-I-E-8-papal-prophecies.jpg 800w, https:\/\/faidutti.com\/blog\/licornes\/wp-content\/uploads\/sites\/2\/2022\/03\/Palermo-ms-I-E-8-papal-prophecies-217x300.jpg 217w, https:\/\/faidutti.com\/blog\/licornes\/wp-content\/uploads\/sites\/2\/2022\/03\/Palermo-ms-I-E-8-papal-prophecies-768x1062.jpg 768w\" sizes=\"(max-width: 800px) 100vw, 800px\" \/><figcaption class=\"wp-block-jetpack-slideshow_caption gallery-caption\"><i>Proph\u00e9ties de Leo le sage<\/i>, manuscrit grec, circa 1570. Biblioth\u00e8que de Palerme, ms I E 8.<\/figcaption><\/figure><\/li><li class=\"wp-block-jetpack-slideshow_slide swiper-slide\"><figure><img loading=\"lazy\" decoding=\"async\" width=\"1403\" height=\"2048\" alt=\"\" class=\"wp-block-jetpack-slideshow_image wp-image-7367\" data-id=\"7367\" src=\"https:\/\/faidutti.com\/blog\/licornes\/wp-content\/uploads\/sites\/2\/2022\/03\/Propheties-de-Leon-le-sage-Bodleian-Library-MS-Barocci-145-fol-082v-1403x2048.jpg\" srcset=\"https:\/\/faidutti.com\/blog\/licornes\/wp-content\/uploads\/sites\/2\/2022\/03\/Propheties-de-Leon-le-sage-Bodleian-Library-MS-Barocci-145-fol-082v-1403x2048.jpg 1403w, https:\/\/faidutti.com\/blog\/licornes\/wp-content\/uploads\/sites\/2\/2022\/03\/Propheties-de-Leon-le-sage-Bodleian-Library-MS-Barocci-145-fol-082v-206x300.jpg 206w, https:\/\/faidutti.com\/blog\/licornes\/wp-content\/uploads\/sites\/2\/2022\/03\/Propheties-de-Leon-le-sage-Bodleian-Library-MS-Barocci-145-fol-082v-768x1121.jpg 768w, https:\/\/faidutti.com\/blog\/licornes\/wp-content\/uploads\/sites\/2\/2022\/03\/Propheties-de-Leon-le-sage-Bodleian-Library-MS-Barocci-145-fol-082v-1052x1536.jpg 1052w, https:\/\/faidutti.com\/blog\/licornes\/wp-content\/uploads\/sites\/2\/2022\/03\/Propheties-de-Leon-le-sage-Bodleian-Library-MS-Barocci-145-fol-082v.jpg 1754w\" sizes=\"(max-width: 1403px) 100vw, 1403px\" \/><figcaption class=\"wp-block-jetpack-slideshow_caption gallery-caption\"><i>Recueil de proph\u00e9ties<\/i>, circa 1500. Oxford, Bodleian Library, ms Barocci 145, fol 82v.<\/figcaption><\/figure><\/li><li class=\"wp-block-jetpack-slideshow_slide swiper-slide\"><figure><img loading=\"lazy\" decoding=\"async\" width=\"1453\" height=\"2048\" alt=\"\" class=\"wp-block-jetpack-slideshow_image wp-image-7366\" data-id=\"7366\" src=\"https:\/\/faidutti.com\/blog\/licornes\/wp-content\/uploads\/sites\/2\/2022\/03\/Propheties-de-Leon-le-sage-Bodleian-Library-MS-Barocci-145_00504_fol-246v-1453x2048.jpg\" srcset=\"https:\/\/faidutti.com\/blog\/licornes\/wp-content\/uploads\/sites\/2\/2022\/03\/Propheties-de-Leon-le-sage-Bodleian-Library-MS-Barocci-145_00504_fol-246v-1453x2048.jpg 1453w, https:\/\/faidutti.com\/blog\/licornes\/wp-content\/uploads\/sites\/2\/2022\/03\/Propheties-de-Leon-le-sage-Bodleian-Library-MS-Barocci-145_00504_fol-246v-213x300.jpg 213w, https:\/\/faidutti.com\/blog\/licornes\/wp-content\/uploads\/sites\/2\/2022\/03\/Propheties-de-Leon-le-sage-Bodleian-Library-MS-Barocci-145_00504_fol-246v-768x1083.jpg 768w, https:\/\/faidutti.com\/blog\/licornes\/wp-content\/uploads\/sites\/2\/2022\/03\/Propheties-de-Leon-le-sage-Bodleian-Library-MS-Barocci-145_00504_fol-246v-1090x1536.jpg 1090w, https:\/\/faidutti.com\/blog\/licornes\/wp-content\/uploads\/sites\/2\/2022\/03\/Propheties-de-Leon-le-sage-Bodleian-Library-MS-Barocci-145_00504_fol-246v.jpg 1816w\" sizes=\"(max-width: 1453px) 100vw, 1453px\" \/><figcaption class=\"wp-block-jetpack-slideshow_caption gallery-caption\">Fol 246v.<\/figcaption><\/figure><\/li><li class=\"wp-block-jetpack-slideshow_slide swiper-slide\"><figure><img loading=\"lazy\" decoding=\"async\" width=\"1615\" height=\"2048\" alt=\"\" class=\"wp-block-jetpack-slideshow_image wp-image-7368\" data-id=\"7368\" src=\"https:\/\/faidutti.com\/blog\/licornes\/wp-content\/uploads\/sites\/2\/2022\/03\/Propheties-de-Leon-le-sage-Bodleian-Library-MS-Barocci-145_00511_fol-250r-1615x2048.jpg\" srcset=\"https:\/\/faidutti.com\/blog\/licornes\/wp-content\/uploads\/sites\/2\/2022\/03\/Propheties-de-Leon-le-sage-Bodleian-Library-MS-Barocci-145_00511_fol-250r-1615x2048.jpg 1615w, https:\/\/faidutti.com\/blog\/licornes\/wp-content\/uploads\/sites\/2\/2022\/03\/Propheties-de-Leon-le-sage-Bodleian-Library-MS-Barocci-145_00511_fol-250r-237x300.jpg 237w, https:\/\/faidutti.com\/blog\/licornes\/wp-content\/uploads\/sites\/2\/2022\/03\/Propheties-de-Leon-le-sage-Bodleian-Library-MS-Barocci-145_00511_fol-250r-768x974.jpg 768w, https:\/\/faidutti.com\/blog\/licornes\/wp-content\/uploads\/sites\/2\/2022\/03\/Propheties-de-Leon-le-sage-Bodleian-Library-MS-Barocci-145_00511_fol-250r-1211x1536.jpg 1211w, https:\/\/faidutti.com\/blog\/licornes\/wp-content\/uploads\/sites\/2\/2022\/03\/Propheties-de-Leon-le-sage-Bodleian-Library-MS-Barocci-145_00511_fol-250r.jpg 2019w\" sizes=\"(max-width: 1615px) 100vw, 1615px\" \/><figcaption class=\"wp-block-jetpack-slideshow_caption gallery-caption\">fol 250r.<\/figcaption><\/figure><\/li><li class=\"wp-block-jetpack-slideshow_slide swiper-slide\"><figure><img loading=\"lazy\" decoding=\"async\" width=\"1466\" height=\"2048\" alt=\"\" class=\"wp-block-jetpack-slideshow_image wp-image-7365\" data-id=\"7365\" src=\"https:\/\/faidutti.com\/blog\/licornes\/wp-content\/uploads\/sites\/2\/2022\/03\/Staatsbibliothek-Berlin-ms-Graec-fol-62-fol-7r-1466x2048.jpg\" srcset=\"https:\/\/faidutti.com\/blog\/licornes\/wp-content\/uploads\/sites\/2\/2022\/03\/Staatsbibliothek-Berlin-ms-Graec-fol-62-fol-7r-1466x2048.jpg 1466w, https:\/\/faidutti.com\/blog\/licornes\/wp-content\/uploads\/sites\/2\/2022\/03\/Staatsbibliothek-Berlin-ms-Graec-fol-62-fol-7r-215x300.jpg 215w, https:\/\/faidutti.com\/blog\/licornes\/wp-content\/uploads\/sites\/2\/2022\/03\/Staatsbibliothek-Berlin-ms-Graec-fol-62-fol-7r-768x1073.jpg 768w, https:\/\/faidutti.com\/blog\/licornes\/wp-content\/uploads\/sites\/2\/2022\/03\/Staatsbibliothek-Berlin-ms-Graec-fol-62-fol-7r-1100x1536.jpg 1100w, https:\/\/faidutti.com\/blog\/licornes\/wp-content\/uploads\/sites\/2\/2022\/03\/Staatsbibliothek-Berlin-ms-Graec-fol-62-fol-7r.jpg 1833w\" sizes=\"(max-width: 1466px) 100vw, 1466px\" \/><figcaption class=\"wp-block-jetpack-slideshow_caption gallery-caption\"><i>Commentaires des oracles de L\u00e9on le sage<\/i>, XVIe si\u00e8cle. Staatsbibliothek Berlin, ms Graec fol 62, fol 7r.<\/figcaption><\/figure><\/li><li class=\"wp-block-jetpack-slideshow_slide swiper-slide\"><figure><img loading=\"lazy\" decoding=\"async\" width=\"1466\" height=\"2048\" alt=\"\" class=\"wp-block-jetpack-slideshow_image wp-image-7369\" data-id=\"7369\" src=\"https:\/\/faidutti.com\/blog\/licornes\/wp-content\/uploads\/sites\/2\/2022\/03\/Staatsbibliothek-Berlin-ms-Graec-fol-62-fol-9r-1466x2048.jpg\" srcset=\"https:\/\/faidutti.com\/blog\/licornes\/wp-content\/uploads\/sites\/2\/2022\/03\/Staatsbibliothek-Berlin-ms-Graec-fol-62-fol-9r-1466x2048.jpg 1466w, https:\/\/faidutti.com\/blog\/licornes\/wp-content\/uploads\/sites\/2\/2022\/03\/Staatsbibliothek-Berlin-ms-Graec-fol-62-fol-9r-215x300.jpg 215w, https:\/\/faidutti.com\/blog\/licornes\/wp-content\/uploads\/sites\/2\/2022\/03\/Staatsbibliothek-Berlin-ms-Graec-fol-62-fol-9r-768x1073.jpg 768w, https:\/\/faidutti.com\/blog\/licornes\/wp-content\/uploads\/sites\/2\/2022\/03\/Staatsbibliothek-Berlin-ms-Graec-fol-62-fol-9r-1100x1536.jpg 1100w, https:\/\/faidutti.com\/blog\/licornes\/wp-content\/uploads\/sites\/2\/2022\/03\/Staatsbibliothek-Berlin-ms-Graec-fol-62-fol-9r.jpg 1833w\" sizes=\"(max-width: 1466px) 100vw, 1466px\" \/><figcaption class=\"wp-block-jetpack-slideshow_caption gallery-caption\">fol 9r.<\/figcaption><\/figure><\/li><li class=\"wp-block-jetpack-slideshow_slide swiper-slide\"><figure><img loading=\"lazy\" decoding=\"async\" width=\"1522\" height=\"2048\" alt=\"\" class=\"wp-block-jetpack-slideshow_image wp-image-7418\" data-id=\"7418\" src=\"https:\/\/faidutti.com\/blog\/licornes\/wp-content\/uploads\/sites\/2\/2022\/03\/Carpentras-ms-340-fol-62v-1522x2048.jpg\" srcset=\"https:\/\/faidutti.com\/blog\/licornes\/wp-content\/uploads\/sites\/2\/2022\/03\/Carpentras-ms-340-fol-62v-1522x2048.jpg 1522w, https:\/\/faidutti.com\/blog\/licornes\/wp-content\/uploads\/sites\/2\/2022\/03\/Carpentras-ms-340-fol-62v-223x300.jpg 223w, https:\/\/faidutti.com\/blog\/licornes\/wp-content\/uploads\/sites\/2\/2022\/03\/Carpentras-ms-340-fol-62v-768x1034.jpg 768w, https:\/\/faidutti.com\/blog\/licornes\/wp-content\/uploads\/sites\/2\/2022\/03\/Carpentras-ms-340-fol-62v-1141x1536.jpg 1141w, https:\/\/faidutti.com\/blog\/licornes\/wp-content\/uploads\/sites\/2\/2022\/03\/Carpentras-ms-340-fol-62v.jpg 1902w\" sizes=\"(max-width: 1522px) 100vw, 1522px\" \/><figcaption class=\"wp-block-jetpack-slideshow_caption gallery-caption\"><i>Oracles de L\u00e9on le sage, XVe si\u00e8cle<\/i>. Carpentras, ms 340, fol 9v.<\/figcaption><\/figure><\/li><li class=\"wp-block-jetpack-slideshow_slide swiper-slide\"><figure><img loading=\"lazy\" decoding=\"async\" width=\"1394\" height=\"2048\" alt=\"\" class=\"wp-block-jetpack-slideshow_image wp-image-7371\" data-id=\"7371\" src=\"https:\/\/faidutti.com\/blog\/licornes\/wp-content\/uploads\/sites\/2\/2022\/03\/Francois-Eudes-de-Mezeray-LHistoire-de-la-decadence-de-lEmpire-grec-et-establissement-de-celuy-des-Turcs-1650-a-1394x2048.jpg\" srcset=\"https:\/\/faidutti.com\/blog\/licornes\/wp-content\/uploads\/sites\/2\/2022\/03\/Francois-Eudes-de-Mezeray-LHistoire-de-la-decadence-de-lEmpire-grec-et-establissement-de-celuy-des-Turcs-1650-a-1394x2048.jpg 1394w, https:\/\/faidutti.com\/blog\/licornes\/wp-content\/uploads\/sites\/2\/2022\/03\/Francois-Eudes-de-Mezeray-LHistoire-de-la-decadence-de-lEmpire-grec-et-establissement-de-celuy-des-Turcs-1650-a-204x300.jpg 204w, https:\/\/faidutti.com\/blog\/licornes\/wp-content\/uploads\/sites\/2\/2022\/03\/Francois-Eudes-de-Mezeray-LHistoire-de-la-decadence-de-lEmpire-grec-et-establissement-de-celuy-des-Turcs-1650-a-768x1128.jpg 768w, https:\/\/faidutti.com\/blog\/licornes\/wp-content\/uploads\/sites\/2\/2022\/03\/Francois-Eudes-de-Mezeray-LHistoire-de-la-decadence-de-lEmpire-grec-et-establissement-de-celuy-des-Turcs-1650-a-1046x1536.jpg 1046w, https:\/\/faidutti.com\/blog\/licornes\/wp-content\/uploads\/sites\/2\/2022\/03\/Francois-Eudes-de-Mezeray-LHistoire-de-la-decadence-de-lEmpire-grec-et-establissement-de-celuy-des-Turcs-1650-a.jpg 1743w\" sizes=\"(max-width: 1394px) 100vw, 1394px\" \/><figcaption class=\"wp-block-jetpack-slideshow_caption gallery-caption\">Franc\u0327ois Eudes de Mezeray, <i>L&#8217;Histoire de la d\u00e9cadence de l&#8217;Empire grec et establissement de celuy des Turcs,<\/i> 1650.<\/figcaption><\/figure><\/li><li class=\"wp-block-jetpack-slideshow_slide swiper-slide\"><figure><img loading=\"lazy\" decoding=\"async\" width=\"1398\" height=\"2048\" alt=\"\" class=\"wp-block-jetpack-slideshow_image wp-image-7370\" data-id=\"7370\" src=\"https:\/\/faidutti.com\/blog\/licornes\/wp-content\/uploads\/sites\/2\/2022\/03\/Francois-Eudes-de-Mezeray-LHistoire-de-la-decadence-de-lEmpire-grec-et-establissement-de-celuy-des-Turcs-1650-b-1398x2048.jpg\" srcset=\"https:\/\/faidutti.com\/blog\/licornes\/wp-content\/uploads\/sites\/2\/2022\/03\/Francois-Eudes-de-Mezeray-LHistoire-de-la-decadence-de-lEmpire-grec-et-establissement-de-celuy-des-Turcs-1650-b-1398x2048.jpg 1398w, https:\/\/faidutti.com\/blog\/licornes\/wp-content\/uploads\/sites\/2\/2022\/03\/Francois-Eudes-de-Mezeray-LHistoire-de-la-decadence-de-lEmpire-grec-et-establissement-de-celuy-des-Turcs-1650-b-205x300.jpg 205w, https:\/\/faidutti.com\/blog\/licornes\/wp-content\/uploads\/sites\/2\/2022\/03\/Francois-Eudes-de-Mezeray-LHistoire-de-la-decadence-de-lEmpire-grec-et-establissement-de-celuy-des-Turcs-1650-b-768x1125.jpg 768w, https:\/\/faidutti.com\/blog\/licornes\/wp-content\/uploads\/sites\/2\/2022\/03\/Francois-Eudes-de-Mezeray-LHistoire-de-la-decadence-de-lEmpire-grec-et-establissement-de-celuy-des-Turcs-1650-b-1049x1536.jpg 1049w, https:\/\/faidutti.com\/blog\/licornes\/wp-content\/uploads\/sites\/2\/2022\/03\/Francois-Eudes-de-Mezeray-LHistoire-de-la-decadence-de-lEmpire-grec-et-establissement-de-celuy-des-Turcs-1650-b.jpg 1748w\" sizes=\"(max-width: 1398px) 100vw, 1398px\" \/><\/figure><\/li><\/ul><a class=\"wp-block-jetpack-slideshow_button-prev swiper-button-prev swiper-button-white\" role=\"button\"><\/a><a class=\"wp-block-jetpack-slideshow_button-next swiper-button-next swiper-button-white\" role=\"button\"><\/a><a aria-label=\"Pause Slideshow\" class=\"wp-block-jetpack-slideshow_button-pause\" role=\"button\"><\/a><div class=\"wp-block-jetpack-slideshow_pagination swiper-pagination swiper-pagination-white\"><\/div><\/div><\/div>\n\n\n\n<p>Quelques images de <em>Lossbuch<\/em>, petits trait\u00e9s de pr\u00e9dictions beaucoup utilis\u00e9s en Allemagne, dont quelques uns avec de jolies volvelles &#8211; j&#8217;explique dans mon livre le principe de la licorne volvelle.<\/p>\n\n\n\n<div class=\"wp-block-jetpack-slideshow aligncenter\" data-effect=\"slide\"><div class=\"wp-block-jetpack-slideshow_container swiper-container\"><ul class=\"wp-block-jetpack-slideshow_swiper-wrapper swiper-wrapper\"><li class=\"wp-block-jetpack-slideshow_slide swiper-slide\"><figure><img loading=\"lazy\" decoding=\"async\" width=\"1482\" height=\"2048\" alt=\"\" class=\"wp-block-jetpack-slideshow_image wp-image-7363\" data-id=\"7363\" src=\"https:\/\/faidutti.com\/blog\/licornes\/wp-content\/uploads\/sites\/2\/2022\/03\/BSB-cgm-312-fol-7v-Losbuch-1482x2048.jpg\" srcset=\"https:\/\/faidutti.com\/blog\/licornes\/wp-content\/uploads\/sites\/2\/2022\/03\/BSB-cgm-312-fol-7v-Losbuch-1482x2048.jpg 1482w, https:\/\/faidutti.com\/blog\/licornes\/wp-content\/uploads\/sites\/2\/2022\/03\/BSB-cgm-312-fol-7v-Losbuch-217x300.jpg 217w, https:\/\/faidutti.com\/blog\/licornes\/wp-content\/uploads\/sites\/2\/2022\/03\/BSB-cgm-312-fol-7v-Losbuch-768x1062.jpg 768w, https:\/\/faidutti.com\/blog\/licornes\/wp-content\/uploads\/sites\/2\/2022\/03\/BSB-cgm-312-fol-7v-Losbuch-1111x1536.jpg 1111w, https:\/\/faidutti.com\/blog\/licornes\/wp-content\/uploads\/sites\/2\/2022\/03\/BSB-cgm-312-fol-7v-Losbuch.jpg 1852w\" sizes=\"(max-width: 1482px) 100vw, 1482px\" \/><figcaption class=\"wp-block-jetpack-slideshow_caption gallery-caption\"><i>Lossbuch<\/i> manuscrit, circa 1460. Munich, BSB, Cgm 312, fol 7v.\n<\/figcaption><\/figure><\/li><li class=\"wp-block-jetpack-slideshow_slide swiper-slide\"><figure><img loading=\"lazy\" decoding=\"async\" width=\"1498\" height=\"2048\" alt=\"\" class=\"wp-block-jetpack-slideshow_image wp-image-7360\" data-id=\"7360\" src=\"https:\/\/faidutti.com\/blog\/licornes\/wp-content\/uploads\/sites\/2\/2022\/03\/BSB-cgm-312-fol-112v-Losbuch-1498x2048.jpg\" srcset=\"https:\/\/faidutti.com\/blog\/licornes\/wp-content\/uploads\/sites\/2\/2022\/03\/BSB-cgm-312-fol-112v-Losbuch-1498x2048.jpg 1498w, https:\/\/faidutti.com\/blog\/licornes\/wp-content\/uploads\/sites\/2\/2022\/03\/BSB-cgm-312-fol-112v-Losbuch-219x300.jpg 219w, https:\/\/faidutti.com\/blog\/licornes\/wp-content\/uploads\/sites\/2\/2022\/03\/BSB-cgm-312-fol-112v-Losbuch-768x1050.jpg 768w, https:\/\/faidutti.com\/blog\/licornes\/wp-content\/uploads\/sites\/2\/2022\/03\/BSB-cgm-312-fol-112v-Losbuch-1124x1536.jpg 1124w, https:\/\/faidutti.com\/blog\/licornes\/wp-content\/uploads\/sites\/2\/2022\/03\/BSB-cgm-312-fol-112v-Losbuch.jpg 1873w\" sizes=\"(max-width: 1498px) 100vw, 1498px\" \/><figcaption class=\"wp-block-jetpack-slideshow_caption gallery-caption\">Fol 112 v.<\/figcaption><\/figure><\/li><li class=\"wp-block-jetpack-slideshow_slide swiper-slide\"><figure><img loading=\"lazy\" decoding=\"async\" width=\"1482\" height=\"2048\" alt=\"\" class=\"wp-block-jetpack-slideshow_image wp-image-7361\" data-id=\"7361\" src=\"https:\/\/faidutti.com\/blog\/licornes\/wp-content\/uploads\/sites\/2\/2022\/03\/BSB-Cgm-312-fol-98v-Losbuch-Queen-Morin-1482x2048.jpg\" srcset=\"https:\/\/faidutti.com\/blog\/licornes\/wp-content\/uploads\/sites\/2\/2022\/03\/BSB-Cgm-312-fol-98v-Losbuch-Queen-Morin-1482x2048.jpg 1482w, https:\/\/faidutti.com\/blog\/licornes\/wp-content\/uploads\/sites\/2\/2022\/03\/BSB-Cgm-312-fol-98v-Losbuch-Queen-Morin-217x300.jpg 217w, https:\/\/faidutti.com\/blog\/licornes\/wp-content\/uploads\/sites\/2\/2022\/03\/BSB-Cgm-312-fol-98v-Losbuch-Queen-Morin-768x1062.jpg 768w, https:\/\/faidutti.com\/blog\/licornes\/wp-content\/uploads\/sites\/2\/2022\/03\/BSB-Cgm-312-fol-98v-Losbuch-Queen-Morin-1111x1536.jpg 1111w, https:\/\/faidutti.com\/blog\/licornes\/wp-content\/uploads\/sites\/2\/2022\/03\/BSB-Cgm-312-fol-98v-Losbuch-Queen-Morin.jpg 1852w\" sizes=\"(max-width: 1482px) 100vw, 1482px\" \/><figcaption class=\"wp-block-jetpack-slideshow_caption gallery-caption\"><i>Lossbuch<\/i> manuscrit, circa 1460. Munich, BSB, Cgm 312, fol 98v.<\/figcaption><\/figure><\/li><li class=\"wp-block-jetpack-slideshow_slide swiper-slide\"><figure><img loading=\"lazy\" decoding=\"async\" width=\"1472\" height=\"2048\" alt=\"\" class=\"wp-block-jetpack-slideshow_image wp-image-7364\" data-id=\"7364\" src=\"https:\/\/faidutti.com\/blog\/licornes\/wp-content\/uploads\/sites\/2\/2022\/03\/Losbuch-ed.-martin-Flach-1485-fol-5r-1472x2048.jpg\" srcset=\"https:\/\/faidutti.com\/blog\/licornes\/wp-content\/uploads\/sites\/2\/2022\/03\/Losbuch-ed.-martin-Flach-1485-fol-5r-1472x2048.jpg 1472w, https:\/\/faidutti.com\/blog\/licornes\/wp-content\/uploads\/sites\/2\/2022\/03\/Losbuch-ed.-martin-Flach-1485-fol-5r-216x300.jpg 216w, https:\/\/faidutti.com\/blog\/licornes\/wp-content\/uploads\/sites\/2\/2022\/03\/Losbuch-ed.-martin-Flach-1485-fol-5r-768x1069.jpg 768w, https:\/\/faidutti.com\/blog\/licornes\/wp-content\/uploads\/sites\/2\/2022\/03\/Losbuch-ed.-martin-Flach-1485-fol-5r-1104x1536.jpg 1104w, https:\/\/faidutti.com\/blog\/licornes\/wp-content\/uploads\/sites\/2\/2022\/03\/Losbuch-ed.-martin-Flach-1485-fol-5r.jpg 1729w\" sizes=\"(max-width: 1472px) 100vw, 1472px\" \/><figcaption class=\"wp-block-jetpack-slideshow_caption gallery-caption\"><i>Lossbuch<\/i>, ed. Martin Flach, 1485.<\/figcaption><\/figure><\/li><li class=\"wp-block-jetpack-slideshow_slide swiper-slide\"><figure><img loading=\"lazy\" decoding=\"async\" width=\"1453\" height=\"2048\" alt=\"\" class=\"wp-block-jetpack-slideshow_image wp-image-7359\" data-id=\"7359\" src=\"https:\/\/faidutti.com\/blog\/licornes\/wp-content\/uploads\/sites\/2\/2022\/03\/Kartenlossbuch-Strasbourg-1543-1453x2048.jpg\" srcset=\"https:\/\/faidutti.com\/blog\/licornes\/wp-content\/uploads\/sites\/2\/2022\/03\/Kartenlossbuch-Strasbourg-1543-1453x2048.jpg 1453w, https:\/\/faidutti.com\/blog\/licornes\/wp-content\/uploads\/sites\/2\/2022\/03\/Kartenlossbuch-Strasbourg-1543-213x300.jpg 213w, https:\/\/faidutti.com\/blog\/licornes\/wp-content\/uploads\/sites\/2\/2022\/03\/Kartenlossbuch-Strasbourg-1543-768x1083.jpg 768w, https:\/\/faidutti.com\/blog\/licornes\/wp-content\/uploads\/sites\/2\/2022\/03\/Kartenlossbuch-Strasbourg-1543-1090x1536.jpg 1090w, https:\/\/faidutti.com\/blog\/licornes\/wp-content\/uploads\/sites\/2\/2022\/03\/Kartenlossbuch-Strasbourg-1543.jpg 1816w\" sizes=\"(max-width: 1453px) 100vw, 1453px\" \/><figcaption class=\"wp-block-jetpack-slideshow_caption gallery-caption\">Volvelle \u00e0 la licorne, <i>Kartenlossbuch, <\/i>Strasbourg, 1543.<\/figcaption><\/figure><\/li><li class=\"wp-block-jetpack-slideshow_slide swiper-slide\"><figure><img loading=\"lazy\" decoding=\"async\" width=\"1554\" height=\"2048\" alt=\"\" class=\"wp-block-jetpack-slideshow_image wp-image-7362\" data-id=\"7362\" src=\"https:\/\/faidutti.com\/blog\/licornes\/wp-content\/uploads\/sites\/2\/2022\/03\/Kurtzweil.-Was-sthont-jr-hie-vns-zuugaffen-an-Es-gieng-jeder-wol-seine-ban-Packet-sich-mit-ehrn-heym-in-sein-haus-Ehe-wir-jm-den-buben-filtzten-aus-1543-1554x2048.jpg\" srcset=\"https:\/\/faidutti.com\/blog\/licornes\/wp-content\/uploads\/sites\/2\/2022\/03\/Kurtzweil.-Was-sthont-jr-hie-vns-zuugaffen-an-Es-gieng-jeder-wol-seine-ban-Packet-sich-mit-ehrn-heym-in-sein-haus-Ehe-wir-jm-den-buben-filtzten-aus-1543-1554x2048.jpg 1554w, https:\/\/faidutti.com\/blog\/licornes\/wp-content\/uploads\/sites\/2\/2022\/03\/Kurtzweil.-Was-sthont-jr-hie-vns-zuugaffen-an-Es-gieng-jeder-wol-seine-ban-Packet-sich-mit-ehrn-heym-in-sein-haus-Ehe-wir-jm-den-buben-filtzten-aus-1543-228x300.jpg 228w, https:\/\/faidutti.com\/blog\/licornes\/wp-content\/uploads\/sites\/2\/2022\/03\/Kurtzweil.-Was-sthont-jr-hie-vns-zuugaffen-an-Es-gieng-jeder-wol-seine-ban-Packet-sich-mit-ehrn-heym-in-sein-haus-Ehe-wir-jm-den-buben-filtzten-aus-1543-768x1012.jpg 768w, https:\/\/faidutti.com\/blog\/licornes\/wp-content\/uploads\/sites\/2\/2022\/03\/Kurtzweil.-Was-sthont-jr-hie-vns-zuugaffen-an-Es-gieng-jeder-wol-seine-ban-Packet-sich-mit-ehrn-heym-in-sein-haus-Ehe-wir-jm-den-buben-filtzten-aus-1543-1166x1536.jpg 1166w, https:\/\/faidutti.com\/blog\/licornes\/wp-content\/uploads\/sites\/2\/2022\/03\/Kurtzweil.-Was-sthont-jr-hie-vns-zuugaffen-an-Es-gieng-jeder-wol-seine-ban-Packet-sich-mit-ehrn-heym-in-sein-haus-Ehe-wir-jm-den-buben-filtzten-aus-1543.jpg 1646w\" sizes=\"(max-width: 1554px) 100vw, 1554px\" \/><figcaption class=\"wp-block-jetpack-slideshow_caption gallery-caption\">Une autre volvelle \u00e0 la licorne. Lossbuch, 1543.<\/figcaption><\/figure><\/li><li class=\"wp-block-jetpack-slideshow_slide swiper-slide\"><figure><img loading=\"lazy\" decoding=\"async\" width=\"1193\" height=\"2048\" alt=\"\" class=\"wp-block-jetpack-slideshow_image wp-image-8176\" data-id=\"8176\" src=\"https:\/\/faidutti.com\/blog\/licornes\/wp-content\/uploads\/sites\/2\/2022\/03\/Jorg-Wickram-Loos-oder-Dreh-Buchlein-1671--1193x2048.jpg\" srcset=\"https:\/\/faidutti.com\/blog\/licornes\/wp-content\/uploads\/sites\/2\/2022\/03\/Jorg-Wickram-Loos-oder-Dreh-Buchlein-1671--1193x2048.jpg 1193w, https:\/\/faidutti.com\/blog\/licornes\/wp-content\/uploads\/sites\/2\/2022\/03\/Jorg-Wickram-Loos-oder-Dreh-Buchlein-1671--175x300.jpg 175w, https:\/\/faidutti.com\/blog\/licornes\/wp-content\/uploads\/sites\/2\/2022\/03\/Jorg-Wickram-Loos-oder-Dreh-Buchlein-1671--768x1318.jpg 768w, https:\/\/faidutti.com\/blog\/licornes\/wp-content\/uploads\/sites\/2\/2022\/03\/Jorg-Wickram-Loos-oder-Dreh-Buchlein-1671--895x1536.jpg 895w, https:\/\/faidutti.com\/blog\/licornes\/wp-content\/uploads\/sites\/2\/2022\/03\/Jorg-Wickram-Loos-oder-Dreh-Buchlein-1671--scaled.jpg 1491w\" sizes=\"(max-width: 1193px) 100vw, 1193px\" \/><figcaption class=\"wp-block-jetpack-slideshow_caption gallery-caption\">J\u00f6rg Wickram, <i>Loos oder Dreh Buchlein<\/i>, 1671.<\/figcaption><\/figure><\/li><\/ul><a class=\"wp-block-jetpack-slideshow_button-prev swiper-button-prev swiper-button-white\" role=\"button\"><\/a><a class=\"wp-block-jetpack-slideshow_button-next swiper-button-next swiper-button-white\" role=\"button\"><\/a><a aria-label=\"Pause Slideshow\" class=\"wp-block-jetpack-slideshow_button-pause\" role=\"button\"><\/a><div class=\"wp-block-jetpack-slideshow_pagination swiper-pagination swiper-pagination-white\"><\/div><\/div><\/div>\n\n\n\n<p>Et sur le m\u00eame principe, <em>le Passetemps de la fortune des dez<\/em> de Lorenzo Spirito, dont certaines \u00e9ditions grouillent de licornes, souvent accompagnant la vierge.<\/p>\n\n\n\n<div class=\"wp-block-jetpack-slideshow aligncenter\" data-effect=\"slide\"><div class=\"wp-block-jetpack-slideshow_container swiper-container\"><ul class=\"wp-block-jetpack-slideshow_swiper-wrapper swiper-wrapper\"><li class=\"wp-block-jetpack-slideshow_slide swiper-slide\"><figure><img loading=\"lazy\" decoding=\"async\" width=\"1263\" height=\"1817\" alt=\"\" class=\"wp-block-jetpack-slideshow_image wp-image-7358\" data-id=\"7358\" src=\"https:\/\/faidutti.com\/blog\/licornes\/wp-content\/uploads\/sites\/2\/2022\/03\/Lorenzo-Spirito-Libro-del-juego-de-las-suertes-1515-c-1.jpg\" srcset=\"https:\/\/faidutti.com\/blog\/licornes\/wp-content\/uploads\/sites\/2\/2022\/03\/Lorenzo-Spirito-Libro-del-juego-de-las-suertes-1515-c-1.jpg 1263w, https:\/\/faidutti.com\/blog\/licornes\/wp-content\/uploads\/sites\/2\/2022\/03\/Lorenzo-Spirito-Libro-del-juego-de-las-suertes-1515-c-1-209x300.jpg 209w, https:\/\/faidutti.com\/blog\/licornes\/wp-content\/uploads\/sites\/2\/2022\/03\/Lorenzo-Spirito-Libro-del-juego-de-las-suertes-1515-c-1-768x1105.jpg 768w, https:\/\/faidutti.com\/blog\/licornes\/wp-content\/uploads\/sites\/2\/2022\/03\/Lorenzo-Spirito-Libro-del-juego-de-las-suertes-1515-c-1-1068x1536.jpg 1068w\" sizes=\"(max-width: 1263px) 100vw, 1263px\" \/><figcaption class=\"wp-block-jetpack-slideshow_caption gallery-caption\">Lorenzo Spirito, <i>Libro del juego de las suertes<\/i>, 1515.<\/figcaption><\/figure><\/li><li class=\"wp-block-jetpack-slideshow_slide swiper-slide\"><figure><img loading=\"lazy\" decoding=\"async\" width=\"1294\" height=\"1819\" alt=\"\" class=\"wp-block-jetpack-slideshow_image wp-image-7357\" data-id=\"7357\" src=\"https:\/\/faidutti.com\/blog\/licornes\/wp-content\/uploads\/sites\/2\/2022\/03\/Lorenzo-Spirito-Libro-del-juego-de-las-suertes-1515-b-1.jpg\" srcset=\"https:\/\/faidutti.com\/blog\/licornes\/wp-content\/uploads\/sites\/2\/2022\/03\/Lorenzo-Spirito-Libro-del-juego-de-las-suertes-1515-b-1.jpg 1294w, https:\/\/faidutti.com\/blog\/licornes\/wp-content\/uploads\/sites\/2\/2022\/03\/Lorenzo-Spirito-Libro-del-juego-de-las-suertes-1515-b-1-213x300.jpg 213w, https:\/\/faidutti.com\/blog\/licornes\/wp-content\/uploads\/sites\/2\/2022\/03\/Lorenzo-Spirito-Libro-del-juego-de-las-suertes-1515-b-1-768x1080.jpg 768w, https:\/\/faidutti.com\/blog\/licornes\/wp-content\/uploads\/sites\/2\/2022\/03\/Lorenzo-Spirito-Libro-del-juego-de-las-suertes-1515-b-1-1093x1536.jpg 1093w\" sizes=\"(max-width: 1294px) 100vw, 1294px\" \/><\/figure><\/li><li class=\"wp-block-jetpack-slideshow_slide swiper-slide\"><figure><img loading=\"lazy\" decoding=\"async\" width=\"1311\" height=\"1819\" alt=\"\" class=\"wp-block-jetpack-slideshow_image wp-image-7356\" data-id=\"7356\" src=\"https:\/\/faidutti.com\/blog\/licornes\/wp-content\/uploads\/sites\/2\/2022\/03\/Lorenzo-Spirito-Libro-del-juego-de-las-suertes-1515-a.jpg\" srcset=\"https:\/\/faidutti.com\/blog\/licornes\/wp-content\/uploads\/sites\/2\/2022\/03\/Lorenzo-Spirito-Libro-del-juego-de-las-suertes-1515-a.jpg 1311w, https:\/\/faidutti.com\/blog\/licornes\/wp-content\/uploads\/sites\/2\/2022\/03\/Lorenzo-Spirito-Libro-del-juego-de-las-suertes-1515-a-216x300.jpg 216w, https:\/\/faidutti.com\/blog\/licornes\/wp-content\/uploads\/sites\/2\/2022\/03\/Lorenzo-Spirito-Libro-del-juego-de-las-suertes-1515-a-768x1066.jpg 768w, https:\/\/faidutti.com\/blog\/licornes\/wp-content\/uploads\/sites\/2\/2022\/03\/Lorenzo-Spirito-Libro-del-juego-de-las-suertes-1515-a-1107x1536.jpg 1107w\" sizes=\"(max-width: 1311px) 100vw, 1311px\" \/><\/figure><\/li><li class=\"wp-block-jetpack-slideshow_slide swiper-slide\"><figure><img loading=\"lazy\" decoding=\"async\" width=\"1285\" height=\"1817\" alt=\"\" class=\"wp-block-jetpack-slideshow_image wp-image-7355\" data-id=\"7355\" src=\"https:\/\/faidutti.com\/blog\/licornes\/wp-content\/uploads\/sites\/2\/2022\/03\/Lorenzo-Spirito-Libro-del-juego-de-las-suertes-1515-d.jpg\" srcset=\"https:\/\/faidutti.com\/blog\/licornes\/wp-content\/uploads\/sites\/2\/2022\/03\/Lorenzo-Spirito-Libro-del-juego-de-las-suertes-1515-d.jpg 1285w, https:\/\/faidutti.com\/blog\/licornes\/wp-content\/uploads\/sites\/2\/2022\/03\/Lorenzo-Spirito-Libro-del-juego-de-las-suertes-1515-d-212x300.jpg 212w, https:\/\/faidutti.com\/blog\/licornes\/wp-content\/uploads\/sites\/2\/2022\/03\/Lorenzo-Spirito-Libro-del-juego-de-las-suertes-1515-d-768x1086.jpg 768w, https:\/\/faidutti.com\/blog\/licornes\/wp-content\/uploads\/sites\/2\/2022\/03\/Lorenzo-Spirito-Libro-del-juego-de-las-suertes-1515-d-1086x1536.jpg 1086w\" sizes=\"(max-width: 1285px) 100vw, 1285px\" \/><\/figure><\/li><li class=\"wp-block-jetpack-slideshow_slide swiper-slide\"><figure><img loading=\"lazy\" decoding=\"async\" width=\"1647\" height=\"2048\" alt=\"\" class=\"wp-block-jetpack-slideshow_image wp-image-7354\" data-id=\"7354\" src=\"https:\/\/faidutti.com\/blog\/licornes\/wp-content\/uploads\/sites\/2\/2022\/03\/Lorenzo-Spirito-Le-passetemps-de-la-fortvne-des-dez-1593-1647x2048.jpg\" srcset=\"https:\/\/faidutti.com\/blog\/licornes\/wp-content\/uploads\/sites\/2\/2022\/03\/Lorenzo-Spirito-Le-passetemps-de-la-fortvne-des-dez-1593-1647x2048.jpg 1647w, https:\/\/faidutti.com\/blog\/licornes\/wp-content\/uploads\/sites\/2\/2022\/03\/Lorenzo-Spirito-Le-passetemps-de-la-fortvne-des-dez-1593-241x300.jpg 241w, https:\/\/faidutti.com\/blog\/licornes\/wp-content\/uploads\/sites\/2\/2022\/03\/Lorenzo-Spirito-Le-passetemps-de-la-fortvne-des-dez-1593-768x955.jpg 768w, https:\/\/faidutti.com\/blog\/licornes\/wp-content\/uploads\/sites\/2\/2022\/03\/Lorenzo-Spirito-Le-passetemps-de-la-fortvne-des-dez-1593-1235x1536.jpg 1235w\" sizes=\"(max-width: 1647px) 100vw, 1647px\" \/><figcaption class=\"wp-block-jetpack-slideshow_caption gallery-caption\">Lorenzo Spirito, <i>Le passetemps de la fortvne des dez<\/i>, 1593.<\/figcaption><\/figure><\/li><\/ul><a class=\"wp-block-jetpack-slideshow_button-prev swiper-button-prev swiper-button-white\" role=\"button\"><\/a><a class=\"wp-block-jetpack-slideshow_button-next swiper-button-next swiper-button-white\" role=\"button\"><\/a><a aria-label=\"Pause Slideshow\" class=\"wp-block-jetpack-slideshow_button-pause\" role=\"button\"><\/a><div class=\"wp-block-jetpack-slideshow_pagination swiper-pagination swiper-pagination-white\"><\/div><\/div><\/div>\n\n\n\n<p>Le capricorne a traditionnellement deux cornes, mais quelques enlumineurs ont pens\u00e9 qu&#8217;il serait plus classe avec une seule. \u00c0 partir du XVIe si\u00e8cle, la vierge zodiacale, comme celle des Annonciations et Passions m\u00e9di\u00e9vales, est parfois aussi accompagn\u00e9e d&#8217;une licorne. J&#8217;aurais pu vous mettre les jolies images ici, mais elles sont d\u00e9j\u00e0 dans mon post consacr\u00e9 aux<a href=\"https:\/\/faidutti.com\/blog\/licornes\/2021\/10\/25\/licornes-de-la-lune-et-des-etoiles\/\" data-type=\"post\" data-id=\"2781\"> licornes de la lune et des \u00e9toiles<\/a>.<\/p>\n","protected":false},"excerpt":{"rendered":"<p>Faute de place, on n&#8217;a pu mettre dans mon livre qu&#8217;une image du songe de Child\u00e9ric et une des proph\u00e9ties papales, mais pas d&#8217;horoscope m\u00e9di\u00e9val, alors qu&#8217;ils sont assez amusants. Voici donc quelques autres images de licornes horoscopiques, astrologiques ou &hellip; <a href=\"https:\/\/faidutti.com\/blog\/licornes\/2022\/09\/26\/la-licorne-connait-lavenir\/\">Continue reading <span class=\"meta-nav\">&rarr;<\/span><\/a><\/p>\n","protected":false},"author":2,"featured_media":7348,"comment_status":"open","ping_status":"open","sticky":false,"template":"","format":"standard","meta":{"_jetpack_memberships_contains_paid_content":false,"footnotes":""},"categories":[2],"tags":[],"class_list":["post-7426","post","type-post","status-publish","format-standard","has-post-thumbnail","hentry","category-images-et-symboles"],"jetpack_featured_media_url":"https:\/\/faidutti.com\/blog\/licornes\/wp-content\/uploads\/sites\/2\/2022\/03\/Heidelberger-Schicksalbuch-Universitat-Bibliothek-Heidelberg-cod-Palm-germ-832-fol-80v.jpg","jetpack_sharing_enabled":true,"_links":{"self":[{"href":"https:\/\/faidutti.com\/blog\/licornes\/wp-json\/wp\/v2\/posts\/7426","targetHints":{"allow":["GET"]}}],"collection":[{"href":"https:\/\/faidutti.com\/blog\/licornes\/wp-json\/wp\/v2\/posts"}],"about":[{"href":"https:\/\/faidutti.com\/blog\/licornes\/wp-json\/wp\/v2\/types\/post"}],"author":[{"embeddable":true,"href":"https:\/\/faidutti.com\/blog\/licornes\/wp-json\/wp\/v2\/users\/2"}],"replies":[{"embeddable":true,"href":"https:\/\/faidutti.com\/blog\/licornes\/wp-json\/wp\/v2\/comments?post=7426"}],"version-history":[{"count":11,"href":"https:\/\/faidutti.com\/blog\/licornes\/wp-json\/wp\/v2\/posts\/7426\/revisions"}],"predecessor-version":[{"id":8558,"href":"https:\/\/faidutti.com\/blog\/licornes\/wp-json\/wp\/v2\/posts\/7426\/revisions\/8558"}],"wp:featuredmedia":[{"embeddable":true,"href":"https:\/\/faidutti.com\/blog\/licornes\/wp-json\/wp\/v2\/media\/7348"}],"wp:attachment":[{"href":"https:\/\/faidutti.com\/blog\/licornes\/wp-json\/wp\/v2\/media?parent=7426"}],"wp:term":[{"taxonomy":"category","embeddable":true,"href":"https:\/\/faidutti.com\/blog\/licornes\/wp-json\/wp\/v2\/categories?post=7426"},{"taxonomy":"post_tag","embeddable":true,"href":"https:\/\/faidutti.com\/blog\/licornes\/wp-json\/wp\/v2\/tags?post=7426"}],"curies":[{"name":"wp","href":"https:\/\/api.w.org\/{rel}","templated":true}]}}