{"id":6321,"date":"2022-07-04T12:37:40","date_gmt":"2022-07-04T12:37:40","guid":{"rendered":"https:\/\/faidutti.com\/blog\/licornes\/?p=6321"},"modified":"2023-01-02T09:02:01","modified_gmt":"2023-01-02T09:02:01","slug":"%f0%9f%93%96-fables-et-contes","status":"publish","type":"post","link":"https:\/\/faidutti.com\/blog\/licornes\/2022\/07\/04\/%f0%9f%93%96-fables-et-contes\/","title":{"rendered":"\ud83d\udcd6 Fables et contes"},"content":{"rendered":"\n<p class=\"has-bordeaux-color has-text-color\"><strong>Un peu comme pour les bestiaires, j&#8217;avais beaucoup d&#8217;images qui n&#8217;ont bien s\u00fbr pas toutes trouv\u00e9 place dans mon livre. Voici donc quelques miniatures, et de nombreuses gravures, ou apparait la licorne.<\/strong><\/p>\n\n\n\n<figure class=\"wp-block-image size-full\"><img loading=\"lazy\" decoding=\"async\" width=\"1453\" height=\"1050\" src=\"https:\/\/faidutti.com\/blog\/licornes\/wp-content\/uploads\/sites\/2\/2022\/03\/Le-sermon-de-Renard-peinture-murale-circa-1550-Musee-de-Navarre-Pampelune.jpg\" alt=\"\" class=\"wp-image-7938\" srcset=\"https:\/\/faidutti.com\/blog\/licornes\/wp-content\/uploads\/sites\/2\/2022\/03\/Le-sermon-de-Renard-peinture-murale-circa-1550-Musee-de-Navarre-Pampelune.jpg 1453w, https:\/\/faidutti.com\/blog\/licornes\/wp-content\/uploads\/sites\/2\/2022\/03\/Le-sermon-de-Renard-peinture-murale-circa-1550-Musee-de-Navarre-Pampelune-300x217.jpg 300w, https:\/\/faidutti.com\/blog\/licornes\/wp-content\/uploads\/sites\/2\/2022\/03\/Le-sermon-de-Renard-peinture-murale-circa-1550-Musee-de-Navarre-Pampelune-768x555.jpg 768w, https:\/\/faidutti.com\/blog\/licornes\/wp-content\/uploads\/sites\/2\/2022\/03\/Le-sermon-de-Renard-peinture-murale-circa-1550-Musee-de-Navarre-Pampelune-415x300.jpg 415w\" sizes=\"auto, (max-width: 1453px) 100vw, 1453px\" \/><figcaption class=\"wp-element-caption\"><em>Le sermon de Renart,<\/em> Peinture murale, circa 1550, Mus\u00e9e de Navarre, Pampelune.<\/figcaption><\/figure>\n\n\n\n<div class=\"wp-block-jetpack-slideshow aligncenter\" data-effect=\"slide\"><div class=\"wp-block-jetpack-slideshow_container swiper-container\"><ul class=\"wp-block-jetpack-slideshow_swiper-wrapper swiper-wrapper\"><li class=\"wp-block-jetpack-slideshow_slide swiper-slide\"><figure><img loading=\"lazy\" decoding=\"async\" width=\"1633\" height=\"1052\" alt=\"\" class=\"wp-block-jetpack-slideshow_image wp-image-6282\" data-id=\"6282\" src=\"https:\/\/faidutti.com\/blog\/licornes\/wp-content\/uploads\/sites\/2\/2022\/03\/1430-Pottenstein-Berlin-Staatsbibliothek-ms-Germ-fol-459-fol-109v-Pottenstein-Speculum-Sapientiae.jpg\" srcset=\"https:\/\/faidutti.com\/blog\/licornes\/wp-content\/uploads\/sites\/2\/2022\/03\/1430-Pottenstein-Berlin-Staatsbibliothek-ms-Germ-fol-459-fol-109v-Pottenstein-Speculum-Sapientiae.jpg 1633w, https:\/\/faidutti.com\/blog\/licornes\/wp-content\/uploads\/sites\/2\/2022\/03\/1430-Pottenstein-Berlin-Staatsbibliothek-ms-Germ-fol-459-fol-109v-Pottenstein-Speculum-Sapientiae-300x193.jpg 300w, https:\/\/faidutti.com\/blog\/licornes\/wp-content\/uploads\/sites\/2\/2022\/03\/1430-Pottenstein-Berlin-Staatsbibliothek-ms-Germ-fol-459-fol-109v-Pottenstein-Speculum-Sapientiae-768x495.jpg 768w, https:\/\/faidutti.com\/blog\/licornes\/wp-content\/uploads\/sites\/2\/2022\/03\/1430-Pottenstein-Berlin-Staatsbibliothek-ms-Germ-fol-459-fol-109v-Pottenstein-Speculum-Sapientiae-1536x990.jpg 1536w, https:\/\/faidutti.com\/blog\/licornes\/wp-content\/uploads\/sites\/2\/2022\/03\/1430-Pottenstein-Berlin-Staatsbibliothek-ms-Germ-fol-459-fol-109v-Pottenstein-Speculum-Sapientiae-466x300.jpg 466w\" sizes=\"(max-width: 1633px) 100vw, 1633px\" \/><figcaption class=\"wp-block-jetpack-slideshow_caption gallery-caption\"><i>Le corbeau et la licorne,<\/i>\nUlrich von Pottenstein, <i>Spiegel der Wyszheit,<\/i> circa 1430.<br \/>\nBerlin, Staatsbibliothek, ms Germ fol 459, fol 109v.\n<\/figcaption><\/figure><\/li><li class=\"wp-block-jetpack-slideshow_slide swiper-slide\"><figure><img loading=\"lazy\" decoding=\"async\" width=\"1984\" height=\"2048\" alt=\"\" class=\"wp-block-jetpack-slideshow_image wp-image-6283\" data-id=\"6283\" src=\"https:\/\/faidutti.com\/blog\/licornes\/wp-content\/uploads\/sites\/2\/2022\/03\/1430-Pottenstein-BL-Egerton-ms-1121-fol-69r-Pottenstein-1984x2048.jpg\" srcset=\"https:\/\/faidutti.com\/blog\/licornes\/wp-content\/uploads\/sites\/2\/2022\/03\/1430-Pottenstein-BL-Egerton-ms-1121-fol-69r-Pottenstein-1984x2048.jpg 1984w, https:\/\/faidutti.com\/blog\/licornes\/wp-content\/uploads\/sites\/2\/2022\/03\/1430-Pottenstein-BL-Egerton-ms-1121-fol-69r-Pottenstein-291x300.jpg 291w, https:\/\/faidutti.com\/blog\/licornes\/wp-content\/uploads\/sites\/2\/2022\/03\/1430-Pottenstein-BL-Egerton-ms-1121-fol-69r-Pottenstein-768x793.jpg 768w, https:\/\/faidutti.com\/blog\/licornes\/wp-content\/uploads\/sites\/2\/2022\/03\/1430-Pottenstein-BL-Egerton-ms-1121-fol-69r-Pottenstein-1488x1536.jpg 1488w\" sizes=\"(max-width: 1984px) 100vw, 1984px\" \/><figcaption class=\"wp-block-jetpack-slideshow_caption gallery-caption\">Ulrich von Pottenstein, <i>Spiegel der Wyszheit, <\/i>circa 1430.\nBritish Library, Egerton ms 1121, fol 69r\n<\/figcaption><\/figure><\/li><li class=\"wp-block-jetpack-slideshow_slide swiper-slide\"><figure><img loading=\"lazy\" decoding=\"async\" width=\"1635\" height=\"1519\" alt=\"\" class=\"wp-block-jetpack-slideshow_image wp-image-6284\" data-id=\"6284\" src=\"https:\/\/faidutti.com\/blog\/licornes\/wp-content\/uploads\/sites\/2\/2022\/03\/1430-Pottenstein-BSB-cgm-254-Pottenstein-circa-1430.jpg\" srcset=\"https:\/\/faidutti.com\/blog\/licornes\/wp-content\/uploads\/sites\/2\/2022\/03\/1430-Pottenstein-BSB-cgm-254-Pottenstein-circa-1430.jpg 1635w, https:\/\/faidutti.com\/blog\/licornes\/wp-content\/uploads\/sites\/2\/2022\/03\/1430-Pottenstein-BSB-cgm-254-Pottenstein-circa-1430-300x279.jpg 300w, https:\/\/faidutti.com\/blog\/licornes\/wp-content\/uploads\/sites\/2\/2022\/03\/1430-Pottenstein-BSB-cgm-254-Pottenstein-circa-1430-768x714.jpg 768w, https:\/\/faidutti.com\/blog\/licornes\/wp-content\/uploads\/sites\/2\/2022\/03\/1430-Pottenstein-BSB-cgm-254-Pottenstein-circa-1430-1536x1427.jpg 1536w, https:\/\/faidutti.com\/blog\/licornes\/wp-content\/uploads\/sites\/2\/2022\/03\/1430-Pottenstein-BSB-cgm-254-Pottenstein-circa-1430-323x300.jpg 323w\" sizes=\"(max-width: 1635px) 100vw, 1635px\" \/><figcaption class=\"wp-block-jetpack-slideshow_caption gallery-caption\">Ulrich von Pottenstein, <i>Spiegel der Wyszheit,<\/i> circa 1430.<br \/>\nMunich, BSB, cgm 254.<\/figcaption><\/figure><\/li><li class=\"wp-block-jetpack-slideshow_slide swiper-slide\"><figure><img loading=\"lazy\" decoding=\"async\" width=\"1825\" height=\"1943\" alt=\"\" class=\"wp-block-jetpack-slideshow_image wp-image-6287\" data-id=\"6287\" src=\"https:\/\/faidutti.com\/blog\/licornes\/wp-content\/uploads\/sites\/2\/2022\/03\/1440-Pottenstein-BSB-cgm-9602-fol-44v-Pottenstein.jpg\" srcset=\"https:\/\/faidutti.com\/blog\/licornes\/wp-content\/uploads\/sites\/2\/2022\/03\/1440-Pottenstein-BSB-cgm-9602-fol-44v-Pottenstein.jpg 1825w, https:\/\/faidutti.com\/blog\/licornes\/wp-content\/uploads\/sites\/2\/2022\/03\/1440-Pottenstein-BSB-cgm-9602-fol-44v-Pottenstein-282x300.jpg 282w, https:\/\/faidutti.com\/blog\/licornes\/wp-content\/uploads\/sites\/2\/2022\/03\/1440-Pottenstein-BSB-cgm-9602-fol-44v-Pottenstein-768x818.jpg 768w, https:\/\/faidutti.com\/blog\/licornes\/wp-content\/uploads\/sites\/2\/2022\/03\/1440-Pottenstein-BSB-cgm-9602-fol-44v-Pottenstein-1443x1536.jpg 1443w\" sizes=\"(max-width: 1825px) 100vw, 1825px\" \/><figcaption class=\"wp-block-jetpack-slideshow_caption gallery-caption\">Ulrich von Pottenstein, <i>Spiegel der Wyszheit, <\/i>circa 1440.<br \/>\nMunich, BSB, cgm 9602, fol 44v.<\/figcaption><\/figure><\/li><li class=\"wp-block-jetpack-slideshow_slide swiper-slide\"><figure><img loading=\"lazy\" decoding=\"async\" width=\"1677\" height=\"2048\" alt=\"\" class=\"wp-block-jetpack-slideshow_image wp-image-6286\" data-id=\"6286\" src=\"https:\/\/faidutti.com\/blog\/licornes\/wp-content\/uploads\/sites\/2\/2022\/03\/1440-Pottenstein-BSB-cgm-9602-fol-22v-Pottenstein-1677x2048.jpg\" srcset=\"https:\/\/faidutti.com\/blog\/licornes\/wp-content\/uploads\/sites\/2\/2022\/03\/1440-Pottenstein-BSB-cgm-9602-fol-22v-Pottenstein-1677x2048.jpg 1677w, https:\/\/faidutti.com\/blog\/licornes\/wp-content\/uploads\/sites\/2\/2022\/03\/1440-Pottenstein-BSB-cgm-9602-fol-22v-Pottenstein-246x300.jpg 246w, https:\/\/faidutti.com\/blog\/licornes\/wp-content\/uploads\/sites\/2\/2022\/03\/1440-Pottenstein-BSB-cgm-9602-fol-22v-Pottenstein-768x938.jpg 768w, https:\/\/faidutti.com\/blog\/licornes\/wp-content\/uploads\/sites\/2\/2022\/03\/1440-Pottenstein-BSB-cgm-9602-fol-22v-Pottenstein-1258x1536.jpg 1258w\" sizes=\"(max-width: 1677px) 100vw, 1677px\" \/><figcaption class=\"wp-block-jetpack-slideshow_caption gallery-caption\">fol 22v.<\/figcaption><\/figure><\/li><li class=\"wp-block-jetpack-slideshow_slide swiper-slide\"><figure><img loading=\"lazy\" decoding=\"async\" width=\"1920\" height=\"2048\" alt=\"\" class=\"wp-block-jetpack-slideshow_image wp-image-6285\" data-id=\"6285\" src=\"https:\/\/faidutti.com\/blog\/licornes\/wp-content\/uploads\/sites\/2\/2022\/03\/1440-Pottenstein-BSB-cgm-9602-fol-3r-Pottenstein-1920x2048.jpg\" srcset=\"https:\/\/faidutti.com\/blog\/licornes\/wp-content\/uploads\/sites\/2\/2022\/03\/1440-Pottenstein-BSB-cgm-9602-fol-3r-Pottenstein-1920x2048.jpg 1920w, https:\/\/faidutti.com\/blog\/licornes\/wp-content\/uploads\/sites\/2\/2022\/03\/1440-Pottenstein-BSB-cgm-9602-fol-3r-Pottenstein-281x300.jpg 281w, https:\/\/faidutti.com\/blog\/licornes\/wp-content\/uploads\/sites\/2\/2022\/03\/1440-Pottenstein-BSB-cgm-9602-fol-3r-Pottenstein-768x819.jpg 768w, https:\/\/faidutti.com\/blog\/licornes\/wp-content\/uploads\/sites\/2\/2022\/03\/1440-Pottenstein-BSB-cgm-9602-fol-3r-Pottenstein-1440x1536.jpg 1440w, https:\/\/faidutti.com\/blog\/licornes\/wp-content\/uploads\/sites\/2\/2022\/03\/1440-Pottenstein-BSB-cgm-9602-fol-3r-Pottenstein.jpg 1925w\" sizes=\"(max-width: 1920px) 100vw, 1920px\" \/><figcaption class=\"wp-block-jetpack-slideshow_caption gallery-caption\">fol 3r<i>Les quadrup\u00e8des et les oiseaux<\/i>.<\/figcaption><\/figure><\/li><li class=\"wp-block-jetpack-slideshow_slide swiper-slide\"><figure><img loading=\"lazy\" decoding=\"async\" width=\"1672\" height=\"971\" alt=\"\" class=\"wp-block-jetpack-slideshow_image wp-image-6288\" data-id=\"6288\" src=\"https:\/\/faidutti.com\/blog\/licornes\/wp-content\/uploads\/sites\/2\/2022\/03\/1450-Melk-Benediktinerstift-Cod.-551-961-fol-51v-XVe-.jpg\" srcset=\"https:\/\/faidutti.com\/blog\/licornes\/wp-content\/uploads\/sites\/2\/2022\/03\/1450-Melk-Benediktinerstift-Cod.-551-961-fol-51v-XVe-.jpg 1672w, https:\/\/faidutti.com\/blog\/licornes\/wp-content\/uploads\/sites\/2\/2022\/03\/1450-Melk-Benediktinerstift-Cod.-551-961-fol-51v-XVe--300x174.jpg 300w, https:\/\/faidutti.com\/blog\/licornes\/wp-content\/uploads\/sites\/2\/2022\/03\/1450-Melk-Benediktinerstift-Cod.-551-961-fol-51v-XVe--768x446.jpg 768w, https:\/\/faidutti.com\/blog\/licornes\/wp-content\/uploads\/sites\/2\/2022\/03\/1450-Melk-Benediktinerstift-Cod.-551-961-fol-51v-XVe--1536x892.jpg 1536w, https:\/\/faidutti.com\/blog\/licornes\/wp-content\/uploads\/sites\/2\/2022\/03\/1450-Melk-Benediktinerstift-Cod.-551-961-fol-51v-XVe--500x290.jpg 500w\" sizes=\"(max-width: 1672px) 100vw, 1672px\" \/><figcaption class=\"wp-block-jetpack-slideshow_caption gallery-caption\">Ulrich von Pottenstein, <i>Spiegel der Wyszheit, <\/i>circa 1450.<br \/>Biblioth\u00e8que des B\u00e9n\u00e9dictins de Melk, cod 551-961, fol 51v.<\/figcaption><\/figure><\/li><\/ul><a class=\"wp-block-jetpack-slideshow_button-prev swiper-button-prev swiper-button-white\" role=\"button\"><\/a><a class=\"wp-block-jetpack-slideshow_button-next swiper-button-next swiper-button-white\" role=\"button\"><\/a><a aria-label=\"Pause Slideshow\" class=\"wp-block-jetpack-slideshow_button-pause\" role=\"button\"><\/a><div class=\"wp-block-jetpack-slideshow_pagination swiper-pagination swiper-pagination-white\"><\/div><\/div><\/div>\n\n\n\n<p>Les recueils manuscrits de <em>Dialogues des cr\u00e9atures<\/em> sont parfois, \u00e0 la fin du Moyen \u00c2ge, enrichis de miniatures qui d\u00e9veloppent des sc\u00e8nes diff\u00e9rentes de celles des bestiaires. Leur succ\u00e8dent d\u00e8s la fin du XVe si\u00e8cle des compilations imprim\u00e9es de <em>fables d&#8217;Esope<\/em>, dont bien peu remontent effectivement au fabuliste grec, qui sont syst\u00e9matiquement accompagn\u00e9es de nombreuses gravures. La licorne y est parfois moqu\u00e9e pour son orgueil ou sa suffisance, comme dans les fables <em>La licorne et le corbeau<\/em> ou <em>La licorne, le l\u00e9opard et le dragon<\/em> &#8211; pour en conna\u00eetre le r\u00e9cit et la morale, il vous faudra aller voir mon livre. <\/p>\n\n\n\n<div class=\"wp-block-jetpack-slideshow aligncenter\" data-effect=\"slide\"><div class=\"wp-block-jetpack-slideshow_container swiper-container\"><ul class=\"wp-block-jetpack-slideshow_swiper-wrapper swiper-wrapper\"><li class=\"wp-block-jetpack-slideshow_slide swiper-slide\"><figure><img loading=\"lazy\" decoding=\"async\" width=\"1338\" height=\"2001\" alt=\"\" class=\"wp-block-jetpack-slideshow_image wp-image-6322\" data-id=\"6322\" src=\"https:\/\/faidutti.com\/blog\/licornes\/wp-content\/uploads\/sites\/2\/2022\/05\/ONB-ms-cod-2572-fol-131v.jpg\" srcset=\"https:\/\/faidutti.com\/blog\/licornes\/wp-content\/uploads\/sites\/2\/2022\/05\/ONB-ms-cod-2572-fol-131v.jpg 1338w, https:\/\/faidutti.com\/blog\/licornes\/wp-content\/uploads\/sites\/2\/2022\/05\/ONB-ms-cod-2572-fol-131v-201x300.jpg 201w, https:\/\/faidutti.com\/blog\/licornes\/wp-content\/uploads\/sites\/2\/2022\/05\/ONB-ms-cod-2572-fol-131v-768x1149.jpg 768w, https:\/\/faidutti.com\/blog\/licornes\/wp-content\/uploads\/sites\/2\/2022\/05\/ONB-ms-cod-2572-fol-131v-1027x1536.jpg 1027w\" sizes=\"(max-width: 1338px) 100vw, 1338px\" \/><figcaption class=\"wp-block-jetpack-slideshow_caption gallery-caption\"><i>Le l\u00e9opard et la licorne combattent le dragon,<\/i>\nMaino de Maineri, <i>Dialogue de cr\u00e9atures,<\/i> circa 1480.<br \/>\nVienne, \u00d6NB, ms cod 2572, fol 131v.\n<\/figcaption><\/figure><\/li><li class=\"wp-block-jetpack-slideshow_slide swiper-slide\"><figure><img loading=\"lazy\" decoding=\"async\" width=\"1910\" height=\"1755\" alt=\"\" class=\"wp-block-jetpack-slideshow_image wp-image-6298\" data-id=\"6298\" src=\"https:\/\/faidutti.com\/blog\/licornes\/wp-content\/uploads\/sites\/2\/2022\/03\/1480-OONB-cod-2572-fol-131v-Marino-de-Maineri-Dialogue-de-creatures-vers-1480.jpg\" srcset=\"https:\/\/faidutti.com\/blog\/licornes\/wp-content\/uploads\/sites\/2\/2022\/03\/1480-OONB-cod-2572-fol-131v-Marino-de-Maineri-Dialogue-de-creatures-vers-1480.jpg 1910w, https:\/\/faidutti.com\/blog\/licornes\/wp-content\/uploads\/sites\/2\/2022\/03\/1480-OONB-cod-2572-fol-131v-Marino-de-Maineri-Dialogue-de-creatures-vers-1480-300x276.jpg 300w, https:\/\/faidutti.com\/blog\/licornes\/wp-content\/uploads\/sites\/2\/2022\/03\/1480-OONB-cod-2572-fol-131v-Marino-de-Maineri-Dialogue-de-creatures-vers-1480-768x706.jpg 768w, https:\/\/faidutti.com\/blog\/licornes\/wp-content\/uploads\/sites\/2\/2022\/03\/1480-OONB-cod-2572-fol-131v-Marino-de-Maineri-Dialogue-de-creatures-vers-1480-1536x1411.jpg 1536w, https:\/\/faidutti.com\/blog\/licornes\/wp-content\/uploads\/sites\/2\/2022\/03\/1480-OONB-cod-2572-fol-131v-Marino-de-Maineri-Dialogue-de-creatures-vers-1480-326x300.jpg 326w\" sizes=\"(max-width: 1910px) 100vw, 1910px\" \/><\/figure><\/li><li class=\"wp-block-jetpack-slideshow_slide swiper-slide\"><figure><img loading=\"lazy\" decoding=\"async\" width=\"1710\" height=\"1914\" alt=\"\" class=\"wp-block-jetpack-slideshow_image wp-image-6300\" data-id=\"6300\" src=\"https:\/\/faidutti.com\/blog\/licornes\/wp-content\/uploads\/sites\/2\/2022\/03\/1480-OONB-ms-cod-2572-fol-178r-Marino-de-Maineri-Dialogue-de-creatures-vers-1480.jpg\" srcset=\"https:\/\/faidutti.com\/blog\/licornes\/wp-content\/uploads\/sites\/2\/2022\/03\/1480-OONB-ms-cod-2572-fol-178r-Marino-de-Maineri-Dialogue-de-creatures-vers-1480.jpg 1710w, https:\/\/faidutti.com\/blog\/licornes\/wp-content\/uploads\/sites\/2\/2022\/03\/1480-OONB-ms-cod-2572-fol-178r-Marino-de-Maineri-Dialogue-de-creatures-vers-1480-268x300.jpg 268w, https:\/\/faidutti.com\/blog\/licornes\/wp-content\/uploads\/sites\/2\/2022\/03\/1480-OONB-ms-cod-2572-fol-178r-Marino-de-Maineri-Dialogue-de-creatures-vers-1480-768x860.jpg 768w, https:\/\/faidutti.com\/blog\/licornes\/wp-content\/uploads\/sites\/2\/2022\/03\/1480-OONB-ms-cod-2572-fol-178r-Marino-de-Maineri-Dialogue-de-creatures-vers-1480-1372x1536.jpg 1372w\" sizes=\"(max-width: 1710px) 100vw, 1710px\" \/><figcaption class=\"wp-block-jetpack-slideshow_caption gallery-caption\">Des bestes terrestres et du basilique. Fol 178r.<\/figcaption><\/figure><\/li><li class=\"wp-block-jetpack-slideshow_slide swiper-slide\"><figure><img loading=\"lazy\" decoding=\"async\" width=\"2048\" height=\"1444\" alt=\"\" class=\"wp-block-jetpack-slideshow_image wp-image-6289\" data-id=\"6289\" src=\"https:\/\/faidutti.com\/blog\/licornes\/wp-content\/uploads\/sites\/2\/2022\/03\/1450-BSB-clm-1222-fol-282v-283r-Dialogus-Creaturarum-2048x1444.jpg\" srcset=\"https:\/\/faidutti.com\/blog\/licornes\/wp-content\/uploads\/sites\/2\/2022\/03\/1450-BSB-clm-1222-fol-282v-283r-Dialogus-Creaturarum-2048x1444.jpg 2048w, https:\/\/faidutti.com\/blog\/licornes\/wp-content\/uploads\/sites\/2\/2022\/03\/1450-BSB-clm-1222-fol-282v-283r-Dialogus-Creaturarum-300x212.jpg 300w, https:\/\/faidutti.com\/blog\/licornes\/wp-content\/uploads\/sites\/2\/2022\/03\/1450-BSB-clm-1222-fol-282v-283r-Dialogus-Creaturarum-768x542.jpg 768w, https:\/\/faidutti.com\/blog\/licornes\/wp-content\/uploads\/sites\/2\/2022\/03\/1450-BSB-clm-1222-fol-282v-283r-Dialogus-Creaturarum-1536x1083.jpg 1536w, https:\/\/faidutti.com\/blog\/licornes\/wp-content\/uploads\/sites\/2\/2022\/03\/1450-BSB-clm-1222-fol-282v-283r-Dialogus-Creaturarum-425x300.jpg 425w\" sizes=\"(max-width: 2048px) 100vw, 2048px\" \/><figcaption class=\"wp-block-jetpack-slideshow_caption gallery-caption\"><i>Le l\u00e9opard et la licorne combattent le dragon,<\/i> <i>Dialogus Creaturarum<\/i>, circa 1450.<br \/>\nMunich, BSB, clm 222, fol 282v.<\/figcaption><\/figure><\/li><li class=\"wp-block-jetpack-slideshow_slide swiper-slide\"><figure><img loading=\"lazy\" decoding=\"async\" width=\"2048\" height=\"1118\" alt=\"\" class=\"wp-block-jetpack-slideshow_image wp-image-6290\" data-id=\"6290\" src=\"https:\/\/faidutti.com\/blog\/licornes\/wp-content\/uploads\/sites\/2\/2022\/03\/1450-BSB-clm-1222-fol-283r-Dialogus-Creaturarum-detail-2048x1118.jpg\" srcset=\"https:\/\/faidutti.com\/blog\/licornes\/wp-content\/uploads\/sites\/2\/2022\/03\/1450-BSB-clm-1222-fol-283r-Dialogus-Creaturarum-detail-2048x1118.jpg 2048w, https:\/\/faidutti.com\/blog\/licornes\/wp-content\/uploads\/sites\/2\/2022\/03\/1450-BSB-clm-1222-fol-283r-Dialogus-Creaturarum-detail-300x164.jpg 300w, https:\/\/faidutti.com\/blog\/licornes\/wp-content\/uploads\/sites\/2\/2022\/03\/1450-BSB-clm-1222-fol-283r-Dialogus-Creaturarum-detail-768x419.jpg 768w, https:\/\/faidutti.com\/blog\/licornes\/wp-content\/uploads\/sites\/2\/2022\/03\/1450-BSB-clm-1222-fol-283r-Dialogus-Creaturarum-detail-1536x839.jpg 1536w, https:\/\/faidutti.com\/blog\/licornes\/wp-content\/uploads\/sites\/2\/2022\/03\/1450-BSB-clm-1222-fol-283r-Dialogus-Creaturarum-detail-500x273.jpg 500w\" sizes=\"(max-width: 2048px) 100vw, 2048px\" \/><\/figure><\/li><li class=\"wp-block-jetpack-slideshow_slide swiper-slide\"><figure><img loading=\"lazy\" decoding=\"async\" width=\"2048\" height=\"1110\" alt=\"\" class=\"wp-block-jetpack-slideshow_image wp-image-6291\" data-id=\"6291\" src=\"https:\/\/faidutti.com\/blog\/licornes\/wp-content\/uploads\/sites\/2\/2022\/03\/1450-BSB-clm-1222-fol-286v-Dialogus-Creaturarum-2048x1110.jpg\" srcset=\"https:\/\/faidutti.com\/blog\/licornes\/wp-content\/uploads\/sites\/2\/2022\/03\/1450-BSB-clm-1222-fol-286v-Dialogus-Creaturarum-2048x1110.jpg 2048w, https:\/\/faidutti.com\/blog\/licornes\/wp-content\/uploads\/sites\/2\/2022\/03\/1450-BSB-clm-1222-fol-286v-Dialogus-Creaturarum-300x163.jpg 300w, https:\/\/faidutti.com\/blog\/licornes\/wp-content\/uploads\/sites\/2\/2022\/03\/1450-BSB-clm-1222-fol-286v-Dialogus-Creaturarum-768x416.jpg 768w, https:\/\/faidutti.com\/blog\/licornes\/wp-content\/uploads\/sites\/2\/2022\/03\/1450-BSB-clm-1222-fol-286v-Dialogus-Creaturarum-1536x832.jpg 1536w, https:\/\/faidutti.com\/blog\/licornes\/wp-content\/uploads\/sites\/2\/2022\/03\/1450-BSB-clm-1222-fol-286v-Dialogus-Creaturarum-500x271.jpg 500w\" sizes=\"(max-width: 2048px) 100vw, 2048px\" \/><figcaption class=\"wp-block-jetpack-slideshow_caption gallery-caption\"><i>Le rhinoc\u00e9ros qui n&#8217;aimait pas les petits vieux.<\/i> Fol 286v.<\/figcaption><\/figure><\/li><li class=\"wp-block-jetpack-slideshow_slide swiper-slide\"><figure><img loading=\"lazy\" decoding=\"async\" width=\"2048\" height=\"1181\" alt=\"\" class=\"wp-block-jetpack-slideshow_image wp-image-6292\" data-id=\"6292\" src=\"https:\/\/faidutti.com\/blog\/licornes\/wp-content\/uploads\/sites\/2\/2022\/03\/1460-Getty-Ludwig-XV-1-fol-52v-XVe--2048x1181.jpg\" srcset=\"https:\/\/faidutti.com\/blog\/licornes\/wp-content\/uploads\/sites\/2\/2022\/03\/1460-Getty-Ludwig-XV-1-fol-52v-XVe--2048x1181.jpg 2048w, https:\/\/faidutti.com\/blog\/licornes\/wp-content\/uploads\/sites\/2\/2022\/03\/1460-Getty-Ludwig-XV-1-fol-52v-XVe--300x173.jpg 300w, https:\/\/faidutti.com\/blog\/licornes\/wp-content\/uploads\/sites\/2\/2022\/03\/1460-Getty-Ludwig-XV-1-fol-52v-XVe--768x443.jpg 768w, https:\/\/faidutti.com\/blog\/licornes\/wp-content\/uploads\/sites\/2\/2022\/03\/1460-Getty-Ludwig-XV-1-fol-52v-XVe--1536x886.jpg 1536w, https:\/\/faidutti.com\/blog\/licornes\/wp-content\/uploads\/sites\/2\/2022\/03\/1460-Getty-Ludwig-XV-1-fol-52v-XVe--500x288.jpg 500w\" sizes=\"(max-width: 2048px) 100vw, 2048px\" \/><figcaption class=\"wp-block-jetpack-slideshow_caption gallery-caption\"><i>La guenon et Jupiter<\/i>, dans un recueil allemand du XVe si\u00e8cle.<br \/>\nLos Angeles, Paul Getty Museum, ms Ludwig XV 1, fol 52v\n<\/figcaption><\/figure><\/li><\/ul><a class=\"wp-block-jetpack-slideshow_button-prev swiper-button-prev swiper-button-white\" role=\"button\"><\/a><a class=\"wp-block-jetpack-slideshow_button-next swiper-button-next swiper-button-white\" role=\"button\"><\/a><a aria-label=\"Pause Slideshow\" class=\"wp-block-jetpack-slideshow_button-pause\" role=\"button\"><\/a><div class=\"wp-block-jetpack-slideshow_pagination swiper-pagination swiper-pagination-white\"><\/div><\/div><\/div>\n\n\n\n<p>Parfois, sans \u00eatre cit\u00e9e dans le texte, elle appara\u00eet simplement dans la foule des animaux qui suivent celui qui, d\u00e9j\u00e0, en est devenu le roi, le lion. Elle se moque aussi, comme tout le monde, de la guenon qui pr\u00e9sente son nouveau-n\u00e9 \u00e0 Jupiter comme le plus beau b\u00e9b\u00e9 du monde. <\/p>\n\n\n\n<div class=\"wp-block-jetpack-slideshow aligncenter\" data-effect=\"slide\"><div class=\"wp-block-jetpack-slideshow_container swiper-container\"><ul class=\"wp-block-jetpack-slideshow_swiper-wrapper swiper-wrapper\"><li class=\"wp-block-jetpack-slideshow_slide swiper-slide\"><figure><img loading=\"lazy\" decoding=\"async\" width=\"1983\" height=\"954\" alt=\"\" class=\"wp-block-jetpack-slideshow_image wp-image-6293\" data-id=\"6293\" src=\"https:\/\/faidutti.com\/blog\/licornes\/wp-content\/uploads\/sites\/2\/2022\/03\/1480-Dialogus-Creaturarum-1480-De-aquila-et-avibus-et-leone-et-aliis-bestis.jpg\" srcset=\"https:\/\/faidutti.com\/blog\/licornes\/wp-content\/uploads\/sites\/2\/2022\/03\/1480-Dialogus-Creaturarum-1480-De-aquila-et-avibus-et-leone-et-aliis-bestis.jpg 1983w, https:\/\/faidutti.com\/blog\/licornes\/wp-content\/uploads\/sites\/2\/2022\/03\/1480-Dialogus-Creaturarum-1480-De-aquila-et-avibus-et-leone-et-aliis-bestis-300x144.jpg 300w, https:\/\/faidutti.com\/blog\/licornes\/wp-content\/uploads\/sites\/2\/2022\/03\/1480-Dialogus-Creaturarum-1480-De-aquila-et-avibus-et-leone-et-aliis-bestis-768x369.jpg 768w, https:\/\/faidutti.com\/blog\/licornes\/wp-content\/uploads\/sites\/2\/2022\/03\/1480-Dialogus-Creaturarum-1480-De-aquila-et-avibus-et-leone-et-aliis-bestis-1536x739.jpg 1536w, https:\/\/faidutti.com\/blog\/licornes\/wp-content\/uploads\/sites\/2\/2022\/03\/1480-Dialogus-Creaturarum-1480-De-aquila-et-avibus-et-leone-et-aliis-bestis-500x241.jpg 500w\" sizes=\"(max-width: 1983px) 100vw, 1983px\" \/><figcaption class=\"wp-block-jetpack-slideshow_caption gallery-caption\"><i>L&#8217;aigle, les oiseaux, le lion et les autres b\u00eates<\/i>, <i>Dialogus creaturarum<\/i>, 1480<\/figcaption><\/figure><\/li><li class=\"wp-block-jetpack-slideshow_slide swiper-slide\"><figure><img loading=\"lazy\" decoding=\"async\" width=\"1980\" height=\"1008\" alt=\"\" class=\"wp-block-jetpack-slideshow_image wp-image-6294\" data-id=\"6294\" src=\"https:\/\/faidutti.com\/blog\/licornes\/wp-content\/uploads\/sites\/2\/2022\/03\/1480-Dialogus-Creaturarum-1480-De-elephante-qui-genua-non-flectit.jpg\" srcset=\"https:\/\/faidutti.com\/blog\/licornes\/wp-content\/uploads\/sites\/2\/2022\/03\/1480-Dialogus-Creaturarum-1480-De-elephante-qui-genua-non-flectit.jpg 1980w, https:\/\/faidutti.com\/blog\/licornes\/wp-content\/uploads\/sites\/2\/2022\/03\/1480-Dialogus-Creaturarum-1480-De-elephante-qui-genua-non-flectit-300x153.jpg 300w, https:\/\/faidutti.com\/blog\/licornes\/wp-content\/uploads\/sites\/2\/2022\/03\/1480-Dialogus-Creaturarum-1480-De-elephante-qui-genua-non-flectit-768x391.jpg 768w, https:\/\/faidutti.com\/blog\/licornes\/wp-content\/uploads\/sites\/2\/2022\/03\/1480-Dialogus-Creaturarum-1480-De-elephante-qui-genua-non-flectit-1536x782.jpg 1536w, https:\/\/faidutti.com\/blog\/licornes\/wp-content\/uploads\/sites\/2\/2022\/03\/1480-Dialogus-Creaturarum-1480-De-elephante-qui-genua-non-flectit-500x255.jpg 500w\" sizes=\"(max-width: 1980px) 100vw, 1980px\" \/><figcaption class=\"wp-block-jetpack-slideshow_caption gallery-caption\"><i>L&#8217;\u00e9l\u00e9phant qui ne pouvait pas plier les genoux.<\/i><\/figcaption><\/figure><\/li><li class=\"wp-block-jetpack-slideshow_slide swiper-slide\"><figure><img loading=\"lazy\" decoding=\"async\" width=\"1982\" height=\"1066\" alt=\"\" class=\"wp-block-jetpack-slideshow_image wp-image-6295\" data-id=\"6295\" src=\"https:\/\/faidutti.com\/blog\/licornes\/wp-content\/uploads\/sites\/2\/2022\/03\/1480-Dialogus-creaturarum-1480-De-leopardo-et-unicorni-qui-pugnabant-cum-dracone.jpg\" srcset=\"https:\/\/faidutti.com\/blog\/licornes\/wp-content\/uploads\/sites\/2\/2022\/03\/1480-Dialogus-creaturarum-1480-De-leopardo-et-unicorni-qui-pugnabant-cum-dracone.jpg 1982w, https:\/\/faidutti.com\/blog\/licornes\/wp-content\/uploads\/sites\/2\/2022\/03\/1480-Dialogus-creaturarum-1480-De-leopardo-et-unicorni-qui-pugnabant-cum-dracone-300x161.jpg 300w, https:\/\/faidutti.com\/blog\/licornes\/wp-content\/uploads\/sites\/2\/2022\/03\/1480-Dialogus-creaturarum-1480-De-leopardo-et-unicorni-qui-pugnabant-cum-dracone-768x413.jpg 768w, https:\/\/faidutti.com\/blog\/licornes\/wp-content\/uploads\/sites\/2\/2022\/03\/1480-Dialogus-creaturarum-1480-De-leopardo-et-unicorni-qui-pugnabant-cum-dracone-1536x826.jpg 1536w, https:\/\/faidutti.com\/blog\/licornes\/wp-content\/uploads\/sites\/2\/2022\/03\/1480-Dialogus-creaturarum-1480-De-leopardo-et-unicorni-qui-pugnabant-cum-dracone-500x269.jpg 500w\" sizes=\"(max-width: 1982px) 100vw, 1982px\" \/><figcaption class=\"wp-block-jetpack-slideshow_caption gallery-caption\"><i>La licorne, le l\u00e9opard et le dragon.<\/i><\/figcaption><\/figure><\/li><li class=\"wp-block-jetpack-slideshow_slide swiper-slide\"><figure><img loading=\"lazy\" decoding=\"async\" width=\"1985\" height=\"1499\" alt=\"\" class=\"wp-block-jetpack-slideshow_image wp-image-6296\" data-id=\"6296\" src=\"https:\/\/faidutti.com\/blog\/licornes\/wp-content\/uploads\/sites\/2\/2022\/03\/1480-Dialogus-Creaturarum-1480-De-reptilibus-multis-dyalogus.jpg\" srcset=\"https:\/\/faidutti.com\/blog\/licornes\/wp-content\/uploads\/sites\/2\/2022\/03\/1480-Dialogus-Creaturarum-1480-De-reptilibus-multis-dyalogus.jpg 1985w, https:\/\/faidutti.com\/blog\/licornes\/wp-content\/uploads\/sites\/2\/2022\/03\/1480-Dialogus-Creaturarum-1480-De-reptilibus-multis-dyalogus-300x227.jpg 300w, https:\/\/faidutti.com\/blog\/licornes\/wp-content\/uploads\/sites\/2\/2022\/03\/1480-Dialogus-Creaturarum-1480-De-reptilibus-multis-dyalogus-768x580.jpg 768w, https:\/\/faidutti.com\/blog\/licornes\/wp-content\/uploads\/sites\/2\/2022\/03\/1480-Dialogus-Creaturarum-1480-De-reptilibus-multis-dyalogus-1536x1160.jpg 1536w, https:\/\/faidutti.com\/blog\/licornes\/wp-content\/uploads\/sites\/2\/2022\/03\/1480-Dialogus-Creaturarum-1480-De-reptilibus-multis-dyalogus-397x300.jpg 397w\" sizes=\"(max-width: 1985px) 100vw, 1985px\" \/><figcaption class=\"wp-block-jetpack-slideshow_caption gallery-caption\"><i>Les reptiles, le basilic et les autres b\u00eates.<\/i><\/figcaption><\/figure><\/li><li class=\"wp-block-jetpack-slideshow_slide swiper-slide\"><figure><img loading=\"lazy\" decoding=\"async\" width=\"1908\" height=\"1072\" alt=\"\" class=\"wp-block-jetpack-slideshow_image wp-image-6297\" data-id=\"6297\" src=\"https:\/\/faidutti.com\/blog\/licornes\/wp-content\/uploads\/sites\/2\/2022\/03\/1480-Dialogus-Creaturarum-1480-De-rinocerone-qui-despiciebat-senem.jpg\" srcset=\"https:\/\/faidutti.com\/blog\/licornes\/wp-content\/uploads\/sites\/2\/2022\/03\/1480-Dialogus-Creaturarum-1480-De-rinocerone-qui-despiciebat-senem.jpg 1908w, https:\/\/faidutti.com\/blog\/licornes\/wp-content\/uploads\/sites\/2\/2022\/03\/1480-Dialogus-Creaturarum-1480-De-rinocerone-qui-despiciebat-senem-300x169.jpg 300w, https:\/\/faidutti.com\/blog\/licornes\/wp-content\/uploads\/sites\/2\/2022\/03\/1480-Dialogus-Creaturarum-1480-De-rinocerone-qui-despiciebat-senem-768x431.jpg 768w, https:\/\/faidutti.com\/blog\/licornes\/wp-content\/uploads\/sites\/2\/2022\/03\/1480-Dialogus-Creaturarum-1480-De-rinocerone-qui-despiciebat-senem-1536x863.jpg 1536w, https:\/\/faidutti.com\/blog\/licornes\/wp-content\/uploads\/sites\/2\/2022\/03\/1480-Dialogus-Creaturarum-1480-De-rinocerone-qui-despiciebat-senem-500x281.jpg 500w\" sizes=\"(max-width: 1908px) 100vw, 1908px\" \/><figcaption class=\"wp-block-jetpack-slideshow_caption gallery-caption\"><i>Le rhinoceros qui n&#8217;aimait pas les petits vieux.<\/i><\/figcaption><\/figure><\/li><\/ul><a class=\"wp-block-jetpack-slideshow_button-prev swiper-button-prev swiper-button-white\" role=\"button\"><\/a><a class=\"wp-block-jetpack-slideshow_button-next swiper-button-next swiper-button-white\" role=\"button\"><\/a><a aria-label=\"Pause Slideshow\" class=\"wp-block-jetpack-slideshow_button-pause\" role=\"button\"><\/a><div class=\"wp-block-jetpack-slideshow_pagination swiper-pagination swiper-pagination-white\"><\/div><\/div><\/div>\n\n\n\n<div class=\"wp-block-jetpack-slideshow aligncenter\" data-effect=\"slide\"><div class=\"wp-block-jetpack-slideshow_container swiper-container\"><ul class=\"wp-block-jetpack-slideshow_swiper-wrapper swiper-wrapper\"><li class=\"wp-block-jetpack-slideshow_slide swiper-slide\"><figure><img loading=\"lazy\" decoding=\"async\" width=\"2048\" height=\"1632\" alt=\"\" class=\"wp-block-jetpack-slideshow_image wp-image-6310\" data-id=\"6310\" src=\"https:\/\/faidutti.com\/blog\/licornes\/wp-content\/uploads\/sites\/2\/2022\/03\/1535-Mayno-de-Mayneri-Nicolaus-Pergaminus-The-dialogues-of-creatures-moralysed-Anvers-1535-Of-the-Olefawnte-that-bowth-not-the-kneye-2048x1632.jpg\" srcset=\"https:\/\/faidutti.com\/blog\/licornes\/wp-content\/uploads\/sites\/2\/2022\/03\/1535-Mayno-de-Mayneri-Nicolaus-Pergaminus-The-dialogues-of-creatures-moralysed-Anvers-1535-Of-the-Olefawnte-that-bowth-not-the-kneye-2048x1632.jpg 2048w, https:\/\/faidutti.com\/blog\/licornes\/wp-content\/uploads\/sites\/2\/2022\/03\/1535-Mayno-de-Mayneri-Nicolaus-Pergaminus-The-dialogues-of-creatures-moralysed-Anvers-1535-Of-the-Olefawnte-that-bowth-not-the-kneye-300x239.jpg 300w, https:\/\/faidutti.com\/blog\/licornes\/wp-content\/uploads\/sites\/2\/2022\/03\/1535-Mayno-de-Mayneri-Nicolaus-Pergaminus-The-dialogues-of-creatures-moralysed-Anvers-1535-Of-the-Olefawnte-that-bowth-not-the-kneye-768x612.jpg 768w, https:\/\/faidutti.com\/blog\/licornes\/wp-content\/uploads\/sites\/2\/2022\/03\/1535-Mayno-de-Mayneri-Nicolaus-Pergaminus-The-dialogues-of-creatures-moralysed-Anvers-1535-Of-the-Olefawnte-that-bowth-not-the-kneye-1536x1224.jpg 1536w, https:\/\/faidutti.com\/blog\/licornes\/wp-content\/uploads\/sites\/2\/2022\/03\/1535-Mayno-de-Mayneri-Nicolaus-Pergaminus-The-dialogues-of-creatures-moralysed-Anvers-1535-Of-the-Olefawnte-that-bowth-not-the-kneye-377x300.jpg 377w\" sizes=\"(max-width: 2048px) 100vw, 2048px\" \/><figcaption class=\"wp-block-jetpack-slideshow_caption gallery-caption\"><i>De l&#8217;\u00e9l\u00e9phant qui ne pouvait pas plier les genoux<\/i>, <i>The dialogues of creatures moralysed,<\/i>, 1535.<\/figcaption><\/figure><\/li><li class=\"wp-block-jetpack-slideshow_slide swiper-slide\"><figure><img loading=\"lazy\" decoding=\"async\" width=\"2048\" height=\"1758\" alt=\"\" class=\"wp-block-jetpack-slideshow_image wp-image-6309\" data-id=\"6309\" src=\"https:\/\/faidutti.com\/blog\/licornes\/wp-content\/uploads\/sites\/2\/2022\/03\/1535-Mayno-de-Mayneri-Nicolaus-Pergaminus-The-dialogues-of-creatures-moralysed-Anvers-1535-Of-the-Egle-and-all-othir-byrdes-and-the-lyon-and-all-othir-beastis-2048x1758.jpg\" srcset=\"https:\/\/faidutti.com\/blog\/licornes\/wp-content\/uploads\/sites\/2\/2022\/03\/1535-Mayno-de-Mayneri-Nicolaus-Pergaminus-The-dialogues-of-creatures-moralysed-Anvers-1535-Of-the-Egle-and-all-othir-byrdes-and-the-lyon-and-all-othir-beastis-2048x1758.jpg 2048w, https:\/\/faidutti.com\/blog\/licornes\/wp-content\/uploads\/sites\/2\/2022\/03\/1535-Mayno-de-Mayneri-Nicolaus-Pergaminus-The-dialogues-of-creatures-moralysed-Anvers-1535-Of-the-Egle-and-all-othir-byrdes-and-the-lyon-and-all-othir-beastis-300x258.jpg 300w, https:\/\/faidutti.com\/blog\/licornes\/wp-content\/uploads\/sites\/2\/2022\/03\/1535-Mayno-de-Mayneri-Nicolaus-Pergaminus-The-dialogues-of-creatures-moralysed-Anvers-1535-Of-the-Egle-and-all-othir-byrdes-and-the-lyon-and-all-othir-beastis-768x659.jpg 768w, https:\/\/faidutti.com\/blog\/licornes\/wp-content\/uploads\/sites\/2\/2022\/03\/1535-Mayno-de-Mayneri-Nicolaus-Pergaminus-The-dialogues-of-creatures-moralysed-Anvers-1535-Of-the-Egle-and-all-othir-byrdes-and-the-lyon-and-all-othir-beastis-1536x1319.jpg 1536w, https:\/\/faidutti.com\/blog\/licornes\/wp-content\/uploads\/sites\/2\/2022\/03\/1535-Mayno-de-Mayneri-Nicolaus-Pergaminus-The-dialogues-of-creatures-moralysed-Anvers-1535-Of-the-Egle-and-all-othir-byrdes-and-the-lyon-and-all-othir-beastis-349x300.jpg 349w\" sizes=\"(max-width: 2048px) 100vw, 2048px\" \/><figcaption class=\"wp-block-jetpack-slideshow_caption gallery-caption\"><i>L&#8217;aigle, les autres oiseaux, le lion et les autres b\u00eates.<\/i><\/figcaption><\/figure><\/li><li class=\"wp-block-jetpack-slideshow_slide swiper-slide\"><figure><img loading=\"lazy\" decoding=\"async\" width=\"2048\" height=\"1332\" alt=\"\" class=\"wp-block-jetpack-slideshow_image wp-image-6308\" data-id=\"6308\" src=\"https:\/\/faidutti.com\/blog\/licornes\/wp-content\/uploads\/sites\/2\/2022\/03\/1535-Mayno-de-Mayneri-Nicolaus-Pergaminus-The-dialogues-of-creatures-moralysed-Anvers-1535-Of-many-creepinge-wormys-and-beastis-2048x1332.jpg\" srcset=\"https:\/\/faidutti.com\/blog\/licornes\/wp-content\/uploads\/sites\/2\/2022\/03\/1535-Mayno-de-Mayneri-Nicolaus-Pergaminus-The-dialogues-of-creatures-moralysed-Anvers-1535-Of-many-creepinge-wormys-and-beastis-2048x1332.jpg 2048w, https:\/\/faidutti.com\/blog\/licornes\/wp-content\/uploads\/sites\/2\/2022\/03\/1535-Mayno-de-Mayneri-Nicolaus-Pergaminus-The-dialogues-of-creatures-moralysed-Anvers-1535-Of-many-creepinge-wormys-and-beastis-300x195.jpg 300w, https:\/\/faidutti.com\/blog\/licornes\/wp-content\/uploads\/sites\/2\/2022\/03\/1535-Mayno-de-Mayneri-Nicolaus-Pergaminus-The-dialogues-of-creatures-moralysed-Anvers-1535-Of-many-creepinge-wormys-and-beastis-768x500.jpg 768w, https:\/\/faidutti.com\/blog\/licornes\/wp-content\/uploads\/sites\/2\/2022\/03\/1535-Mayno-de-Mayneri-Nicolaus-Pergaminus-The-dialogues-of-creatures-moralysed-Anvers-1535-Of-many-creepinge-wormys-and-beastis-1536x999.jpg 1536w, https:\/\/faidutti.com\/blog\/licornes\/wp-content\/uploads\/sites\/2\/2022\/03\/1535-Mayno-de-Mayneri-Nicolaus-Pergaminus-The-dialogues-of-creatures-moralysed-Anvers-1535-Of-many-creepinge-wormys-and-beastis-461x300.jpg 461w\" sizes=\"(max-width: 2048px) 100vw, 2048px\" \/><figcaption class=\"wp-block-jetpack-slideshow_caption gallery-caption\"><i>Les reptiles et les b\u00eates.<\/i><\/figcaption><\/figure><\/li><li class=\"wp-block-jetpack-slideshow_slide swiper-slide\"><figure><img loading=\"lazy\" decoding=\"async\" width=\"2048\" height=\"1726\" alt=\"\" class=\"wp-block-jetpack-slideshow_image wp-image-6307\" data-id=\"6307\" src=\"https:\/\/faidutti.com\/blog\/licornes\/wp-content\/uploads\/sites\/2\/2022\/03\/1535-Mayno-de-Mayneri-Nicolaus-Pergaminus-The-dialogues-of-creatures-moralysed-Anvers-1535-of-a-beaste-callyd-rynoceron-which-despised-agid-folke-2048x1726.jpg\" srcset=\"https:\/\/faidutti.com\/blog\/licornes\/wp-content\/uploads\/sites\/2\/2022\/03\/1535-Mayno-de-Mayneri-Nicolaus-Pergaminus-The-dialogues-of-creatures-moralysed-Anvers-1535-of-a-beaste-callyd-rynoceron-which-despised-agid-folke-2048x1726.jpg 2048w, https:\/\/faidutti.com\/blog\/licornes\/wp-content\/uploads\/sites\/2\/2022\/03\/1535-Mayno-de-Mayneri-Nicolaus-Pergaminus-The-dialogues-of-creatures-moralysed-Anvers-1535-of-a-beaste-callyd-rynoceron-which-despised-agid-folke-300x253.jpg 300w, https:\/\/faidutti.com\/blog\/licornes\/wp-content\/uploads\/sites\/2\/2022\/03\/1535-Mayno-de-Mayneri-Nicolaus-Pergaminus-The-dialogues-of-creatures-moralysed-Anvers-1535-of-a-beaste-callyd-rynoceron-which-despised-agid-folke-768x647.jpg 768w, https:\/\/faidutti.com\/blog\/licornes\/wp-content\/uploads\/sites\/2\/2022\/03\/1535-Mayno-de-Mayneri-Nicolaus-Pergaminus-The-dialogues-of-creatures-moralysed-Anvers-1535-of-a-beaste-callyd-rynoceron-which-despised-agid-folke-1536x1295.jpg 1536w, https:\/\/faidutti.com\/blog\/licornes\/wp-content\/uploads\/sites\/2\/2022\/03\/1535-Mayno-de-Mayneri-Nicolaus-Pergaminus-The-dialogues-of-creatures-moralysed-Anvers-1535-of-a-beaste-callyd-rynoceron-which-despised-agid-folke-356x300.jpg 356w\" sizes=\"(max-width: 2048px) 100vw, 2048px\" \/><figcaption class=\"wp-block-jetpack-slideshow_caption gallery-caption\"><i>Le rhinoc\u00e9ros qui n&#8217;aimait pas les petits vieux.<\/i><\/figcaption><\/figure><\/li><li class=\"wp-block-jetpack-slideshow_slide swiper-slide\"><figure><img loading=\"lazy\" decoding=\"async\" width=\"2048\" height=\"1647\" alt=\"\" class=\"wp-block-jetpack-slideshow_image wp-image-6306\" data-id=\"6306\" src=\"https:\/\/faidutti.com\/blog\/licornes\/wp-content\/uploads\/sites\/2\/2022\/03\/1535-Mayno-de-Mayneri-Nicolaus-Pergaminus-The-dialogues-of-creatures-moralysed-Anvers-1535-Of-a-Leoparde-and-an-Unicorn-that-fawght-with-a-dragon-2048x1647.jpg\" srcset=\"https:\/\/faidutti.com\/blog\/licornes\/wp-content\/uploads\/sites\/2\/2022\/03\/1535-Mayno-de-Mayneri-Nicolaus-Pergaminus-The-dialogues-of-creatures-moralysed-Anvers-1535-Of-a-Leoparde-and-an-Unicorn-that-fawght-with-a-dragon-2048x1647.jpg 2048w, https:\/\/faidutti.com\/blog\/licornes\/wp-content\/uploads\/sites\/2\/2022\/03\/1535-Mayno-de-Mayneri-Nicolaus-Pergaminus-The-dialogues-of-creatures-moralysed-Anvers-1535-Of-a-Leoparde-and-an-Unicorn-that-fawght-with-a-dragon-300x241.jpg 300w, https:\/\/faidutti.com\/blog\/licornes\/wp-content\/uploads\/sites\/2\/2022\/03\/1535-Mayno-de-Mayneri-Nicolaus-Pergaminus-The-dialogues-of-creatures-moralysed-Anvers-1535-Of-a-Leoparde-and-an-Unicorn-that-fawght-with-a-dragon-768x618.jpg 768w, https:\/\/faidutti.com\/blog\/licornes\/wp-content\/uploads\/sites\/2\/2022\/03\/1535-Mayno-de-Mayneri-Nicolaus-Pergaminus-The-dialogues-of-creatures-moralysed-Anvers-1535-Of-a-Leoparde-and-an-Unicorn-that-fawght-with-a-dragon-1536x1235.jpg 1536w, https:\/\/faidutti.com\/blog\/licornes\/wp-content\/uploads\/sites\/2\/2022\/03\/1535-Mayno-de-Mayneri-Nicolaus-Pergaminus-The-dialogues-of-creatures-moralysed-Anvers-1535-Of-a-Leoparde-and-an-Unicorn-that-fawght-with-a-dragon-373x300.jpg 373w\" sizes=\"(max-width: 2048px) 100vw, 2048px\" \/><figcaption class=\"wp-block-jetpack-slideshow_caption gallery-caption\"><i>Le l\u00e9opard et la licorne qui combattent le dragon.<\/i><\/figcaption><\/figure><\/li><\/ul><a class=\"wp-block-jetpack-slideshow_button-prev swiper-button-prev swiper-button-white\" role=\"button\"><\/a><a class=\"wp-block-jetpack-slideshow_button-next swiper-button-next swiper-button-white\" role=\"button\"><\/a><a aria-label=\"Pause Slideshow\" class=\"wp-block-jetpack-slideshow_button-pause\" role=\"button\"><\/a><div class=\"wp-block-jetpack-slideshow_pagination swiper-pagination swiper-pagination-white\"><\/div><\/div><\/div>\n\n\n\n<p>Elle prend part \u00e0 <em>la guerre entre les quadrup\u00e8des et les oiseaux, <\/em>comme la pr\u00e9c\u00e9dente une v\u00e9ritable fable d&#8217;\u00c9sope pr\u00e9sente dans de nombreux recueils. Le personnage principal en est la chauve-souris qui ne veut pas prendre parti et finit par \u00eatre rejet\u00e9e par tous. Il est bien s\u00fbr totalement anachronique d\u2019y voir une all\u00e9gorie de la bisexualit\u00e9, mais c\u2019est quand m\u00eame tentant. Sur quelques gravures appara\u00eet le griffon, qui semble s&#8217;\u00eatre pos\u00e9 moins de questions identitaires et avoir rapidement choisi le camp des oiseaux. <\/p>\n\n\n\n<div class=\"wp-block-jetpack-slideshow aligncenter\" data-effect=\"slide\"><div class=\"wp-block-jetpack-slideshow_container swiper-container\"><ul class=\"wp-block-jetpack-slideshow_swiper-wrapper swiper-wrapper\"><li class=\"wp-block-jetpack-slideshow_slide swiper-slide\"><figure><img loading=\"lazy\" decoding=\"async\" width=\"2048\" height=\"1566\" alt=\"\" class=\"wp-block-jetpack-slideshow_image wp-image-6301\" data-id=\"6301\" src=\"https:\/\/faidutti.com\/blog\/licornes\/wp-content\/uploads\/sites\/2\/2022\/03\/1486-Fables-dEsope-1486-Quadrupedes-et-oiseaux--2048x1566.jpg\" srcset=\"https:\/\/faidutti.com\/blog\/licornes\/wp-content\/uploads\/sites\/2\/2022\/03\/1486-Fables-dEsope-1486-Quadrupedes-et-oiseaux--2048x1566.jpg 2048w, https:\/\/faidutti.com\/blog\/licornes\/wp-content\/uploads\/sites\/2\/2022\/03\/1486-Fables-dEsope-1486-Quadrupedes-et-oiseaux--300x229.jpg 300w, https:\/\/faidutti.com\/blog\/licornes\/wp-content\/uploads\/sites\/2\/2022\/03\/1486-Fables-dEsope-1486-Quadrupedes-et-oiseaux--768x587.jpg 768w, https:\/\/faidutti.com\/blog\/licornes\/wp-content\/uploads\/sites\/2\/2022\/03\/1486-Fables-dEsope-1486-Quadrupedes-et-oiseaux--1536x1174.jpg 1536w, https:\/\/faidutti.com\/blog\/licornes\/wp-content\/uploads\/sites\/2\/2022\/03\/1486-Fables-dEsope-1486-Quadrupedes-et-oiseaux--392x300.jpg 392w\" sizes=\"(max-width: 2048px) 100vw, 2048px\" \/><figcaption class=\"wp-block-jetpack-slideshow_caption gallery-caption\">Heinrich Steinhowel, <i>Vita et fabulae Aesopi<\/i>, 1486.<\/figcaption><\/figure><\/li><li class=\"wp-block-jetpack-slideshow_slide swiper-slide\"><figure><img loading=\"lazy\" decoding=\"async\" width=\"2048\" height=\"1753\" alt=\"\" class=\"wp-block-jetpack-slideshow_image wp-image-6303\" data-id=\"6303\" src=\"https:\/\/faidutti.com\/blog\/licornes\/wp-content\/uploads\/sites\/2\/2022\/03\/1497-Vita-et-Aesopus-moralisatus-tr.-Accio-Zucco-1497-2048x1753.jpg\" srcset=\"https:\/\/faidutti.com\/blog\/licornes\/wp-content\/uploads\/sites\/2\/2022\/03\/1497-Vita-et-Aesopus-moralisatus-tr.-Accio-Zucco-1497-2048x1753.jpg 2048w, https:\/\/faidutti.com\/blog\/licornes\/wp-content\/uploads\/sites\/2\/2022\/03\/1497-Vita-et-Aesopus-moralisatus-tr.-Accio-Zucco-1497-300x257.jpg 300w, https:\/\/faidutti.com\/blog\/licornes\/wp-content\/uploads\/sites\/2\/2022\/03\/1497-Vita-et-Aesopus-moralisatus-tr.-Accio-Zucco-1497-768x657.jpg 768w, https:\/\/faidutti.com\/blog\/licornes\/wp-content\/uploads\/sites\/2\/2022\/03\/1497-Vita-et-Aesopus-moralisatus-tr.-Accio-Zucco-1497-1536x1315.jpg 1536w, https:\/\/faidutti.com\/blog\/licornes\/wp-content\/uploads\/sites\/2\/2022\/03\/1497-Vita-et-Aesopus-moralisatus-tr.-Accio-Zucco-1497-351x300.jpg 351w\" sizes=\"(max-width: 2048px) 100vw, 2048px\" \/><figcaption class=\"wp-block-jetpack-slideshow_caption gallery-caption\"><i>Vita et Aesopus Moralisatus<\/i>, 1497.<\/figcaption><\/figure><\/li><li class=\"wp-block-jetpack-slideshow_slide swiper-slide\"><figure><img loading=\"lazy\" decoding=\"async\" width=\"774\" height=\"1277\" alt=\"\" class=\"wp-block-jetpack-slideshow_image wp-image-6311\" data-id=\"6311\" src=\"https:\/\/faidutti.com\/blog\/licornes\/wp-content\/uploads\/sites\/2\/2022\/03\/1564-Aesopi-Phrygis-et-aliorum-fabulae-...-iconibus-illustratae-1564.jpg\" srcset=\"https:\/\/faidutti.com\/blog\/licornes\/wp-content\/uploads\/sites\/2\/2022\/03\/1564-Aesopi-Phrygis-et-aliorum-fabulae-...-iconibus-illustratae-1564.jpg 774w, https:\/\/faidutti.com\/blog\/licornes\/wp-content\/uploads\/sites\/2\/2022\/03\/1564-Aesopi-Phrygis-et-aliorum-fabulae-...-iconibus-illustratae-1564-182x300.jpg 182w, https:\/\/faidutti.com\/blog\/licornes\/wp-content\/uploads\/sites\/2\/2022\/03\/1564-Aesopi-Phrygis-et-aliorum-fabulae-...-iconibus-illustratae-1564-768x1267.jpg 768w\" sizes=\"(max-width: 774px) 100vw, 774px\" \/><figcaption class=\"wp-block-jetpack-slideshow_caption gallery-caption\"><i>Aesopi Phrygis et aliorum fabul\u00e6<\/i>, 1564.<\/figcaption><\/figure><\/li><li class=\"wp-block-jetpack-slideshow_slide swiper-slide\"><figure><img loading=\"lazy\" decoding=\"async\" width=\"1844\" height=\"2048\" alt=\"\" class=\"wp-block-jetpack-slideshow_image wp-image-6312\" data-id=\"6312\" src=\"https:\/\/faidutti.com\/blog\/licornes\/wp-content\/uploads\/sites\/2\/2022\/03\/1564-Aesopics-or-A-second-collection-of-fables-de-avibus-et-quadrupedibus--1844x2048.jpg\" srcset=\"https:\/\/faidutti.com\/blog\/licornes\/wp-content\/uploads\/sites\/2\/2022\/03\/1564-Aesopics-or-A-second-collection-of-fables-de-avibus-et-quadrupedibus--1844x2048.jpg 1844w, https:\/\/faidutti.com\/blog\/licornes\/wp-content\/uploads\/sites\/2\/2022\/03\/1564-Aesopics-or-A-second-collection-of-fables-de-avibus-et-quadrupedibus--270x300.jpg 270w, https:\/\/faidutti.com\/blog\/licornes\/wp-content\/uploads\/sites\/2\/2022\/03\/1564-Aesopics-or-A-second-collection-of-fables-de-avibus-et-quadrupedibus--768x853.jpg 768w, https:\/\/faidutti.com\/blog\/licornes\/wp-content\/uploads\/sites\/2\/2022\/03\/1564-Aesopics-or-A-second-collection-of-fables-de-avibus-et-quadrupedibus--1383x1536.jpg 1383w\" sizes=\"(max-width: 1844px) 100vw, 1844px\" \/><figcaption class=\"wp-block-jetpack-slideshow_caption gallery-caption\">John Ogilby, <i>Aesopics or a second collection of fables<\/i>, 1668<\/figcaption><\/figure><\/li><li class=\"wp-block-jetpack-slideshow_slide swiper-slide\"><figure><img loading=\"lazy\" decoding=\"async\" width=\"1845\" height=\"2048\" alt=\"\" class=\"wp-block-jetpack-slideshow_image wp-image-6313\" data-id=\"6313\" src=\"https:\/\/faidutti.com\/blog\/licornes\/wp-content\/uploads\/sites\/2\/2022\/03\/1564-Aesopics-or-A-second-collection-of-fables-de-jove-et-camelos-1845x2048.jpg\" srcset=\"https:\/\/faidutti.com\/blog\/licornes\/wp-content\/uploads\/sites\/2\/2022\/03\/1564-Aesopics-or-A-second-collection-of-fables-de-jove-et-camelos-1845x2048.jpg 1845w, https:\/\/faidutti.com\/blog\/licornes\/wp-content\/uploads\/sites\/2\/2022\/03\/1564-Aesopics-or-A-second-collection-of-fables-de-jove-et-camelos-270x300.jpg 270w, https:\/\/faidutti.com\/blog\/licornes\/wp-content\/uploads\/sites\/2\/2022\/03\/1564-Aesopics-or-A-second-collection-of-fables-de-jove-et-camelos-768x853.jpg 768w, https:\/\/faidutti.com\/blog\/licornes\/wp-content\/uploads\/sites\/2\/2022\/03\/1564-Aesopics-or-A-second-collection-of-fables-de-jove-et-camelos-1384x1536.jpg 1384w\" sizes=\"(max-width: 1845px) 100vw, 1845px\" \/><figcaption class=\"wp-block-jetpack-slideshow_caption gallery-caption\"><i>Jupiter et le chameau<\/i><\/figcaption><\/figure><\/li><li class=\"wp-block-jetpack-slideshow_slide swiper-slide\"><figure><img loading=\"lazy\" decoding=\"async\" width=\"1595\" height=\"2048\" alt=\"\" class=\"wp-block-jetpack-slideshow_image wp-image-6314\" data-id=\"6314\" src=\"https:\/\/faidutti.com\/blog\/licornes\/wp-content\/uploads\/sites\/2\/2022\/03\/1564-Aesopics-or-A-second-collection-of-fables.--1595x2048.jpg\" srcset=\"https:\/\/faidutti.com\/blog\/licornes\/wp-content\/uploads\/sites\/2\/2022\/03\/1564-Aesopics-or-A-second-collection-of-fables.--1595x2048.jpg 1595w, https:\/\/faidutti.com\/blog\/licornes\/wp-content\/uploads\/sites\/2\/2022\/03\/1564-Aesopics-or-A-second-collection-of-fables.--234x300.jpg 234w, https:\/\/faidutti.com\/blog\/licornes\/wp-content\/uploads\/sites\/2\/2022\/03\/1564-Aesopics-or-A-second-collection-of-fables.--768x986.jpg 768w, https:\/\/faidutti.com\/blog\/licornes\/wp-content\/uploads\/sites\/2\/2022\/03\/1564-Aesopics-or-A-second-collection-of-fables.--1196x1536.jpg 1196w, https:\/\/faidutti.com\/blog\/licornes\/wp-content\/uploads\/sites\/2\/2022\/03\/1564-Aesopics-or-A-second-collection-of-fables.-.jpg 1994w\" sizes=\"(max-width: 1595px) 100vw, 1595px\" \/><figcaption class=\"wp-block-jetpack-slideshow_caption gallery-caption\">Cette gravure illustre le m\u00eame recueil anglais de fables d&#8217;Esope, en 1668, mais je n&#8217;ai pas trouv\u00e9 de quelle fable il s&#8217;agissait. SI quelqu&#8217;un a une id\u00e9e.<\/figcaption><\/figure><\/li><\/ul><a class=\"wp-block-jetpack-slideshow_button-prev swiper-button-prev swiper-button-white\" role=\"button\"><\/a><a class=\"wp-block-jetpack-slideshow_button-next swiper-button-next swiper-button-white\" role=\"button\"><\/a><a aria-label=\"Pause Slideshow\" class=\"wp-block-jetpack-slideshow_button-pause\" role=\"button\"><\/a><div class=\"wp-block-jetpack-slideshow_pagination swiper-pagination swiper-pagination-white\"><\/div><\/div><\/div>\n\n\n\n<p><em>La licorne et la huppe,<\/em> qui appara\u00eet dans quelques recueils de vraies et fausses fables d&#8217;Esope \u00e0 la fin du XVIIe si\u00e8cle, est une fable moderne, contemporaine de celles de La Fontaine.<\/p>\n\n\n\n<figure class=\"wp-block-image size-large\"><img loading=\"lazy\" decoding=\"async\" width=\"2048\" height=\"1672\" src=\"https:\/\/faidutti.com\/blog\/licornes\/wp-content\/uploads\/sites\/2\/2022\/03\/1689-Fables_dEsope_avec_les_figures-2048x1672.jpg\" alt=\"\" class=\"wp-image-6317\" srcset=\"https:\/\/faidutti.com\/blog\/licornes\/wp-content\/uploads\/sites\/2\/2022\/03\/1689-Fables_dEsope_avec_les_figures-2048x1672.jpg 2048w, https:\/\/faidutti.com\/blog\/licornes\/wp-content\/uploads\/sites\/2\/2022\/03\/1689-Fables_dEsope_avec_les_figures-300x245.jpg 300w, https:\/\/faidutti.com\/blog\/licornes\/wp-content\/uploads\/sites\/2\/2022\/03\/1689-Fables_dEsope_avec_les_figures-768x627.jpg 768w, https:\/\/faidutti.com\/blog\/licornes\/wp-content\/uploads\/sites\/2\/2022\/03\/1689-Fables_dEsope_avec_les_figures-1536x1254.jpg 1536w, https:\/\/faidutti.com\/blog\/licornes\/wp-content\/uploads\/sites\/2\/2022\/03\/1689-Fables_dEsope_avec_les_figures-367x300.jpg 367w\" sizes=\"auto, (max-width: 2048px) 100vw, 2048px\" \/><figcaption class=\"wp-element-caption\"><em>Fables d\u2019Esope avec les figures de Sadeler,<\/em>1689.<\/figcaption><\/figure>\n\n\n\n<p>Au XIXe si\u00e8cle, les l\u00e9gendes populaires reviennent \u00e0 la mode. Suivant l\u2019exemple des fr\u00e8res Grimm, des auteurs de toute l\u2019Europe publient des recueils dans lesquels il n\u2019est pas toujours possible de faire la part de la tradition orale, de l\u2019embellissement et, parfois, de l\u2019invention. Les fables&nbsp; prennent du volume et deviennent contes. La licorne plante sa corne dans un arbre dans <em>Le Vaillant petit tailleur, <\/em>elle ne parvient pas \u00e0 monter dans l\u2019Arche dans un conte juif<a id=\"_ftnref1\" href=\"#_ftn1\">[1]<\/a>, un ours dont la corne unique cache une escarboucle appara\u00eet dans un conte islandais<a id=\"_ftnref2\" href=\"#_ftn2\">[2]<\/a>, un quadrup\u00e8de \u00e0 longues pattes et longue corne rode dans les lochs de l\u2019\u00eele de Skye<a id=\"_ftnref3\" href=\"#_ftn3\">[3]<\/a>, mais il est difficile de dater des r\u00e9cits dont nous n\u2019avons souvent pas de trace \u00e9crite avant l\u2019\u00e9poque romantique. Dans les ann\u00e9es 1900, certains auteurs se font m\u00eame une sp\u00e9cialit\u00e9 d\u2019en cr\u00e9er de nouveaux, dont l\u2019action se situe toujours dans le m\u00eame Moyen \u00c2ge intemporel et l\u00e9g\u00e8rement f\u00e9\u00e9rique. Ces contes reconstruits, trop beaux, trop na\u00effs et trop gentils pour \u00eatre vrais, ont pour la plupart \u00e9t\u00e9 vite oubli\u00e9s. Un exemple parmi des dizaines, dans le magazine anglais <em>The Strand<\/em>,&nbsp; le m\u00eame qui publiait les aventures de Sherlock Holmes, parut en 1895 un conte de E.P. Larken intitul\u00e9&nbsp;<em>la licorne<\/em>. On y retrouve un topos classique des contes de f\u00e9es, les trois fr\u00e8res (ou les trois s\u0153urs) dont le benjamin, plus honn\u00eate et courageux, r\u00e9ussit l\u00e0 o\u00f9 ses brutaux ain\u00e9s ont \u00e9chou\u00e9. Laiss\u00e9 pour mort par ses fr\u00e8res Fritz et Franz, Hans, avec l\u2019aide de la licorne, trouve la fontaine enchant\u00e9e dont l\u2019eau transforme ce qu\u2019elle touche en or et, bien s\u00fbr, \u00e9pouse la princesse.<\/p>\n\n\n\n<div class=\"wp-block-jetpack-slideshow aligncenter\" data-effect=\"slide\"><div class=\"wp-block-jetpack-slideshow_container swiper-container\"><ul class=\"wp-block-jetpack-slideshow_swiper-wrapper swiper-wrapper\"><li class=\"wp-block-jetpack-slideshow_slide swiper-slide\"><figure><img loading=\"lazy\" decoding=\"async\" width=\"2048\" height=\"1990\" alt=\"\" class=\"wp-block-jetpack-slideshow_image wp-image-6319\" data-id=\"6319\" src=\"https:\/\/faidutti.com\/blog\/licornes\/wp-content\/uploads\/sites\/2\/2022\/03\/1895-Strand-Larken-The-Unicorn-2048x1990.jpg\" srcset=\"https:\/\/faidutti.com\/blog\/licornes\/wp-content\/uploads\/sites\/2\/2022\/03\/1895-Strand-Larken-The-Unicorn-2048x1990.jpg 2048w, https:\/\/faidutti.com\/blog\/licornes\/wp-content\/uploads\/sites\/2\/2022\/03\/1895-Strand-Larken-The-Unicorn-300x292.jpg 300w, https:\/\/faidutti.com\/blog\/licornes\/wp-content\/uploads\/sites\/2\/2022\/03\/1895-Strand-Larken-The-Unicorn-768x746.jpg 768w, https:\/\/faidutti.com\/blog\/licornes\/wp-content\/uploads\/sites\/2\/2022\/03\/1895-Strand-Larken-The-Unicorn-1536x1493.jpg 1536w, https:\/\/faidutti.com\/blog\/licornes\/wp-content\/uploads\/sites\/2\/2022\/03\/1895-Strand-Larken-The-Unicorn-309x300.jpg 309w\" sizes=\"(max-width: 2048px) 100vw, 2048px\" \/><figcaption class=\"wp-block-jetpack-slideshow_caption gallery-caption\">E.P. Larken, <i>La licorne<\/i><i>, in <\/i><i>Strand&gt;\/i&gt;, 1895.<\/i><\/figcaption><\/figure><\/li><li class=\"wp-block-jetpack-slideshow_slide swiper-slide\"><figure><img loading=\"lazy\" decoding=\"async\" width=\"800\" height=\"1123\" alt=\"\" class=\"wp-block-jetpack-slideshow_image wp-image-6320\" data-id=\"6320\" src=\"https:\/\/faidutti.com\/blog\/licornes\/wp-content\/uploads\/sites\/2\/2022\/03\/1903-Mehoffer-.jpg\" srcset=\"https:\/\/faidutti.com\/blog\/licornes\/wp-content\/uploads\/sites\/2\/2022\/03\/1903-Mehoffer-.jpg 800w, https:\/\/faidutti.com\/blog\/licornes\/wp-content\/uploads\/sites\/2\/2022\/03\/1903-Mehoffer--214x300.jpg 214w, https:\/\/faidutti.com\/blog\/licornes\/wp-content\/uploads\/sites\/2\/2022\/03\/1903-Mehoffer--768x1078.jpg 768w\" sizes=\"(max-width: 800px) 100vw, 800px\" \/><figcaption class=\"wp-block-jetpack-slideshow_caption gallery-caption\">Sur cette affiche de Jozef Mehoffer, en 1903, tout se m\u00e9lange puisque la jeune vierge semble permettre \u00e0 licorne d\u2019\u00e9chapper au loup d\u00e9guis\u00e9 en agneau\u2026\u2026<\/figcaption><\/figure><\/li><\/ul><a class=\"wp-block-jetpack-slideshow_button-prev swiper-button-prev swiper-button-white\" role=\"button\"><\/a><a class=\"wp-block-jetpack-slideshow_button-next swiper-button-next swiper-button-white\" role=\"button\"><\/a><a aria-label=\"Pause Slideshow\" class=\"wp-block-jetpack-slideshow_button-pause\" role=\"button\"><\/a><div class=\"wp-block-jetpack-slideshow_pagination swiper-pagination swiper-pagination-white\"><\/div><\/div><\/div>\n\n\n\n<hr class=\"wp-block-separator has-css-opacity is-style-wide\"\/>\n\n\n\n<p class=\"has-small-font-size\"><a id=\"_ftn1\" href=\"#_ftnref1\">[1]<\/a> Gertrude Landa, <em>Jewish Fairy Tales and Legends<\/em>, 1919.<br \/><a id=\"_ftn2\" href=\"#_ftnref2\">[2]<\/a> J\u00f3n \u00c1rnason,&nbsp;<em>\u00cdslenzkar \u00fej\u00f3\u00f0s\u00f6gur og \u00e6vint\u00fdri<\/em>, 1864.<br \/><a id=\"_ftn3\" href=\"#_ftnref3\">[3]<\/a> John Gregorson Campbell, <em>Superstitions of the Highlands &amp; Islands of Scotland<\/em>, Glasgow, 1900, p.217.<\/p>\n\n\n\n<p><\/p>\n","protected":false},"excerpt":{"rendered":"<p>Un peu comme pour les bestiaires, j&#8217;avais beaucoup d&#8217;images qui n&#8217;ont bien s\u00fbr pas toutes trouv\u00e9 place dans mon livre. Voici donc quelques miniatures, et de nombreuses gravures, ou apparait la licorne. Les recueils manuscrits de Dialogues des cr\u00e9atures sont &hellip; <a href=\"https:\/\/faidutti.com\/blog\/licornes\/2022\/07\/04\/%f0%9f%93%96-fables-et-contes\/\">Continue reading <span class=\"meta-nav\">&rarr;<\/span><\/a><\/p>\n","protected":false},"author":2,"featured_media":6288,"comment_status":"open","ping_status":"open","sticky":false,"template":"","format":"standard","meta":{"_jetpack_memberships_contains_paid_content":false,"footnotes":""},"categories":[6],"tags":[],"class_list":["post-6321","post","type-post","status-publish","format-standard","has-post-thumbnail","hentry","category-contes-legendes-et-allegories"],"jetpack_featured_media_url":"https:\/\/faidutti.com\/blog\/licornes\/wp-content\/uploads\/sites\/2\/2022\/03\/1450-Melk-Benediktinerstift-Cod.-551-961-fol-51v-XVe-.jpg","jetpack_sharing_enabled":true,"_links":{"self":[{"href":"https:\/\/faidutti.com\/blog\/licornes\/wp-json\/wp\/v2\/posts\/6321","targetHints":{"allow":["GET"]}}],"collection":[{"href":"https:\/\/faidutti.com\/blog\/licornes\/wp-json\/wp\/v2\/posts"}],"about":[{"href":"https:\/\/faidutti.com\/blog\/licornes\/wp-json\/wp\/v2\/types\/post"}],"author":[{"embeddable":true,"href":"https:\/\/faidutti.com\/blog\/licornes\/wp-json\/wp\/v2\/users\/2"}],"replies":[{"embeddable":true,"href":"https:\/\/faidutti.com\/blog\/licornes\/wp-json\/wp\/v2\/comments?post=6321"}],"version-history":[{"count":11,"href":"https:\/\/faidutti.com\/blog\/licornes\/wp-json\/wp\/v2\/posts\/6321\/revisions"}],"predecessor-version":[{"id":7940,"href":"https:\/\/faidutti.com\/blog\/licornes\/wp-json\/wp\/v2\/posts\/6321\/revisions\/7940"}],"wp:featuredmedia":[{"embeddable":true,"href":"https:\/\/faidutti.com\/blog\/licornes\/wp-json\/wp\/v2\/media\/6288"}],"wp:attachment":[{"href":"https:\/\/faidutti.com\/blog\/licornes\/wp-json\/wp\/v2\/media?parent=6321"}],"wp:term":[{"taxonomy":"category","embeddable":true,"href":"https:\/\/faidutti.com\/blog\/licornes\/wp-json\/wp\/v2\/categories?post=6321"},{"taxonomy":"post_tag","embeddable":true,"href":"https:\/\/faidutti.com\/blog\/licornes\/wp-json\/wp\/v2\/tags?post=6321"}],"curies":[{"name":"wp","href":"https:\/\/api.w.org\/{rel}","templated":true}]}}