{"id":5926,"date":"2022-06-13T08:07:34","date_gmt":"2022-06-13T08:07:34","guid":{"rendered":"https:\/\/faidutti.com\/blog\/licornes\/?p=5926"},"modified":"2024-04-12T14:46:33","modified_gmt":"2024-04-12T14:46:33","slug":"%f0%9f%93%96-vers-le-pays-des-fees","status":"publish","type":"post","link":"https:\/\/faidutti.com\/blog\/licornes\/2022\/06\/13\/%f0%9f%93%96-vers-le-pays-des-fees\/","title":{"rendered":"\ud83d\udcd6 Vers le pays des f\u00e9es"},"content":{"rendered":"\n<p class=\"has-orange-color has-text-color\"><strong>C&#8217;est \u00e0 la fin du XIXe si\u00e8cle, dans la peinture et la po\u00e9sie symboliste, que la licorne, animal exotique des d\u00e9serts d&#8217;Orient devint ce qu&#8217;elle est rest\u00e9e depuis, une cr\u00e9ature presque mythologique des for\u00eats nordiques. Voici quelques po\u00e8mes et tableaux qui t\u00e9moignent de cette derni\u00e8re m\u00e9tamorphose. <\/strong><\/p>\n\n\n<div class=\"wp-block-image is-resized\">\n<figure class=\"aligncenter size-full\"><img loading=\"lazy\" decoding=\"async\" width=\"1295\" height=\"1989\" src=\"https:\/\/faidutti.com\/blog\/licornes\/wp-content\/uploads\/sites\/2\/2022\/03\/Gustave-Moreau-La-licorne-rouge.jpg\" alt=\"\" class=\"wp-image-5934\" srcset=\"https:\/\/faidutti.com\/blog\/licornes\/wp-content\/uploads\/sites\/2\/2022\/03\/Gustave-Moreau-La-licorne-rouge.jpg 1295w, https:\/\/faidutti.com\/blog\/licornes\/wp-content\/uploads\/sites\/2\/2022\/03\/Gustave-Moreau-La-licorne-rouge-195x300.jpg 195w, https:\/\/faidutti.com\/blog\/licornes\/wp-content\/uploads\/sites\/2\/2022\/03\/Gustave-Moreau-La-licorne-rouge-768x1180.jpg 768w, https:\/\/faidutti.com\/blog\/licornes\/wp-content\/uploads\/sites\/2\/2022\/03\/Gustave-Moreau-La-licorne-rouge-1000x1536.jpg 1000w\" sizes=\"auto, (max-width: 1295px) 100vw, 1295px\" \/><figcaption class=\"wp-element-caption\">Gustave Moreau, <i>La licorne,<\/i> circa 1885. Collection priv\u00e9e.<\/figcaption><\/figure>\n<\/div>\n\n\n<p class=\"has-black-color has-text-color\">Pour Fernand Gregh, alors critique litt\u00e9raire au Figaro, le genre manquait de finesse et de l\u00e9g\u00e8ret\u00e9. Il n&#8217;avait pas compl\u00e8tement tort, mais cela n&#8217;en a pas moins un certain charme.<\/p>\n\n\n\n<p class=\"has-background\" style=\"background-color:#d5eaf9\">La po\u00e9sie des symbolistes a exprim\u00e9 des r\u00eaves abscons et froids, et non la vie. Ils ont cr\u00e9\u00e9 tout un d\u00e9cor de glaives, d&#8217;urnes, de cypr\u00e8s, de chim\u00e8res et de licornes qui s&#8217;en va d\u00e9j\u00e0 rejoindre au magasin des accessoires surann\u00e9s le d\u00e9cor romantique, les nacelles, les \u00e9charpes, les gondoles, les seins brunis et les saules, les cimeterres et les dagues qui en 1850 avaient d\u00e9j\u00e0 cess\u00e9 de plaire.<br \/><br \/>\u2014 Fernand Gregh, <em>Le Figaro, <\/em>1902<\/p>\n\n\n<div class=\"wp-block-image is-resized\">\n<figure class=\"aligncenter size-full\"><img loading=\"lazy\" decoding=\"async\" width=\"2048\" height=\"1608\" src=\"https:\/\/faidutti.com\/blog\/licornes\/wp-content\/uploads\/sites\/2\/2022\/03\/Arnold-Bocklin-Sanctuaire-garde-par-une-licorne-1871.jpg\" alt=\"\" class=\"wp-image-5938\" srcset=\"https:\/\/faidutti.com\/blog\/licornes\/wp-content\/uploads\/sites\/2\/2022\/03\/Arnold-Bocklin-Sanctuaire-garde-par-une-licorne-1871.jpg 2048w, https:\/\/faidutti.com\/blog\/licornes\/wp-content\/uploads\/sites\/2\/2022\/03\/Arnold-Bocklin-Sanctuaire-garde-par-une-licorne-1871-300x236.jpg 300w, https:\/\/faidutti.com\/blog\/licornes\/wp-content\/uploads\/sites\/2\/2022\/03\/Arnold-Bocklin-Sanctuaire-garde-par-une-licorne-1871-768x603.jpg 768w, https:\/\/faidutti.com\/blog\/licornes\/wp-content\/uploads\/sites\/2\/2022\/03\/Arnold-Bocklin-Sanctuaire-garde-par-une-licorne-1871-1536x1206.jpg 1536w, https:\/\/faidutti.com\/blog\/licornes\/wp-content\/uploads\/sites\/2\/2022\/03\/Arnold-Bocklin-Sanctuaire-garde-par-une-licorne-1871-382x300.jpg 382w\" sizes=\"auto, (max-width: 2048px) 100vw, 2048px\" \/><figcaption class=\"wp-element-caption\">Arnold B\u00f6cklin, <em>Sanctuaire gard\u00e9 par une licorne<\/em>, 1871. Schackgalerie, Munich<\/figcaption><\/figure>\n<\/div>\n\n\n<p class=\"has-background\" style=\"background-color:#e2f8d1\">Et la belle s\u2019endormit.<br \/><br \/>La belle, dont le sort fut de dormir cent ans<br \/>Au jardin du manoir et dans le vaste songe<br \/>O\u00f9 le cri n\u00e9 des clairons sacr\u00e9s se prolonge<br \/>Pour sonner son sommeil jusqu\u2019\u00e0 l\u2019aube des Temps&nbsp;<br \/><br \/>La belle pour l\u2019\u00e9veil victorieux d\u2019antans<br \/>Que son intacte chair proclamera mensonge<br \/>A charg\u00e9 de joyaux sa main qui git et plonge<br \/>En un flot de crini\u00e8re o\u00f9 les doigts sont latents.<br \/><br \/>Et tandis que des toits, des tours et des tourelles<br \/>Les colombes ont pris essor et qu\u2019infid\u00e8les<br \/>Les Paons myst\u00e9rieux ont fui vers la for\u00eat<br \/><br \/>Couch\u00e9e aupr\u00e8s de la Dormeuse, la Licorne<br \/>Attends l\u2019heure et l\u00e0-bas guette si repara\u00eet<br \/>L\u2019annonciateur vol blanchir l\u2019aurore morne<br \/><br \/>Et le chevalier ne vint pas.<br \/><br \/>Les paons bleus l\u2019ont cherch\u00e9 dans la for\u00eat. Nul soir<br \/>N\u2019a rougi son cimier d\u2019ailes et de chim\u00e8re&nbsp;;<br \/>Les Colombes blanches dont l\u2019aurore est la m\u00e8re<br \/>Ont vu la tour d\u00e9serte et vide le manoir<br \/><br \/>Et les A\u00efeux, d\u00e8s jadis morts, n\u2019eurent pas d\u2019hoir<br \/>Avide d\u2019aventure \u00e9trange et de myst\u00e8re<br \/>Nul h\u00e9ros \u00e0 venir, pour l\u2019honneur de la terre,<br \/>Vaincre d\u2019un baiser le magique sommeil noir.<br \/><br \/>L\u2019endormie \u00e0 jamais \u00e9tale ses mains p\u00e2les<br \/>O\u00f9 verdit une mort annulaire d\u2019opales&nbsp;;<br \/>Et la princesse va mourir s\u2019il ne vient pas.<br \/><br \/>Plus n\u2019a souci, Nul, de dissoudre un sortil\u00e8ge,<br \/>Et la licorne hennit rauque au ciel lilas<br \/>Ou frissonne une odeur de mort, d\u2019ombre et de neige<br \/><br \/>Et la belle mourut.<br \/><br \/>La licorne ru\u00e9e en fuite hume et croise<br \/>Les vents qui du midi remontent vers le nord,<br \/>Et sa crini\u00e8re \u00e9parse ruisselle et se tord<br \/>Que nattait de rubis la Princesse danoise<br \/><br \/>Loin des glaciers et des neiges roses que boise<br \/>La verdure des pins o\u00f9 gronde comme un cor<br \/>L\u2019\u00e9cho du marteau lourd des Nains qui, forgeurs d\u2019or,<br \/>Fa\u00e7onnent le hanap o\u00f9 l\u2019on boit la cervoise<br \/><br \/>La Princesse aux doux yeux de lac, d\u2019astre et de mers,<br \/>Est morte, et la B\u00eate fabuleuse \u00e0 travers<br \/>Les gels glauques, la nuit vaste, l\u2019aurore morne,<br \/><br \/>Folle d\u2019avoir flair\u00e9 les mains froides de mort,<br \/>Se cabre, fonce et heurte et coupe de sa corne<br \/>Les vents qui du midi remontent vers le nord<br \/><br \/>\u2014 Henri de R\u00e9gnier, <em>Motifs de l\u00e9gende et de m\u00e9lancolie, <\/em>1890.<\/p>\n\n\n<div class=\"wp-block-image is-resized\">\n<figure class=\"aligncenter size-large\"><img loading=\"lazy\" decoding=\"async\" width=\"2048\" height=\"1323\" src=\"https:\/\/faidutti.com\/blog\/licornes\/wp-content\/uploads\/sites\/2\/2022\/03\/John-Duncan-The-Riders-of-the-Sidhe-1911--2048x1323.jpg\" alt=\"\" class=\"wp-image-5936\" srcset=\"https:\/\/faidutti.com\/blog\/licornes\/wp-content\/uploads\/sites\/2\/2022\/03\/John-Duncan-The-Riders-of-the-Sidhe-1911--2048x1323.jpg 2048w, https:\/\/faidutti.com\/blog\/licornes\/wp-content\/uploads\/sites\/2\/2022\/03\/John-Duncan-The-Riders-of-the-Sidhe-1911--300x194.jpg 300w, https:\/\/faidutti.com\/blog\/licornes\/wp-content\/uploads\/sites\/2\/2022\/03\/John-Duncan-The-Riders-of-the-Sidhe-1911--768x496.jpg 768w, https:\/\/faidutti.com\/blog\/licornes\/wp-content\/uploads\/sites\/2\/2022\/03\/John-Duncan-The-Riders-of-the-Sidhe-1911--1536x992.jpg 1536w, https:\/\/faidutti.com\/blog\/licornes\/wp-content\/uploads\/sites\/2\/2022\/03\/John-Duncan-The-Riders-of-the-Sidhe-1911--464x300.jpg 464w\" sizes=\"auto, (max-width: 2048px) 100vw, 2048px\" \/><figcaption class=\"wp-element-caption\">John Duncan, <i>The Riders of the Sidhe<\/i>, 1911. MacManus Gallery, Dundee.<\/figcaption><\/figure>\n<\/div>\n\n\n<p class=\"has-background\" style=\"background-color:#fffad1\">R\u00eave-nous tes palais, tes jardins, tes fontaines<br \/>Et tes terrasses d\u2019or o\u00f9 bat la mer du soir<br \/>Et ta for\u00eat magique o\u00f9 dans la nuit tu m\u00e8nes<br \/>La Licorne d\u2019argent, la Guivre et le Faon noir.<br \/><br \/>\u2014 Henri de R\u00e9gnier, <em>La Vigile des Gr\u00e8ves<\/em>, in <em>Po\u00e8mes anciens et romanesques<\/em>, 1890<\/p>\n\n\n<div class=\"wp-block-image is-resized\">\n<figure class=\"aligncenter size-large\"><img loading=\"lazy\" decoding=\"async\" width=\"1539\" height=\"2048\" src=\"https:\/\/faidutti.com\/blog\/licornes\/wp-content\/uploads\/sites\/2\/2022\/03\/Gustave-Moreau-Les-licornes-1539x2048.jpg\" alt=\"\" class=\"wp-image-5933\" srcset=\"https:\/\/faidutti.com\/blog\/licornes\/wp-content\/uploads\/sites\/2\/2022\/03\/Gustave-Moreau-Les-licornes-1539x2048.jpg 1539w, https:\/\/faidutti.com\/blog\/licornes\/wp-content\/uploads\/sites\/2\/2022\/03\/Gustave-Moreau-Les-licornes-225x300.jpg 225w, https:\/\/faidutti.com\/blog\/licornes\/wp-content\/uploads\/sites\/2\/2022\/03\/Gustave-Moreau-Les-licornes-768x1022.jpg 768w, https:\/\/faidutti.com\/blog\/licornes\/wp-content\/uploads\/sites\/2\/2022\/03\/Gustave-Moreau-Les-licornes-1154x1536.jpg 1154w, https:\/\/faidutti.com\/blog\/licornes\/wp-content\/uploads\/sites\/2\/2022\/03\/Gustave-Moreau-Les-licornes.jpg 1924w\" sizes=\"auto, (max-width: 1539px) 100vw, 1539px\" \/><figcaption class=\"wp-element-caption\">Gustave Moreau, <em>Les licornes,<\/em> 1885. Mus\u00e9e Gustave Moreau, Paris.<\/figcaption><\/figure>\n<\/div>\n\n\n<p class=\"has-background\" style=\"background-color:#fae7f5\">Ton amour est profond comme la for\u00eat morne <br \/>Malgr\u00e9 ses roses et ton rire et tes oiseaux <br \/>Et la tra\u00eene de tes robes o\u00f9 la licorne <br \/>\u00c9crasait des rubis au bris de ses sabots.<br \/><br \/>\u2014 Henri de R\u00e9gnier, <em>La Vigile des Gr\u00e8ves<\/em>, in <em>Po\u00e8mes anciens et romanesques<\/em>, 1890<\/p>\n\n\n<div class=\"wp-block-image is-resized\">\n<figure class=\"aligncenter size-large\"><img loading=\"lazy\" decoding=\"async\" width=\"997\" height=\"2048\" src=\"https:\/\/faidutti.com\/blog\/licornes\/wp-content\/uploads\/sites\/2\/2022\/03\/Gustave-Moreau-la-licorne-bleu-997x2048.jpg\" alt=\"\" class=\"wp-image-5935\" srcset=\"https:\/\/faidutti.com\/blog\/licornes\/wp-content\/uploads\/sites\/2\/2022\/03\/Gustave-Moreau-la-licorne-bleu-997x2048.jpg 997w, https:\/\/faidutti.com\/blog\/licornes\/wp-content\/uploads\/sites\/2\/2022\/03\/Gustave-Moreau-la-licorne-bleu-146x300.jpg 146w, https:\/\/faidutti.com\/blog\/licornes\/wp-content\/uploads\/sites\/2\/2022\/03\/Gustave-Moreau-la-licorne-bleu-768x1578.jpg 768w, https:\/\/faidutti.com\/blog\/licornes\/wp-content\/uploads\/sites\/2\/2022\/03\/Gustave-Moreau-la-licorne-bleu-748x1536.jpg 748w, https:\/\/faidutti.com\/blog\/licornes\/wp-content\/uploads\/sites\/2\/2022\/03\/Gustave-Moreau-la-licorne-bleu-scaled.jpg 1246w\" sizes=\"auto, (max-width: 997px) 100vw, 997px\" \/><\/figure>\n<\/div>\n\n\n<p class=\"has-background\" style=\"background-color:#deedfa\">Et l&#8217;arbre a referm\u00e9 son \u00e9corce fendue<br \/>Silencieusement sur la Dryade nue,<br \/>Prisonni\u00e8re \u00e0 jamais du tronc qui la retient,<br \/>Et, merveilleux combat h\u00e9raldique et pa\u00efen,<br \/>On ne reverra plus se heurter sous les branches<br \/>Le Centaure au poil rouge et la Licorne blanche.<br \/><br \/>\u2014 Henri de R\u00e9gnier, <em>La for\u00eat<\/em>, in <em>Po\u00e8mes anciens et romanesques<\/em>, 1890<\/p>\n\n\n<div class=\"wp-block-image is-resized\">\n<figure class=\"aligncenter size-large\"><img loading=\"lazy\" decoding=\"async\" width=\"1680\" height=\"2048\" src=\"https:\/\/faidutti.com\/blog\/licornes\/wp-content\/uploads\/sites\/2\/2022\/03\/Arnold-Bocklin-Silence-1885-musee-de-Poznan--1680x2048.jpg\" alt=\"\" class=\"wp-image-5942\" srcset=\"https:\/\/faidutti.com\/blog\/licornes\/wp-content\/uploads\/sites\/2\/2022\/03\/Arnold-Bocklin-Silence-1885-musee-de-Poznan--1680x2048.jpg 1680w, https:\/\/faidutti.com\/blog\/licornes\/wp-content\/uploads\/sites\/2\/2022\/03\/Arnold-Bocklin-Silence-1885-musee-de-Poznan--246x300.jpg 246w, https:\/\/faidutti.com\/blog\/licornes\/wp-content\/uploads\/sites\/2\/2022\/03\/Arnold-Bocklin-Silence-1885-musee-de-Poznan--768x936.jpg 768w, https:\/\/faidutti.com\/blog\/licornes\/wp-content\/uploads\/sites\/2\/2022\/03\/Arnold-Bocklin-Silence-1885-musee-de-Poznan--1260x1536.jpg 1260w\" sizes=\"auto, (max-width: 1680px) 100vw, 1680px\" \/><figcaption class=\"wp-element-caption\">Arnold B\u00f6cklin, <i>Silence<\/i>, 1885. Mus\u00e9e de Poznan.<\/figcaption><\/figure>\n<\/div>\n\n\n<p class=\"has-background\" style=\"background-color:#ffdada\">Dormez, Princesses au manoir, nul cor, \u00f4 Mortes,&nbsp;<br \/>N&#8217;\u00e9veillera vos r\u00eaves et nul glaive clair&nbsp;<br \/>Ne heurtera de son pommeau vos hautes portes&nbsp;<br \/>O\u00f9 le b\u00e9ryl magique incruste son \u00e9clair.&nbsp;<br \/><br \/>Le vent de la Mer vaste a d\u00e9chir\u00e9 les voiles&nbsp;<br \/>Des nefs que l&#8217;albe aurore \u00e9gara vers la nuit,&nbsp;<br \/>Et l&#8217;essieu s&#8217;est bris\u00e9 dans l&#8217;ombre sans \u00e9toiles;&nbsp;<br \/>La licorne vers la for\u00eat, d&#8217;un bond, a fui!<br \/><br \/>\u2014 Henri de R\u00e9gnier, <em>Motifs de l\u00e9gende et de m\u00e9lancolie, <\/em>1890.<\/p>\n\n\n<div class=\"wp-block-image is-resized\">\n<figure class=\"aligncenter size-full\"><img loading=\"lazy\" decoding=\"async\" width=\"1103\" height=\"1590\" src=\"https:\/\/faidutti.com\/blog\/licornes\/wp-content\/uploads\/sites\/2\/2022\/03\/Gustave-Moreau-La-licorne-1885.jpg\" alt=\"\" class=\"wp-image-5940\" srcset=\"https:\/\/faidutti.com\/blog\/licornes\/wp-content\/uploads\/sites\/2\/2022\/03\/Gustave-Moreau-La-licorne-1885.jpg 1103w, https:\/\/faidutti.com\/blog\/licornes\/wp-content\/uploads\/sites\/2\/2022\/03\/Gustave-Moreau-La-licorne-1885-208x300.jpg 208w, https:\/\/faidutti.com\/blog\/licornes\/wp-content\/uploads\/sites\/2\/2022\/03\/Gustave-Moreau-La-licorne-1885-768x1107.jpg 768w, https:\/\/faidutti.com\/blog\/licornes\/wp-content\/uploads\/sites\/2\/2022\/03\/Gustave-Moreau-La-licorne-1885-1066x1536.jpg 1066w\" sizes=\"auto, (max-width: 1103px) 100vw, 1103px\" \/><figcaption class=\"wp-element-caption\">Ce petit tableau de 1885 se trouve, depuis qu\u2019il a \u00e9t\u00e9 vendu \u00e0 Drouot en 1914, dans une collection priv\u00e9e parisienne. Je n\u2019en ai pas trouv\u00e9 de photographie en couleur.<\/figcaption><\/figure>\n<\/div>\n\n\n<p class=\"has-background\" style=\"background-color:#dadefe\">Or sur or, dans la chaire d\u2019or aux pieds crois\u00e9s,<br \/>Elle si\u00e8ge, et sa chevelure \u00e9paisse et h\u00e8re<br \/>Ruisselle sur sa robe ardente de lumi\u00e8re ;<br \/>Ses yeux sont beaux comme des couchants apais\u00e9s.<br \/><br \/>D&#8217;une main longue et vierge encore de baisers,<br \/>Elle caresse une licorne famili\u00e8re<br \/>Dont la corne est dor\u00e9e et qui dans la crini\u00e8re<br \/>A de grands joyaux d\u2019or parmi les crins ros\u00e9s.<br \/><br \/>Et voici que, dans l\u2019or de midi qui l&#8217;embrase,<br \/>Cuirass\u00e9 de rubis et casqu\u00e9 de topaze,<br \/>L\u2019Amant para\u00eet, le char attel\u00e9 de griffons.<br \/><br \/>Et, par le palais maintenant d\u00e9sert et morne,<br \/>Le palais o\u00f9 les ors p\u00e2lissent aux plafonds,<br \/>Erre, silencieuse et seule, la licorne.<br \/><br \/>Andr\u00e9-Ferdinand H\u00e9rold, <em>Bellissende<\/em>, 1890<\/p>\n\n\n<div class=\"wp-block-image is-resized\">\n<figure class=\"aligncenter size-large\"><img loading=\"lazy\" decoding=\"async\" width=\"1592\" height=\"2048\" src=\"https:\/\/faidutti.com\/blog\/licornes\/wp-content\/uploads\/sites\/2\/2022\/03\/Gustave-Moreau-Femme-et-licorne-Musee-Gustave-Moreau-1592x2048.jpg\" alt=\"\" class=\"wp-image-8536\" srcset=\"https:\/\/faidutti.com\/blog\/licornes\/wp-content\/uploads\/sites\/2\/2022\/03\/Gustave-Moreau-Femme-et-licorne-Musee-Gustave-Moreau-1592x2048.jpg 1592w, https:\/\/faidutti.com\/blog\/licornes\/wp-content\/uploads\/sites\/2\/2022\/03\/Gustave-Moreau-Femme-et-licorne-Musee-Gustave-Moreau-233x300.jpg 233w, https:\/\/faidutti.com\/blog\/licornes\/wp-content\/uploads\/sites\/2\/2022\/03\/Gustave-Moreau-Femme-et-licorne-Musee-Gustave-Moreau-768x988.jpg 768w, https:\/\/faidutti.com\/blog\/licornes\/wp-content\/uploads\/sites\/2\/2022\/03\/Gustave-Moreau-Femme-et-licorne-Musee-Gustave-Moreau-1194x1536.jpg 1194w, https:\/\/faidutti.com\/blog\/licornes\/wp-content\/uploads\/sites\/2\/2022\/03\/Gustave-Moreau-Femme-et-licorne-Musee-Gustave-Moreau.jpg 1990w\" sizes=\"auto, (max-width: 1592px) 100vw, 1592px\" \/><figcaption class=\"wp-element-caption\">Gustave Moreau, <em>Femme et licorne<\/em>, Mus\u00e9e Gustave Moreau.<\/figcaption><\/figure>\n<\/div>\n\n\n<p class=\"has-light-gray-background-color has-background\">De la mer propag\u00e9e en lueurs de miroir<br \/>A l&#8217;horizon surgit en courbure de d\u00f4me<br \/>Un ciel d&#8217;azur profond et doux comme l&#8217;espoir.<br \/><br \/>Un vent marin charg\u00e9 d&#8217;effluves que l&#8217;ar\u00f4me<br \/>Des algues satura de parfums inconnus<br \/>Souffle sur les Jardins de l&#8217;\u00e9trange royaume<br \/><br \/>O\u00f9 la pose hi\u00e9ratique des Dieux nus<br \/>Tressaille sous le poids des offrandes dont s&#8217;orne<br \/>Le marbre enguirland\u00e9 des torses ing\u00e9nus,<br \/><br \/>Quand l&#8217;appel guttural henni par la Licorne<br \/>Frappant du pied le sol o\u00f9 r\u00e9side un tr\u00e9sor<br \/>Vibre aux pointes des caps aigus comme sa corne.<br \/><br \/>\u2014 Henri de R\u00e9gnier, <em>Jouvence<\/em>, in <em>Episodes, sites et sonnets, <\/em>1891<\/p>\n\n\n\n<figure class=\"wp-block-image size-large is-resized\"><img loading=\"lazy\" decoding=\"async\" width=\"2048\" height=\"1117\" src=\"https:\/\/faidutti.com\/blog\/licornes\/wp-content\/uploads\/sites\/2\/2022\/03\/John-Duncan-unicorns-1933-2048x1117.jpg\" alt=\"\" class=\"wp-image-5939\" srcset=\"https:\/\/faidutti.com\/blog\/licornes\/wp-content\/uploads\/sites\/2\/2022\/03\/John-Duncan-unicorns-1933-2048x1117.jpg 2048w, https:\/\/faidutti.com\/blog\/licornes\/wp-content\/uploads\/sites\/2\/2022\/03\/John-Duncan-unicorns-1933-300x164.jpg 300w, https:\/\/faidutti.com\/blog\/licornes\/wp-content\/uploads\/sites\/2\/2022\/03\/John-Duncan-unicorns-1933-768x419.jpg 768w, https:\/\/faidutti.com\/blog\/licornes\/wp-content\/uploads\/sites\/2\/2022\/03\/John-Duncan-unicorns-1933-1536x838.jpg 1536w, https:\/\/faidutti.com\/blog\/licornes\/wp-content\/uploads\/sites\/2\/2022\/03\/John-Duncan-unicorns-1933-500x273.jpg 500w\" sizes=\"auto, (max-width: 2048px) 100vw, 2048px\" \/><figcaption class=\"wp-element-caption\">John Duncan, <i>Les licornes, <\/i>1933.\nUniversit\u00e9 d\u2019Edinburgh.\n<\/figcaption><\/figure>\n\n\n\n<p class=\"has-background\" style=\"background-color:#f3e8fc\">Resplendissante, au pied du mont myst\u00e9rieux ,<br \/>La troupe formidable et blonde des guerri\u00e8res<br \/>Gardait, la lance au poing, les farouches clairi\u00e8res<br \/>Et la for\u00eat terrible o\u00f9 sommeillent les dieux.<br \/><br \/>Et tous venaient vers la t\u00e9n\u00e9breuse vall\u00e9e<br \/>Sous les casques de bronze et les boucliers ronds ,<br \/>V\u00eatus de fer et d\u2019or par de bons forgerons ,<br \/>Tous les h\u00e9ros, \u00e9pris de gloire inviol\u00e9e .<br \/><br \/>Frappant le ciel muet de sauvages clameurs,<br \/>Tous par les nuits, par les matins, par les vespr\u00e9es ,<br \/>Ils venaient au galop des licornes cabr\u00e9es :<br \/>\u00ab Nous verrons votre face, ex\u00e9crables semeurs<br \/><br \/>Des d\u00e9sirs, des baisers et des larmes humaines ;<br \/>\u00d4 voyageurs hagards qui hurlez dans le vent,<br \/>Nos bras \u00e9toufferont votre souffle vivant<br \/>Et nous tuerons en vous nos amours et nos haines.<br \/><br \/>Si vous ne craignez pas nos glaives, approchez :<br \/>Votre rire cruel insulte \u00e0 nos mis\u00e8res.<br \/>\u00d4 vautours, nous irons vous prendre dans vos aires,<br \/>\u00d4 loups, nous forcerons vos repaires cach\u00e9s ! \u00bb<br \/><br \/>Tous se riaient : l\u00e0-haut, sous les sombres ramures,<br \/>Les calmes dieux semblaient immobiles et sourds.<br \/>Mais brandis par les mains des guerri\u00e8res, toujours<br \/>Des javelots stridents vibraient sur les armures.<br \/><br \/>Et les h\u00e9ros, vainqueurs de monstres, les tueurs<br \/>Des dragons enflamm\u00e9s, des hydres et des stryges<br \/>Roulaient honteusement broy\u00e9s sous les quadriges.<br \/>Leurs yeux mi-clos rougis de mourantes lueurs<br \/><br \/>Se tournaient vers les seins des pr\u00eatresses complices<br \/>Qui m\u00e9prisant leurs cris et leurs r\u00e2les derniers,<br \/>Joyeuses, bondissaient sur les rauques charniers<br \/>Et tendaient vers le ciel leurs mains triomphatrices.<br \/><br \/>\u2014 Pierre Quillard, <em>Le bois sacr\u00e9<\/em>,1897<\/p>\n\n\n<div class=\"wp-block-image is-resized\">\n<figure class=\"aligncenter size-large\"><img loading=\"lazy\" decoding=\"async\" width=\"2048\" height=\"1238\" src=\"https:\/\/faidutti.com\/blog\/licornes\/wp-content\/uploads\/sites\/2\/2022\/03\/Andrew-Lang-H.J..-Ford-The-Red-Book-of-Romance-1905-2048x1238.jpg\" alt=\"\" class=\"wp-image-6659\" srcset=\"https:\/\/faidutti.com\/blog\/licornes\/wp-content\/uploads\/sites\/2\/2022\/03\/Andrew-Lang-H.J..-Ford-The-Red-Book-of-Romance-1905-2048x1238.jpg 2048w, https:\/\/faidutti.com\/blog\/licornes\/wp-content\/uploads\/sites\/2\/2022\/03\/Andrew-Lang-H.J..-Ford-The-Red-Book-of-Romance-1905-300x181.jpg 300w, https:\/\/faidutti.com\/blog\/licornes\/wp-content\/uploads\/sites\/2\/2022\/03\/Andrew-Lang-H.J..-Ford-The-Red-Book-of-Romance-1905-768x464.jpg 768w, https:\/\/faidutti.com\/blog\/licornes\/wp-content\/uploads\/sites\/2\/2022\/03\/Andrew-Lang-H.J..-Ford-The-Red-Book-of-Romance-1905-1536x928.jpg 1536w, https:\/\/faidutti.com\/blog\/licornes\/wp-content\/uploads\/sites\/2\/2022\/03\/Andrew-Lang-H.J..-Ford-The-Red-Book-of-Romance-1905-496x300.jpg 496w\" sizes=\"auto, (max-width: 2048px) 100vw, 2048px\" \/><figcaption class=\"wp-element-caption\">Gravure de H.J. Ford illustrant l\u2019<em>Orlando Furioso<\/em> de l\u2019Arioste.<br \/>Andrew Lang, <em>The Red Book of Romance,<\/em> 1905.<\/figcaption><\/figure>\n<\/div>\n\n\n<p class=\"has-background\" style=\"background-color:#defde9\">La B\u00eate monstrueuse et le bon Chevalier<br \/>Ont lutt\u00e9 tout le jour : le dragon mort distille<br \/>Un supr\u00eame venin sur le sable infertile,<br \/>Et le triomphateur entre dans le hallier.<br \/><br \/>Il va, les yeux hagards d\u2019un songe familier:<br \/>L\u00e0-bas, le palais d\u2019or miraculeux rutile<br \/>Et la Princesse r\u00eave, en sa gr\u00e2ce inutile,<br \/>\u00c0 l\u2019amant inconnu qui la doit \u00e9veiller.<br \/><br \/>Mais lorsque le vainqueur de l\u2019hydre et des licornes<br \/>Vit, apr\u00e8s le bois sombre et les escaliers mornes,<br \/>La vierge aux cheveux blonds comme un soleil d&#8217;Avril<br \/><br \/>Dans la jeune splendeur de sa pubert\u00e9 m\u00fbre,<br \/>L\u2019angoisse de l\u2019amour mordit son c\u0153ur viril<br \/>Et sa chair de h\u00e9ros trembla sous son armure.<br \/><br \/>\u2014 Pierre Quillard, <em>La peur d&#8217;aimer, <\/em>1897<\/p>\n\n\n<div class=\"wp-block-image is-resized\">\n<figure class=\"aligncenter size-large\"><img loading=\"lazy\" decoding=\"async\" width=\"1314\" height=\"2048\" src=\"https:\/\/faidutti.com\/blog\/licornes\/wp-content\/uploads\/sites\/2\/2022\/06\/Armand-Point-La-Dame-a-la-licorne-1898-1314x2048.jpg\" alt=\"\" class=\"wp-image-6651\" srcset=\"https:\/\/faidutti.com\/blog\/licornes\/wp-content\/uploads\/sites\/2\/2022\/06\/Armand-Point-La-Dame-a-la-licorne-1898-1314x2048.jpg 1314w, https:\/\/faidutti.com\/blog\/licornes\/wp-content\/uploads\/sites\/2\/2022\/06\/Armand-Point-La-Dame-a-la-licorne-1898-192x300.jpg 192w, https:\/\/faidutti.com\/blog\/licornes\/wp-content\/uploads\/sites\/2\/2022\/06\/Armand-Point-La-Dame-a-la-licorne-1898-768x1197.jpg 768w, https:\/\/faidutti.com\/blog\/licornes\/wp-content\/uploads\/sites\/2\/2022\/06\/Armand-Point-La-Dame-a-la-licorne-1898-985x1536.jpg 985w, https:\/\/faidutti.com\/blog\/licornes\/wp-content\/uploads\/sites\/2\/2022\/06\/Armand-Point-La-Dame-a-la-licorne-1898.jpg 1642w\" sizes=\"auto, (max-width: 1314px) 100vw, 1314px\" \/><figcaption class=\"wp-element-caption\">Armand Point, <em>Dame \u00e0 la licorne<\/em>, 1898. Collection priv\u00e9e.<\/figcaption><\/figure>\n<\/div>\n\n\n<p class=\"has-background\" style=\"background-color:#f9f7e2\"><em>Pour un tableau d\u2019Armand Point.<\/em><br \/><br \/>Lumineuse en sa robe o\u00f9 l\u2019aurore a trembl\u00e9,<br \/>La Reine veut dompter, par le don du miracle,<br \/>La Licorne qui broute un tendre brin de bl\u00e9,<br \/>Puis piaffe dans les fleurs, et s\u2019\u00e9broue et ren\u00e2cle.<br \/><br \/>Malgr\u00e9 les jeux du paon qui s\u2019\u00e9ploie, ocell\u00e9,<br \/>Elle le m\u00e8ne au lieu d\u00e9sign\u00e9 par l\u2019oracle,<br \/>O\u00f9 la femme, ayant lu dans le livre scell\u00e9,<br \/>Doit surprendre le Mal et d\u00e9truire l\u2019Obstacle.<br \/><br \/>Et lorsqu\u2019au soir du monde o\u00f9 J\u00e9sus vaincra Pan,<br \/>La Licorne, dont l\u2019\u0153il luira du feu de l\u2019\u00e2me,<br \/>Aura sous ses sabots \u00e9cras\u00e9 le serpent,<br \/><br \/>La Voyante suivra la double croix de flamme<br \/>Qu\u2019ouvrent au ciel l\u2019essor et le glaive brandis<br \/>De l\u2019Ange qui d\u00e9fend le prochain paradis.<br \/><br \/>Stuart Merrill, <em>La princesse et la licorne<\/em>, 1902<\/p>\n\n\n<div class=\"wp-block-image is-resized\">\n<figure class=\"aligncenter size-large\"><img loading=\"lazy\" decoding=\"async\" width=\"1487\" height=\"2048\" src=\"https:\/\/faidutti.com\/blog\/licornes\/wp-content\/uploads\/sites\/2\/2022\/03\/Armand-Point-Princesse-a-la-licorne-1487x2048.jpg\" alt=\"\" class=\"wp-image-5937\" srcset=\"https:\/\/faidutti.com\/blog\/licornes\/wp-content\/uploads\/sites\/2\/2022\/03\/Armand-Point-Princesse-a-la-licorne-1487x2048.jpg 1487w, https:\/\/faidutti.com\/blog\/licornes\/wp-content\/uploads\/sites\/2\/2022\/03\/Armand-Point-Princesse-a-la-licorne-218x300.jpg 218w, https:\/\/faidutti.com\/blog\/licornes\/wp-content\/uploads\/sites\/2\/2022\/03\/Armand-Point-Princesse-a-la-licorne-768x1058.jpg 768w, https:\/\/faidutti.com\/blog\/licornes\/wp-content\/uploads\/sites\/2\/2022\/03\/Armand-Point-Princesse-a-la-licorne-1115x1536.jpg 1115w, https:\/\/faidutti.com\/blog\/licornes\/wp-content\/uploads\/sites\/2\/2022\/03\/Armand-Point-Princesse-a-la-licorne.jpg 1679w\" sizes=\"auto, (max-width: 1487px) 100vw, 1487px\" \/><figcaption class=\"wp-element-caption\">Armand Point, <em>La Princesse et la licorne, <\/em>1889. Collection priv\u00e9e.<\/figcaption><\/figure>\n<\/div>\n\n\n<p class=\"has-background\" style=\"background-color:#fffed7\">Elle \u00e9tait toute v\u00eatue d\u2019un brocart sem\u00e9 de feuilles de tremble, et, svelte et droite comme un lis, montait \u00e0 cru une licorne, une \u00e9l\u00e9gante et fabuleuse b\u00eate de r\u00eave au poil luisant comme du m\u00e9tal. La dame \u00e0 la licorne portait sur ses cheveux noirs un casque d\u2019or surmont\u00e9 d\u2019une petite couronne et, tel un chevalier, tenait une lance en arr\u00eat. Elle barra le passage au jeune sire et, tandis qu\u2019elle le mena\u00e7ait de sa lance, elle d\u00e9mentait sa mauvaise intention d\u2019un sourire et d\u00e9signait du doigt \u00e0 Bertram une \u00e9norme rose rouge saignant \u00e0 sa ceinture&nbsp;; mais lui n\u2019avait que son id\u00e9e de meurtre en t\u00eate&nbsp;; il \u00e9cartait du revers de l\u2019\u00e9p\u00e9e la lance en fin acier de la belle guerri\u00e8re et passait outre. La belle dame lui fouetta au passage la figure avec la rose de son gorgerin, mais c\u2019est une rose s\u00e8che qui s\u2019effeuilla et le jeune homme, s\u2019\u00e9tant retourn\u00e9 surpris, ne vit plus qu\u2019une vieille femme qui fuyait au galop sur un \u00e2ne.<br \/><br \/>\u2014 Jean Lorrain, <em>Princesses d\u2019ivoire et d\u2019ivresse<\/em>, 1902.<\/p>\n\n\n<div class=\"wp-block-image is-resized\">\n<figure class=\"aligncenter size-full\"><img loading=\"lazy\" decoding=\"async\" width=\"649\" height=\"800\" src=\"https:\/\/faidutti.com\/blog\/licornes\/wp-content\/uploads\/sites\/2\/2022\/06\/Armand-Point-La-princesse-et-la-licorne-1896.jpg\" alt=\"\" class=\"wp-image-6650\" srcset=\"https:\/\/faidutti.com\/blog\/licornes\/wp-content\/uploads\/sites\/2\/2022\/06\/Armand-Point-La-princesse-et-la-licorne-1896.jpg 649w, https:\/\/faidutti.com\/blog\/licornes\/wp-content\/uploads\/sites\/2\/2022\/06\/Armand-Point-La-princesse-et-la-licorne-1896-243x300.jpg 243w\" sizes=\"auto, (max-width: 649px) 100vw, 649px\" \/><figcaption class=\"wp-element-caption\">Armand Point, <em>Dame \u00e0 la licorne, <\/em>1896<\/figcaption><\/figure>\n<\/div>\n\n\n<p class=\"has-background\" style=\"background-color:#d9fae5\">L&#8217;une n&#8217;avait-elle pas p\u00e9ri, la premi\u00e8re, \u00e0 cause de sa robe blanche comme la neige que foulent, de leurs sabots de cristal, sur les tapisseries des chambres, des licornes qui marchent \u00e0 travers des jardins, boivent \u00e0 des vasques de jaspe, et s&#8217;agenouillent, sous des architectures, devant des Dames all\u00e9goriques de Sagesses et de Vertus ? L&#8217;autre ne mourut-elle pas parce que sa robe \u00e9tait bleue comme l&#8217;ombre des arbres sur l&#8217;herbe, l&#8217;\u00e9t\u00e9, tandis que le v\u00eatement de la plus jeune qui mourut aussi, douce et presque sans pleurer, imitait la teinte m\u00eame de ces petites coquilles mauves qu&#8217;on trouve, sur le sable gris des gr\u00e8ves, l\u00e0-bas, pr\u00e8s de la Mer.<br \/><br \/>\u2014 Henri de R\u00e9gnier, <em>Le sixi\u00e8me mariage de Barbe Bleue<\/em>, 1894<\/p>\n\n\n\n<figure class=\"wp-block-image size-full\"><img loading=\"lazy\" decoding=\"async\" width=\"1905\" height=\"868\" src=\"https:\/\/faidutti.com\/blog\/licornes\/wp-content\/uploads\/sites\/2\/2022\/03\/2-Arthur-Bowen-Davies.jpg\" alt=\"\" class=\"wp-image-6883\" srcset=\"https:\/\/faidutti.com\/blog\/licornes\/wp-content\/uploads\/sites\/2\/2022\/03\/2-Arthur-Bowen-Davies.jpg 1905w, https:\/\/faidutti.com\/blog\/licornes\/wp-content\/uploads\/sites\/2\/2022\/03\/2-Arthur-Bowen-Davies-300x137.jpg 300w, https:\/\/faidutti.com\/blog\/licornes\/wp-content\/uploads\/sites\/2\/2022\/03\/2-Arthur-Bowen-Davies-768x350.jpg 768w, https:\/\/faidutti.com\/blog\/licornes\/wp-content\/uploads\/sites\/2\/2022\/03\/2-Arthur-Bowen-Davies-1536x700.jpg 1536w, https:\/\/faidutti.com\/blog\/licornes\/wp-content\/uploads\/sites\/2\/2022\/03\/2-Arthur-Bowen-Davies-500x228.jpg 500w\" sizes=\"auto, (max-width: 1905px) 100vw, 1905px\" \/><figcaption class=\"wp-element-caption\">Arthur Bowen Davies, <i>Unicorns (Legend \u2013 Sea \u2013 Calm), 1906.<\/i>\nMetropolitan Museum, New York\n<\/figcaption><\/figure>\n\n\n\n<p class=\"has-background\" style=\"background-color:#f8e6df\">Les nains forgeaient au soir pour le h\u00e9ros futur.<br \/>L\u2019enclume sous leurs coups sonnait dans la clairi\u00e8re,<br \/>Et l\u2019\u00e9tincelle chue au choc du marteau dur<br \/>Posait son escarboucle aux tentures de lierre.<br \/><br \/>Les nains forgeaient, avec l\u2019\u00e9p\u00e9e aux quillons d&#8217;or,<br \/>La targe d\u2019airain noir o\u00f9 s\u2019acharnait la guivre,<br \/>Le casque o\u00f9 le griffon tentait un vain essor<br \/>Et le cor triomphal ouvert en fleur de cuivre.<br \/><br \/>Les Kobolds martelaient et les licornes blanches<br \/>\u00c9blouissant la nuit de soudaines clart\u00e9s,<br \/>De leur corne trouaient le rideau vert des branches<br \/>Et frissonnaient au bruit des marteaux enchant\u00e9s.<br \/><br \/>Mais quand les nains sentant se clore leur attente<br \/>Hauss\u00e8rent vers le ciel le fer qui resplendit<br \/>Les licornes vers eux hennirent d&#8217;\u00e9pouvante.<br \/>Et lointain, dans la brume, un cheval r\u00e9pondit.<br \/><br \/>\u2014 L\u00e9on V\u00e9rane, <em>Les licornes, <\/em>1911<\/p>\n\n\n<div class=\"wp-block-image is-resized\">\n<figure class=\"aligncenter size-full\"><img loading=\"lazy\" decoding=\"async\" width=\"687\" height=\"1024\" src=\"https:\/\/faidutti.com\/blog\/licornes\/wp-content\/uploads\/sites\/2\/2022\/03\/Louis-Bombled-Viking-blowing-the-horn-on-a-longship-as-it-approaches-the-n-MeisterDrucke-260329.jpg\" alt=\"\" class=\"wp-image-5943\" srcset=\"https:\/\/faidutti.com\/blog\/licornes\/wp-content\/uploads\/sites\/2\/2022\/03\/Louis-Bombled-Viking-blowing-the-horn-on-a-longship-as-it-approaches-the-n-MeisterDrucke-260329.jpg 687w, https:\/\/faidutti.com\/blog\/licornes\/wp-content\/uploads\/sites\/2\/2022\/03\/Louis-Bombled-Viking-blowing-the-horn-on-a-longship-as-it-approaches-the-n-MeisterDrucke-260329-201x300.jpg 201w\" sizes=\"auto, (max-width: 687px) 100vw, 687px\" \/><figcaption class=\"wp-element-caption\">Louis Bombled, <i>Vikings<\/i>, circa 1900.<\/figcaption><\/figure>\n<\/div>\n\n\n<p>La licorne \u00e9tait bien s\u00fbr aussi \u00e0 sa place dans le ch\u00e2teau de contes de f\u00e9e de Neuschwanstein, termin\u00e9 \u00e0 la fin des ann\u00e9es 1880. Elle y est cependant bien moins pr\u00e9sente que le cygne, animal h\u00e9raldique de Louis II de Bavi\u00e8re<\/p>\n\n\n\n<figure class=\"wp-block-image size-full\"><img loading=\"lazy\" decoding=\"async\" width=\"700\" height=\"447\" src=\"https:\/\/faidutti.com\/blog\/licornes\/wp-content\/uploads\/sites\/2\/2022\/06\/das-Schloss-Neuschwanstein-Thronsaal15.jpg\" alt=\"\" class=\"wp-image-6900\" srcset=\"https:\/\/faidutti.com\/blog\/licornes\/wp-content\/uploads\/sites\/2\/2022\/06\/das-Schloss-Neuschwanstein-Thronsaal15.jpg 700w, https:\/\/faidutti.com\/blog\/licornes\/wp-content\/uploads\/sites\/2\/2022\/06\/das-Schloss-Neuschwanstein-Thronsaal15-300x192.jpg 300w, https:\/\/faidutti.com\/blog\/licornes\/wp-content\/uploads\/sites\/2\/2022\/06\/das-Schloss-Neuschwanstein-Thronsaal15-470x300.jpg 470w\" sizes=\"auto, (max-width: 700px) 100vw, 700px\" \/><figcaption class=\"wp-element-caption\">Ch\u00e2teau de Neuschwanstein, salle des chanteurs.<\/figcaption><\/figure>\n\n\n\n<p>.<\/p>\n","protected":false},"excerpt":{"rendered":"<p>C&#8217;est \u00e0 la fin du XIXe si\u00e8cle, dans la peinture et la po\u00e9sie symboliste, que la licorne, animal exotique des d\u00e9serts d&#8217;Orient devint ce qu&#8217;elle est rest\u00e9e depuis, une cr\u00e9ature presque mythologique des for\u00eats nordiques. Voici quelques po\u00e8mes et tableaux &hellip; <a href=\"https:\/\/faidutti.com\/blog\/licornes\/2022\/06\/13\/%f0%9f%93%96-vers-le-pays-des-fees\/\">Continue reading <span class=\"meta-nav\">&rarr;<\/span><\/a><\/p>\n","protected":false},"author":2,"featured_media":5938,"comment_status":"open","ping_status":"open","sticky":false,"template":"","format":"standard","meta":{"_jetpack_memberships_contains_paid_content":false,"footnotes":""},"categories":[9],"tags":[],"class_list":["post-5926","post","type-post","status-publish","format-standard","has-post-thumbnail","hentry","category-6-les-retours-de-la-licorne"],"jetpack_featured_media_url":"https:\/\/faidutti.com\/blog\/licornes\/wp-content\/uploads\/sites\/2\/2022\/03\/Arnold-Bocklin-Sanctuaire-garde-par-une-licorne-1871.jpg","jetpack_sharing_enabled":true,"_links":{"self":[{"href":"https:\/\/faidutti.com\/blog\/licornes\/wp-json\/wp\/v2\/posts\/5926","targetHints":{"allow":["GET"]}}],"collection":[{"href":"https:\/\/faidutti.com\/blog\/licornes\/wp-json\/wp\/v2\/posts"}],"about":[{"href":"https:\/\/faidutti.com\/blog\/licornes\/wp-json\/wp\/v2\/types\/post"}],"author":[{"embeddable":true,"href":"https:\/\/faidutti.com\/blog\/licornes\/wp-json\/wp\/v2\/users\/2"}],"replies":[{"embeddable":true,"href":"https:\/\/faidutti.com\/blog\/licornes\/wp-json\/wp\/v2\/comments?post=5926"}],"version-history":[{"count":17,"href":"https:\/\/faidutti.com\/blog\/licornes\/wp-json\/wp\/v2\/posts\/5926\/revisions"}],"predecessor-version":[{"id":8602,"href":"https:\/\/faidutti.com\/blog\/licornes\/wp-json\/wp\/v2\/posts\/5926\/revisions\/8602"}],"wp:featuredmedia":[{"embeddable":true,"href":"https:\/\/faidutti.com\/blog\/licornes\/wp-json\/wp\/v2\/media\/5938"}],"wp:attachment":[{"href":"https:\/\/faidutti.com\/blog\/licornes\/wp-json\/wp\/v2\/media?parent=5926"}],"wp:term":[{"taxonomy":"category","embeddable":true,"href":"https:\/\/faidutti.com\/blog\/licornes\/wp-json\/wp\/v2\/categories?post=5926"},{"taxonomy":"post_tag","embeddable":true,"href":"https:\/\/faidutti.com\/blog\/licornes\/wp-json\/wp\/v2\/tags?post=5926"}],"curies":[{"name":"wp","href":"https:\/\/api.w.org\/{rel}","templated":true}]}}