{"id":393,"date":"2022-01-10T12:38:00","date_gmt":"2022-01-10T12:38:00","guid":{"rendered":"https:\/\/faidutti.com\/blog\/licornes\/?p=393"},"modified":"2024-03-08T10:30:48","modified_gmt":"2024-03-08T10:30:48","slug":"le-bestiaire-de-craie","status":"publish","type":"post","link":"https:\/\/faidutti.com\/blog\/licornes\/2022\/01\/10\/le-bestiaire-de-craie\/","title":{"rendered":"\u2795  Le bestiaire de craie"},"content":{"rendered":"\n<p class=\"has-text-color\" style=\"color:#247e38\"><strong>Beaucoup d\u2019\u00e9glises gothiques d\u2019Europe avaient des murs peints, mais c\u2019est en Scandinavie que ces dessins ont \u00e9t\u00e9 le mieux conserv\u00e9s, et c\u2019est l\u00e0-bas qu\u2019il faut aller pour y voir des licornes .<\/strong><\/p>\n\n\n\n<p>Dans mon livre, vous d\u00e9couvrirez le bestiaire de bois des mis\u00e9ricordes et des sabli\u00e8res des \u00e9glises, et celui de pierre des gargouilles et des chim\u00e8res. Il fallait faire un choix, et c&#8217;est le bestiaire de craie des \u00e9glises d&#8217;Europe du Nord qui se retrouve sur ce blog.<\/p>\n\n\n\n<p>On conna\u00eet assez bien les fresques italiennes de la Renaissance, qui \u00e9gaient les murs des cath\u00e9drales et des monast\u00e8res, mais aussi bien des riches palais. On y croise des licornes, dans des sc\u00e8nes religieuses, cr\u00e9ation du monde ou chasse mystique, et nous en croiserons d\u2019autres dans des contextes plus profanes, illustrant des sc\u00e8nes mythologiques ou litt\u00e9raires. &nbsp;Le terme <em>fresque<\/em> vient de la technique de peinture utilis\u00e9e, <em>al fresco<\/em>, c\u2019est \u00e0 dire sur un enduit encore frais, ce qui permet \u00e0 la peinture de le p\u00e9n\u00e9trer et aux couleurs de durer plus longtemps. En toute rigueur, on ne devrait donc pas l\u2019utiliser pour les d\u00e9corations r\u00e9alis\u00e9es <em>al secco<\/em>, sur un mur parfaitement sec \u2013 mais bon, un mot n\u2019a jamais que le sens qu\u2019on lui donne, et personne ne dit une secque..<\/p>\n\n\n\n<div class=\"wp-block-jetpack-slideshow aligncenter\" data-effect=\"slide\"><div class=\"wp-block-jetpack-slideshow_container swiper-container\"><ul class=\"wp-block-jetpack-slideshow_swiper-wrapper swiper-wrapper\"><li class=\"wp-block-jetpack-slideshow_slide swiper-slide\"><figure><img loading=\"lazy\" decoding=\"async\" width=\"2048\" height=\"1536\" alt=\"\" class=\"wp-block-jetpack-slideshow_image wp-image-2895\" data-id=\"2895\" src=\"https:\/\/faidutti.com\/blog\/licornes\/wp-content\/uploads\/sites\/2\/2021\/05\/Craie-01-Elmelunde.jpg\" srcset=\"https:\/\/faidutti.com\/blog\/licornes\/wp-content\/uploads\/sites\/2\/2021\/05\/Craie-01-Elmelunde.jpg 2048w, https:\/\/faidutti.com\/blog\/licornes\/wp-content\/uploads\/sites\/2\/2021\/05\/Craie-01-Elmelunde-300x225.jpg 300w, https:\/\/faidutti.com\/blog\/licornes\/wp-content\/uploads\/sites\/2\/2021\/05\/Craie-01-Elmelunde-768x576.jpg 768w, https:\/\/faidutti.com\/blog\/licornes\/wp-content\/uploads\/sites\/2\/2021\/05\/Craie-01-Elmelunde-1536x1152.jpg 1536w, https:\/\/faidutti.com\/blog\/licornes\/wp-content\/uploads\/sites\/2\/2021\/05\/Craie-01-Elmelunde-400x300.jpg 400w\" sizes=\"(max-width: 2048px) 100vw, 2048px\" \/><figcaption class=\"wp-block-jetpack-slideshow_caption gallery-caption\">\u00c9glise d\u2019Elmelunde, au Danemark, fin du XVe si\u00e8cle. <br \/>\nNotez l\u2019extravagante queue de l\u2019animal.<br \/>\nPhoto Allie Caulfield, Wikimedia Commons\n<\/figcaption><\/figure><\/li><li class=\"wp-block-jetpack-slideshow_slide swiper-slide\"><figure><img loading=\"lazy\" decoding=\"async\" width=\"2048\" height=\"1361\" alt=\"\" class=\"wp-block-jetpack-slideshow_image wp-image-410\" data-id=\"410\" src=\"https:\/\/faidutti.com\/blog\/licornes\/wp-content\/uploads\/sites\/2\/2021\/05\/Porvoo-Cathedral-photo-David-Navarro--2048x1361.jpg\" srcset=\"https:\/\/faidutti.com\/blog\/licornes\/wp-content\/uploads\/sites\/2\/2021\/05\/Porvoo-Cathedral-photo-David-Navarro--2048x1361.jpg 2048w, https:\/\/faidutti.com\/blog\/licornes\/wp-content\/uploads\/sites\/2\/2021\/05\/Porvoo-Cathedral-photo-David-Navarro--300x199.jpg 300w, https:\/\/faidutti.com\/blog\/licornes\/wp-content\/uploads\/sites\/2\/2021\/05\/Porvoo-Cathedral-photo-David-Navarro--768x510.jpg 768w, https:\/\/faidutti.com\/blog\/licornes\/wp-content\/uploads\/sites\/2\/2021\/05\/Porvoo-Cathedral-photo-David-Navarro--1536x1021.jpg 1536w, https:\/\/faidutti.com\/blog\/licornes\/wp-content\/uploads\/sites\/2\/2021\/05\/Porvoo-Cathedral-photo-David-Navarro--451x300.jpg 451w\" sizes=\"(max-width: 2048px) 100vw, 2048px\" \/><figcaption class=\"wp-block-jetpack-slideshow_caption gallery-caption\">Cath\u00e9drale de Porvoo, en Finlande. <br \/>Photo David Navarro, Flickr<\/figcaption><\/figure><\/li><li class=\"wp-block-jetpack-slideshow_slide swiper-slide\"><figure><img loading=\"lazy\" decoding=\"async\" width=\"2048\" height=\"1365\" alt=\"\" class=\"wp-block-jetpack-slideshow_image wp-image-2893\" data-id=\"2893\" src=\"https:\/\/faidutti.com\/blog\/licornes\/wp-content\/uploads\/sites\/2\/2021\/05\/Craie-02-Saint-Gilles_de_Malestroit-photo-Simon-2048x1365-1.jpg\" srcset=\"https:\/\/faidutti.com\/blog\/licornes\/wp-content\/uploads\/sites\/2\/2021\/05\/Craie-02-Saint-Gilles_de_Malestroit-photo-Simon-2048x1365-1.jpg 2048w, https:\/\/faidutti.com\/blog\/licornes\/wp-content\/uploads\/sites\/2\/2021\/05\/Craie-02-Saint-Gilles_de_Malestroit-photo-Simon-2048x1365-1-300x200.jpg 300w, https:\/\/faidutti.com\/blog\/licornes\/wp-content\/uploads\/sites\/2\/2021\/05\/Craie-02-Saint-Gilles_de_Malestroit-photo-Simon-2048x1365-1-768x512.jpg 768w, https:\/\/faidutti.com\/blog\/licornes\/wp-content\/uploads\/sites\/2\/2021\/05\/Craie-02-Saint-Gilles_de_Malestroit-photo-Simon-2048x1365-1-1536x1024.jpg 1536w, https:\/\/faidutti.com\/blog\/licornes\/wp-content\/uploads\/sites\/2\/2021\/05\/Craie-02-Saint-Gilles_de_Malestroit-photo-Simon-2048x1365-1-450x300.jpg 450w\" sizes=\"(max-width: 2048px) 100vw, 2048px\" \/><figcaption class=\"wp-block-jetpack-slideshow_caption gallery-caption\">Ces peintures du XIIIe si\u00e8cle sous la voute de l\u2019\u00e9glise de Malestroit, en Bretagne, n\u2019ont \u00e9t\u00e9 d\u00e9couvertes qu\u2019il y a quelques ann\u00e9es, \u00e0 l\u2019occasion d\u2019une restauration. On reconna\u00eet un \u00e9l\u00e9phant, un centaure bicorne et un f\u00e9lin unicorne. Il y avait sans doute un quatri\u00e8me animal, peut-\u00eatre un lion, dragon ou griffon. <br \/>\nPhoto Simon \u2013 Musical Photo Man.\n<\/figcaption><\/figure><\/li><\/ul><a class=\"wp-block-jetpack-slideshow_button-prev swiper-button-prev swiper-button-white\" role=\"button\"><\/a><a class=\"wp-block-jetpack-slideshow_button-next swiper-button-next swiper-button-white\" role=\"button\"><\/a><a aria-label=\"Pause Slideshow\" class=\"wp-block-jetpack-slideshow_button-pause\" role=\"button\"><\/a><div class=\"wp-block-jetpack-slideshow_pagination swiper-pagination swiper-pagination-white\"><\/div><\/div><\/div>\n\n\n\n<p>On conna\u00eet moins les peintures murales ou dessins \u00e0 la craie des \u00e9glises d\u2019Europe du Nord, et notamment de Scandinavie, r\u00e9alis\u00e9es tout au long du Moyen \u00c2ge et jusqu\u2019\u00e0 la R\u00e9forme, le plus souvent <em>al secco<\/em>. De tels d\u00e9cors \u00e9taient pr\u00e9sents dans les \u00e9glises de toute l\u2019Europe, des plus modestes aux riches, mais la plupart ont disparu, ou n\u2019ont laiss\u00e9 sur les murs et plafonds que de vagues traces o\u00f9 l\u2019on devine parfois un quadrup\u00e8de dont on ne sait pas tr\u00e8s bien s\u2019il avait des cornes, et si oui combien.<\/p>\n\n\n\n<p>Dans l\u2019Europe catholique, les ravages du temps ont en effet contribu\u00e9 \u00e0 effacer en tout ou partie bon nombre de ces \u0153uvres, tandis que d\u2019autres \u00e9taient recouvertes de nouveaux dessins plus au go\u00fbt du jour, notamment \u00e0 l\u2019\u00e2ge baroque \u2013 et le baroque, \u00e7a a mal vieilli et il y a peu de licornes.<\/p>\n\n\n\n<div class=\"wp-block-jetpack-slideshow aligncenter\" data-effect=\"slide\"><div class=\"wp-block-jetpack-slideshow_container swiper-container\"><ul class=\"wp-block-jetpack-slideshow_swiper-wrapper swiper-wrapper\"><li class=\"wp-block-jetpack-slideshow_slide swiper-slide\"><figure><img loading=\"lazy\" decoding=\"async\" width=\"2048\" height=\"1442\" alt=\"\" class=\"wp-block-jetpack-slideshow_image wp-image-408\" data-id=\"408\" src=\"https:\/\/faidutti.com\/blog\/licornes\/wp-content\/uploads\/sites\/2\/2021\/05\/Huizinge-Groningen-Pays-Bas-photo-Groenling-2048x1442.jpg\" srcset=\"https:\/\/faidutti.com\/blog\/licornes\/wp-content\/uploads\/sites\/2\/2021\/05\/Huizinge-Groningen-Pays-Bas-photo-Groenling-2048x1442.jpg 2048w, https:\/\/faidutti.com\/blog\/licornes\/wp-content\/uploads\/sites\/2\/2021\/05\/Huizinge-Groningen-Pays-Bas-photo-Groenling-300x211.jpg 300w, https:\/\/faidutti.com\/blog\/licornes\/wp-content\/uploads\/sites\/2\/2021\/05\/Huizinge-Groningen-Pays-Bas-photo-Groenling-768x541.jpg 768w, https:\/\/faidutti.com\/blog\/licornes\/wp-content\/uploads\/sites\/2\/2021\/05\/Huizinge-Groningen-Pays-Bas-photo-Groenling-1536x1082.jpg 1536w, https:\/\/faidutti.com\/blog\/licornes\/wp-content\/uploads\/sites\/2\/2021\/05\/Huizinge-Groningen-Pays-Bas-photo-Groenling-426x300.jpg 426w\" sizes=\"(max-width: 2048px) 100vw, 2048px\" \/><figcaption class=\"wp-block-jetpack-slideshow_caption gallery-caption\">Licorne repr\u00e9sentant la Vierge Marie, \u00e9glise Saint-Jean de Huizinge, aux Pays Bas.<br \/> Photo Groenling, Flickr.<\/figcaption><\/figure><\/li><li class=\"wp-block-jetpack-slideshow_slide swiper-slide\"><figure><img loading=\"lazy\" decoding=\"async\" width=\"1988\" height=\"1688\" alt=\"\" class=\"wp-block-jetpack-slideshow_image wp-image-407\" data-id=\"407\" src=\"https:\/\/faidutti.com\/blog\/licornes\/wp-content\/uploads\/sites\/2\/2021\/05\/Craie-11-Innichen_Stiftskirche_-_Kuppelfresco_1.jpg\" srcset=\"https:\/\/faidutti.com\/blog\/licornes\/wp-content\/uploads\/sites\/2\/2021\/05\/Craie-11-Innichen_Stiftskirche_-_Kuppelfresco_1.jpg 1988w, https:\/\/faidutti.com\/blog\/licornes\/wp-content\/uploads\/sites\/2\/2021\/05\/Craie-11-Innichen_Stiftskirche_-_Kuppelfresco_1-300x255.jpg 300w, https:\/\/faidutti.com\/blog\/licornes\/wp-content\/uploads\/sites\/2\/2021\/05\/Craie-11-Innichen_Stiftskirche_-_Kuppelfresco_1-768x652.jpg 768w, https:\/\/faidutti.com\/blog\/licornes\/wp-content\/uploads\/sites\/2\/2021\/05\/Craie-11-Innichen_Stiftskirche_-_Kuppelfresco_1-1536x1304.jpg 1536w, https:\/\/faidutti.com\/blog\/licornes\/wp-content\/uploads\/sites\/2\/2021\/05\/Craie-11-Innichen_Stiftskirche_-_Kuppelfresco_1-353x300.jpg 353w\" sizes=\"(max-width: 1988px) 100vw, 1988px\" \/><figcaption class=\"wp-block-jetpack-slideshow_caption gallery-caption\"><i>La cr\u00e9ation des animaux,<\/i>\nFresque de l\u2019\u00e9glise d\u2019Innichen, dans le Tyrol, XIIIe si\u00e8cle.<br \/>\nWikimedia Commons, photo BSonne.\n<\/figcaption><\/figure><\/li><li class=\"wp-block-jetpack-slideshow_slide swiper-slide\"><figure><img loading=\"lazy\" decoding=\"async\" width=\"1365\" height=\"2048\" alt=\"\" class=\"wp-block-jetpack-slideshow_image wp-image-403\" data-id=\"403\" src=\"https:\/\/faidutti.com\/blog\/licornes\/wp-content\/uploads\/sites\/2\/2021\/05\/Craie-08-Sanderum_kirke_-_fresco-photo-Hans-Rosbach-1365x2048.jpg\" srcset=\"https:\/\/faidutti.com\/blog\/licornes\/wp-content\/uploads\/sites\/2\/2021\/05\/Craie-08-Sanderum_kirke_-_fresco-photo-Hans-Rosbach-1365x2048.jpg 1365w, https:\/\/faidutti.com\/blog\/licornes\/wp-content\/uploads\/sites\/2\/2021\/05\/Craie-08-Sanderum_kirke_-_fresco-photo-Hans-Rosbach-200x300.jpg 200w, https:\/\/faidutti.com\/blog\/licornes\/wp-content\/uploads\/sites\/2\/2021\/05\/Craie-08-Sanderum_kirke_-_fresco-photo-Hans-Rosbach-768x1152.jpg 768w, https:\/\/faidutti.com\/blog\/licornes\/wp-content\/uploads\/sites\/2\/2021\/05\/Craie-08-Sanderum_kirke_-_fresco-photo-Hans-Rosbach-1024x1536.jpg 1024w, https:\/\/faidutti.com\/blog\/licornes\/wp-content\/uploads\/sites\/2\/2021\/05\/Craie-08-Sanderum_kirke_-_fresco-photo-Hans-Rosbach-scaled.jpg 1707w\" sizes=\"(max-width: 1365px) 100vw, 1365px\" \/><figcaption class=\"wp-block-jetpack-slideshow_caption gallery-caption\">Une d\u00e9mon unicorne sur le mur de l\u2019\u00e9glise de Sanderum, au Danemark. Les fresques ont \u00e9t\u00e9 restaur\u00e9es tr\u00e8s r\u00e9cemment.<br \/>\nPhoto BSonne, Wikimedia Commons.\n<\/figcaption><\/figure><\/li><li class=\"wp-block-jetpack-slideshow_slide swiper-slide\"><figure><img loading=\"lazy\" decoding=\"async\" width=\"1920\" height=\"936\" alt=\"\" class=\"wp-block-jetpack-slideshow_image wp-image-8583\" data-id=\"8583\" src=\"https:\/\/faidutti.com\/blog\/licornes\/wp-content\/uploads\/sites\/2\/2022\/03\/Eglise-St-Ulrich-Heinrichs-Thuringe-circa-1500-photo-Uwe-Gaasch.jpg\" srcset=\"https:\/\/faidutti.com\/blog\/licornes\/wp-content\/uploads\/sites\/2\/2022\/03\/Eglise-St-Ulrich-Heinrichs-Thuringe-circa-1500-photo-Uwe-Gaasch.jpg 1920w, https:\/\/faidutti.com\/blog\/licornes\/wp-content\/uploads\/sites\/2\/2022\/03\/Eglise-St-Ulrich-Heinrichs-Thuringe-circa-1500-photo-Uwe-Gaasch-300x146.jpg 300w, https:\/\/faidutti.com\/blog\/licornes\/wp-content\/uploads\/sites\/2\/2022\/03\/Eglise-St-Ulrich-Heinrichs-Thuringe-circa-1500-photo-Uwe-Gaasch-768x374.jpg 768w, https:\/\/faidutti.com\/blog\/licornes\/wp-content\/uploads\/sites\/2\/2022\/03\/Eglise-St-Ulrich-Heinrichs-Thuringe-circa-1500-photo-Uwe-Gaasch-1536x749.jpg 1536w, https:\/\/faidutti.com\/blog\/licornes\/wp-content\/uploads\/sites\/2\/2022\/03\/Eglise-St-Ulrich-Heinrichs-Thuringe-circa-1500-photo-Uwe-Gaasch-500x244.jpg 500w\" sizes=\"(max-width: 1920px) 100vw, 1920px\" \/><figcaption class=\"wp-block-jetpack-slideshow_caption gallery-caption\">Eglise St Ulrich de Heinrichs, en Thuringe, circa 1500.<\/figcaption><\/figure><\/li><\/ul><a class=\"wp-block-jetpack-slideshow_button-prev swiper-button-prev swiper-button-white\" role=\"button\"><\/a><a class=\"wp-block-jetpack-slideshow_button-next swiper-button-next swiper-button-white\" role=\"button\"><\/a><a aria-label=\"Pause Slideshow\" class=\"wp-block-jetpack-slideshow_button-pause\" role=\"button\"><\/a><div class=\"wp-block-jetpack-slideshow_pagination swiper-pagination swiper-pagination-white\"><\/div><\/div><\/div>\n\n\n\n<p>Les luth\u00e9riens, et plus encore les calvinistes, n\u2019appr\u00e9ciaient ni les couleurs vives, ni certains des th\u00e8mes r\u00e9currents de ces d\u00e9cors, sc\u00e8nes mariales, vies de saints, d\u00e9mons ricanant. Du coup, dans l\u2019Europe protestante, la plupart de ces peintures ont \u00e9t\u00e9 effac\u00e9es. Peut-\u00eatre les Scandinaves \u00e9taient-ils des r\u00e9form\u00e9s moins f\u00e9roces, ou craignaient-ils un possible retour des papistes&nbsp;? Toujours est-il que, tandis que les fresques des \u00e9glises allemandes \u00e9taient le plus souvent d\u00e9truites, celles des \u00e9glises su\u00e9doises et danoises \u00e9taient simplement cach\u00e9es sous une petite \u00e9paisseur de chaux. Lorsque, \u00e0 la fin du XIXe si\u00e8cle, des historiens de l\u2019art un peu curieux s\u2019y sont int\u00e9ress\u00e9, il leur a \u00e9t\u00e9 possible de retrouver, sous la couche d\u2019enduit, des images que la chaux avait prot\u00e9g\u00e9 des injures du temps, quitte \u00e0 les restaurer parfois avec moins de prudence que l\u2019on n\u2019en aurait aujourd\u2019hui.<\/p>\n\n\n\n<div class=\"wp-block-jetpack-slideshow aligncenter\" data-effect=\"slide\"><div class=\"wp-block-jetpack-slideshow_container swiper-container\"><ul class=\"wp-block-jetpack-slideshow_swiper-wrapper swiper-wrapper\"><li class=\"wp-block-jetpack-slideshow_slide swiper-slide\"><figure><img loading=\"lazy\" decoding=\"async\" width=\"2048\" height=\"1539\" alt=\"\" class=\"wp-block-jetpack-slideshow_image wp-image-401\" data-id=\"401\" src=\"https:\/\/faidutti.com\/blog\/licornes\/wp-content\/uploads\/sites\/2\/2021\/05\/Craie-06-Sporring-church-Photo-Roberto-Fortuna-2048x1539.jpg\" srcset=\"https:\/\/faidutti.com\/blog\/licornes\/wp-content\/uploads\/sites\/2\/2021\/05\/Craie-06-Sporring-church-Photo-Roberto-Fortuna-2048x1539.jpg 2048w, https:\/\/faidutti.com\/blog\/licornes\/wp-content\/uploads\/sites\/2\/2021\/05\/Craie-06-Sporring-church-Photo-Roberto-Fortuna-300x225.jpg 300w, https:\/\/faidutti.com\/blog\/licornes\/wp-content\/uploads\/sites\/2\/2021\/05\/Craie-06-Sporring-church-Photo-Roberto-Fortuna-768x577.jpg 768w, https:\/\/faidutti.com\/blog\/licornes\/wp-content\/uploads\/sites\/2\/2021\/05\/Craie-06-Sporring-church-Photo-Roberto-Fortuna-1536x1154.jpg 1536w, https:\/\/faidutti.com\/blog\/licornes\/wp-content\/uploads\/sites\/2\/2021\/05\/Craie-06-Sporring-church-Photo-Roberto-Fortuna-399x300.jpg 399w\" sizes=\"(max-width: 2048px) 100vw, 2048px\" \/><figcaption class=\"wp-block-jetpack-slideshow_caption gallery-caption\">Le bon vieux th\u00e8me de l\u2019arbre de vie et des deux animaux, ici des licornes \u00e0 la queue en tire-bouchon, dans l\u2019\u00e9glise de Sp\u00f8rring, au Danemark.<br \/>\nPhoto Roberto Fortuna.\n<\/figcaption><\/figure><\/li><li class=\"wp-block-jetpack-slideshow_slide swiper-slide\"><figure><img loading=\"lazy\" decoding=\"async\" width=\"2048\" height=\"1326\" alt=\"\" class=\"wp-block-jetpack-slideshow_image wp-image-411\" data-id=\"411\" src=\"https:\/\/faidutti.com\/blog\/licornes\/wp-content\/uploads\/sites\/2\/2021\/05\/Synagogue-de-Pinczow-2048x1326.jpg\" srcset=\"https:\/\/faidutti.com\/blog\/licornes\/wp-content\/uploads\/sites\/2\/2021\/05\/Synagogue-de-Pinczow-2048x1326.jpg 2048w, https:\/\/faidutti.com\/blog\/licornes\/wp-content\/uploads\/sites\/2\/2021\/05\/Synagogue-de-Pinczow-300x194.jpg 300w, https:\/\/faidutti.com\/blog\/licornes\/wp-content\/uploads\/sites\/2\/2021\/05\/Synagogue-de-Pinczow-768x497.jpg 768w, https:\/\/faidutti.com\/blog\/licornes\/wp-content\/uploads\/sites\/2\/2021\/05\/Synagogue-de-Pinczow-1536x994.jpg 1536w, https:\/\/faidutti.com\/blog\/licornes\/wp-content\/uploads\/sites\/2\/2021\/05\/Synagogue-de-Pinczow-463x300.jpg 463w\" sizes=\"(max-width: 2048px) 100vw, 2048px\" \/><figcaption class=\"wp-block-jetpack-slideshow_caption gallery-caption\">La peinture des synagogues est parfois tr\u00e8s similaire \u00e0 celle des \u00e9glises, et on y retrouve aussi le th\u00e8me de l&#8217;arbre de vie. Ici la vieille synagogue Pinczow, en Pologne.<\/figcaption><\/figure><\/li><li class=\"wp-block-jetpack-slideshow_slide swiper-slide\"><figure><img loading=\"lazy\" decoding=\"async\" width=\"1349\" height=\"1217\" alt=\"\" class=\"wp-block-jetpack-slideshow_image wp-image-2482\" data-id=\"2482\" src=\"https:\/\/faidutti.com\/blog\/licornes\/wp-content\/uploads\/sites\/2\/2021\/07\/Nicolaaskerk-vault-painting-judgment.jpg\" srcset=\"https:\/\/faidutti.com\/blog\/licornes\/wp-content\/uploads\/sites\/2\/2021\/07\/Nicolaaskerk-vault-painting-judgment.jpg 1349w, https:\/\/faidutti.com\/blog\/licornes\/wp-content\/uploads\/sites\/2\/2021\/07\/Nicolaaskerk-vault-painting-judgment-300x271.jpg 300w, https:\/\/faidutti.com\/blog\/licornes\/wp-content\/uploads\/sites\/2\/2021\/07\/Nicolaaskerk-vault-painting-judgment-768x693.jpg 768w, https:\/\/faidutti.com\/blog\/licornes\/wp-content\/uploads\/sites\/2\/2021\/07\/Nicolaaskerk-vault-painting-judgment-333x300.jpg 333w\" sizes=\"(max-width: 1349px) 100vw, 1349px\" \/><figcaption class=\"wp-block-jetpack-slideshow_caption gallery-caption\">Plafond peint de l&#8217;\u00e9glise Saint-Nicolas \u00e0 Elburg, aux Pays-Bas.<br \/>\nPhoto Groenling, Flickr.<\/figcaption><\/figure><\/li><li class=\"wp-block-jetpack-slideshow_slide swiper-slide\"><figure><img loading=\"lazy\" decoding=\"async\" width=\"2048\" height=\"1362\" alt=\"\" class=\"wp-block-jetpack-slideshow_image wp-image-3786\" data-id=\"3786\" src=\"https:\/\/faidutti.com\/blog\/licornes\/wp-content\/uploads\/sites\/2\/2021\/05\/Eglise-Saint-Nicolas-de-Bad-Essen-La-creation-dEve-XVIIe-scaled-2048x1362.jpg\" srcset=\"https:\/\/faidutti.com\/blog\/licornes\/wp-content\/uploads\/sites\/2\/2021\/05\/Eglise-Saint-Nicolas-de-Bad-Essen-La-creation-dEve-XVIIe-scaled-2048x1362.jpg 2048w, https:\/\/faidutti.com\/blog\/licornes\/wp-content\/uploads\/sites\/2\/2021\/05\/Eglise-Saint-Nicolas-de-Bad-Essen-La-creation-dEve-XVIIe-scaled-300x199.jpg 300w, https:\/\/faidutti.com\/blog\/licornes\/wp-content\/uploads\/sites\/2\/2021\/05\/Eglise-Saint-Nicolas-de-Bad-Essen-La-creation-dEve-XVIIe-scaled-768x511.jpg 768w, https:\/\/faidutti.com\/blog\/licornes\/wp-content\/uploads\/sites\/2\/2021\/05\/Eglise-Saint-Nicolas-de-Bad-Essen-La-creation-dEve-XVIIe-scaled-1536x1021.jpg 1536w, https:\/\/faidutti.com\/blog\/licornes\/wp-content\/uploads\/sites\/2\/2021\/05\/Eglise-Saint-Nicolas-de-Bad-Essen-La-creation-dEve-XVIIe-scaled-451x300.jpg 451w\" sizes=\"(max-width: 2048px) 100vw, 2048px\" \/><figcaption class=\"wp-block-jetpack-slideshow_caption gallery-caption\">La cr\u00e9ation d&#8217;Eve, XVIIe si\u00e8cle.<br \/>\n\u00c9glise Saint Nicolas de Bade Essen, en Allemagne.<\/figcaption><\/figure><\/li><\/ul><a class=\"wp-block-jetpack-slideshow_button-prev swiper-button-prev swiper-button-white\" role=\"button\"><\/a><a class=\"wp-block-jetpack-slideshow_button-next swiper-button-next swiper-button-white\" role=\"button\"><\/a><a aria-label=\"Pause Slideshow\" class=\"wp-block-jetpack-slideshow_button-pause\" role=\"button\"><\/a><div class=\"wp-block-jetpack-slideshow_pagination swiper-pagination swiper-pagination-white\"><\/div><\/div><\/div>\n\n\n\n<p>Il faut donc aller en Su\u00e8de ou au Danemark pour voir de belles peintures m\u00e9di\u00e9vales sur les murs des \u00e9glises. Les motifs sont surtout religieux, des sc\u00e8nes des deux testaments, des vies de saints. Le dragon s\u2019\u00e9tait gliss\u00e9 dans &nbsp;les l\u00e9gendes nordiques, ce qui explique la fr\u00e9quence des sc\u00e8nes de Saint Michel ou de Saint George combattant la b\u00eate \u2013 si le saint est \u00e0 pied, c\u2019est Michel, s\u2019il est \u00e0 cheval, c\u2019est Georges. L\u2019histoire de Josaphat poursuivi par la licorne et menac\u00e9 par le dragon, r\u00e9cit qui a donc fait un tr\u00e8s grand chemin d\u2019Inde en Scandinavie, figure aussi sur les murs ou les plafonds de nombreuses \u00e9glises et abbayes.<\/p>\n\n\n\n<div class=\"wp-block-jetpack-slideshow aligncenter\" data-effect=\"slide\"><div class=\"wp-block-jetpack-slideshow_container swiper-container\"><ul class=\"wp-block-jetpack-slideshow_swiper-wrapper swiper-wrapper\"><li class=\"wp-block-jetpack-slideshow_slide swiper-slide\"><figure><img loading=\"lazy\" decoding=\"async\" width=\"1215\" height=\"2048\" alt=\"\" class=\"wp-block-jetpack-slideshow_image wp-image-402\" data-id=\"402\" src=\"https:\/\/faidutti.com\/blog\/licornes\/wp-content\/uploads\/sites\/2\/2021\/05\/Craie-07-St._Laurentius_Bischoffingen_jm28288-photo-Joergens-mi-1215x2048.jpg\" srcset=\"https:\/\/faidutti.com\/blog\/licornes\/wp-content\/uploads\/sites\/2\/2021\/05\/Craie-07-St._Laurentius_Bischoffingen_jm28288-photo-Joergens-mi-1215x2048.jpg 1215w, https:\/\/faidutti.com\/blog\/licornes\/wp-content\/uploads\/sites\/2\/2021\/05\/Craie-07-St._Laurentius_Bischoffingen_jm28288-photo-Joergens-mi-178x300.jpg 178w, https:\/\/faidutti.com\/blog\/licornes\/wp-content\/uploads\/sites\/2\/2021\/05\/Craie-07-St._Laurentius_Bischoffingen_jm28288-photo-Joergens-mi-768x1295.jpg 768w, https:\/\/faidutti.com\/blog\/licornes\/wp-content\/uploads\/sites\/2\/2021\/05\/Craie-07-St._Laurentius_Bischoffingen_jm28288-photo-Joergens-mi-911x1536.jpg 911w, https:\/\/faidutti.com\/blog\/licornes\/wp-content\/uploads\/sites\/2\/2021\/05\/Craie-07-St._Laurentius_Bischoffingen_jm28288-photo-Joergens-mi-scaled.jpg 1518w\" sizes=\"(max-width: 1215px) 100vw, 1215px\" \/><figcaption class=\"wp-block-jetpack-slideshow_caption gallery-caption\">L\u2019homme r\u00e9fugi\u00e9 dans l\u2019arbre.<br \/>\n\u00c9glise Saint Laurent de Bischoffingen, en Allemagne.<br \/>\nPhoto Joergens Mi, Wikimedia Commons.\n<\/figcaption><\/figure><\/li><li class=\"wp-block-jetpack-slideshow_slide swiper-slide\"><figure><img loading=\"lazy\" decoding=\"async\" width=\"1466\" height=\"2048\" alt=\"\" class=\"wp-block-jetpack-slideshow_image wp-image-397\" data-id=\"397\" src=\"https:\/\/faidutti.com\/blog\/licornes\/wp-content\/uploads\/sites\/2\/2021\/05\/Craie-03.1-Stedum-Groningen-hervormde-kerk-vault-Groenling-1466x2048.jpg\" srcset=\"https:\/\/faidutti.com\/blog\/licornes\/wp-content\/uploads\/sites\/2\/2021\/05\/Craie-03.1-Stedum-Groningen-hervormde-kerk-vault-Groenling-1466x2048.jpg 1466w, https:\/\/faidutti.com\/blog\/licornes\/wp-content\/uploads\/sites\/2\/2021\/05\/Craie-03.1-Stedum-Groningen-hervormde-kerk-vault-Groenling-215x300.jpg 215w, https:\/\/faidutti.com\/blog\/licornes\/wp-content\/uploads\/sites\/2\/2021\/05\/Craie-03.1-Stedum-Groningen-hervormde-kerk-vault-Groenling-768x1073.jpg 768w, https:\/\/faidutti.com\/blog\/licornes\/wp-content\/uploads\/sites\/2\/2021\/05\/Craie-03.1-Stedum-Groningen-hervormde-kerk-vault-Groenling-1100x1536.jpg 1100w, https:\/\/faidutti.com\/blog\/licornes\/wp-content\/uploads\/sites\/2\/2021\/05\/Craie-03.1-Stedum-Groningen-hervormde-kerk-vault-Groenling-scaled.jpg 1833w\" sizes=\"(max-width: 1466px) 100vw, 1466px\" \/><figcaption class=\"wp-block-jetpack-slideshow_caption gallery-caption\">Cette fresque originellement du XVIe si\u00e8cle mais largement refaite au XIXe si\u00e8cle repr\u00e9sente peut-\u00eatre Samson tuant le lion. La licorne regarde prudemment.\n\u00c9glise Saint-Barth\u00e9l\u00e9my de Stedum, Pays-Bas. <br \/>\nPhoto Groenling, Flickr.\n<\/figcaption><\/figure><\/li><li class=\"wp-block-jetpack-slideshow_slide swiper-slide\"><figure><img loading=\"lazy\" decoding=\"async\" width=\"1410\" height=\"2048\" alt=\"\" class=\"wp-block-jetpack-slideshow_image wp-image-398\" data-id=\"398\" src=\"https:\/\/faidutti.com\/blog\/licornes\/wp-content\/uploads\/sites\/2\/2021\/05\/Craie-03.2-Stedum-Groningen-photo-Groenling-1410x2048.jpg\" srcset=\"https:\/\/faidutti.com\/blog\/licornes\/wp-content\/uploads\/sites\/2\/2021\/05\/Craie-03.2-Stedum-Groningen-photo-Groenling-1410x2048.jpg 1410w, https:\/\/faidutti.com\/blog\/licornes\/wp-content\/uploads\/sites\/2\/2021\/05\/Craie-03.2-Stedum-Groningen-photo-Groenling-206x300.jpg 206w, https:\/\/faidutti.com\/blog\/licornes\/wp-content\/uploads\/sites\/2\/2021\/05\/Craie-03.2-Stedum-Groningen-photo-Groenling-768x1116.jpg 768w, https:\/\/faidutti.com\/blog\/licornes\/wp-content\/uploads\/sites\/2\/2021\/05\/Craie-03.2-Stedum-Groningen-photo-Groenling-1057x1536.jpg 1057w, https:\/\/faidutti.com\/blog\/licornes\/wp-content\/uploads\/sites\/2\/2021\/05\/Craie-03.2-Stedum-Groningen-photo-Groenling-scaled.jpg 1762w\" sizes=\"(max-width: 1410px) 100vw, 1410px\" \/><figcaption class=\"wp-block-jetpack-slideshow_caption gallery-caption\">Cette fresque originellement du XVIe si\u00e8cle mais largement refaite au XIXe si\u00e8cle repr\u00e9sente peut-\u00eatre Samson tuant le lion. La licorne regarde prudemment.<br \/>\n\u00c9glise Saint-Barth\u00e9l\u00e9my de Stedum, Pays-Bas. <br \/>\nPhoto Groenling, Flickr.\n<\/figcaption><\/figure><\/li><li class=\"wp-block-jetpack-slideshow_slide swiper-slide\"><figure><img decoding=\"async\" alt=\"\" class=\"wp-block-jetpack-slideshow_image wp-image-3786\" data-id=\"3786\" src=\"https:\/\/faidutti.com\/blog\/licornes\/wp-content\/uploads\/sites\/2\/2021\/05\/Eglise-Saint-Nicolas-de-Bad-Essen-La-cre\u0301ation-dEve-XVIIe.--2048x1362.jpg\"\/><figcaption class=\"wp-block-jetpack-slideshow_caption gallery-caption\">La cr\u00e9ation d&#8217;Eve, XVIIe si\u00e8cle.<br \/>\n\u00c9glise Saint Nicolas de Bade Essen, en Allemagne.<\/figcaption><\/figure><\/li><\/ul><a class=\"wp-block-jetpack-slideshow_button-prev swiper-button-prev swiper-button-white\" role=\"button\"><\/a><a class=\"wp-block-jetpack-slideshow_button-next swiper-button-next swiper-button-white\" role=\"button\"><\/a><a aria-label=\"Pause Slideshow\" class=\"wp-block-jetpack-slideshow_button-pause\" role=\"button\"><\/a><div class=\"wp-block-jetpack-slideshow_pagination swiper-pagination swiper-pagination-white\"><\/div><\/div><\/div>\n\n\n\n<p>\u00c0 l\u2019\u00e9poque gothique, beaucoup des artistes qui d\u00e9cor\u00e8rent les murs des \u00e9glises scandinaves venaient d\u2019Allemagne. Le plus connu d\u2019entre eux, Albertus Pictor &#8211; Albert le peintre &#8211; (1440-1507) a peut-\u00eatre import\u00e9 le th\u00e8me germanique de la chasse mystique \u00e0 la licorne. Il a peint plusieurs Annonciations \u00e0 la licorne, qui semblent avoir \u00e9t\u00e9 presque du travail en s\u00e9rie puisque, sur l\u2019une d\u2019entre-elles, dans l\u2019\u00e9glise d\u2019Almunge, il a b\u00eatement oubli\u00e9 la corne. Cela nous vaut une chasse mystique \u00e0 la ch\u00e8vre qui ne fait pas bien s\u00e9rieux.<\/p>\n\n\n\n<div class=\"wp-block-jetpack-slideshow aligncenter\" data-effect=\"slide\"><div class=\"wp-block-jetpack-slideshow_container swiper-container\"><ul class=\"wp-block-jetpack-slideshow_swiper-wrapper swiper-wrapper\"><li class=\"wp-block-jetpack-slideshow_slide swiper-slide\"><figure><img loading=\"lazy\" decoding=\"async\" width=\"1400\" height=\"1360\" alt=\"\" class=\"wp-block-jetpack-slideshow_image wp-image-2891\" data-id=\"2891\" src=\"https:\/\/faidutti.com\/blog\/licornes\/wp-content\/uploads\/sites\/2\/2021\/05\/Craie-05-Albertus-Pictor-1440-1509-Osmo-.jpg\" srcset=\"https:\/\/faidutti.com\/blog\/licornes\/wp-content\/uploads\/sites\/2\/2021\/05\/Craie-05-Albertus-Pictor-1440-1509-Osmo-.jpg 1400w, https:\/\/faidutti.com\/blog\/licornes\/wp-content\/uploads\/sites\/2\/2021\/05\/Craie-05-Albertus-Pictor-1440-1509-Osmo--300x291.jpg 300w, https:\/\/faidutti.com\/blog\/licornes\/wp-content\/uploads\/sites\/2\/2021\/05\/Craie-05-Albertus-Pictor-1440-1509-Osmo--768x746.jpg 768w, https:\/\/faidutti.com\/blog\/licornes\/wp-content\/uploads\/sites\/2\/2021\/05\/Craie-05-Albertus-Pictor-1440-1509-Osmo--309x300.jpg 309w\" sizes=\"(max-width: 1400px) 100vw, 1400px\" \/><figcaption class=\"wp-block-jetpack-slideshow_caption gallery-caption\">Albertus Pictor, Chasse mystique \u00e0 la licorne, circa 1500.<br \/>\n\u00c9glise d\u2019Osmo, Su\u00e8de.<br \/>\nPhoto Christer Malmberg.\n<\/figcaption><\/figure><\/li><li class=\"wp-block-jetpack-slideshow_slide swiper-slide\"><figure><img loading=\"lazy\" decoding=\"async\" width=\"1400\" height=\"1073\" alt=\"\" class=\"wp-block-jetpack-slideshow_image wp-image-2892\" data-id=\"2892\" src=\"https:\/\/faidutti.com\/blog\/licornes\/wp-content\/uploads\/sites\/2\/2021\/05\/Craie-04-Albertus-Pictor-1440-1509-Almunge-.jpg\" srcset=\"https:\/\/faidutti.com\/blog\/licornes\/wp-content\/uploads\/sites\/2\/2021\/05\/Craie-04-Albertus-Pictor-1440-1509-Almunge-.jpg 1400w, https:\/\/faidutti.com\/blog\/licornes\/wp-content\/uploads\/sites\/2\/2021\/05\/Craie-04-Albertus-Pictor-1440-1509-Almunge--300x230.jpg 300w, https:\/\/faidutti.com\/blog\/licornes\/wp-content\/uploads\/sites\/2\/2021\/05\/Craie-04-Albertus-Pictor-1440-1509-Almunge--768x589.jpg 768w, https:\/\/faidutti.com\/blog\/licornes\/wp-content\/uploads\/sites\/2\/2021\/05\/Craie-04-Albertus-Pictor-1440-1509-Almunge--391x300.jpg 391w\" sizes=\"(max-width: 1400px) 100vw, 1400px\" \/><figcaption class=\"wp-block-jetpack-slideshow_caption gallery-caption\">Albertus Pictor, Chasse mystique \u00e0 la licorne sans corne, circa 1500.<br \/>\n\u00c9glise d\u2019Almunge, Su\u00e8de.<br \/>\nPhoto Christer Malmberg.\n<\/figcaption><\/figure><\/li><\/ul><a class=\"wp-block-jetpack-slideshow_button-prev swiper-button-prev swiper-button-white\" role=\"button\"><\/a><a class=\"wp-block-jetpack-slideshow_button-next swiper-button-next swiper-button-white\" role=\"button\"><\/a><a aria-label=\"Pause Slideshow\" class=\"wp-block-jetpack-slideshow_button-pause\" role=\"button\"><\/a><div class=\"wp-block-jetpack-slideshow_pagination swiper-pagination swiper-pagination-white\"><\/div><\/div><\/div>\n\n\n\n<p>Tout \u00e0 la fois peinture et sculpture, il faut glisser un mot des reliefs peints ornant les murs et les plafonds des cath\u00e9drales. Je ne savais pas trop o\u00f9 les mettre, je vais donc glisser ici quelques photos de croisillons gothiques, notamment ceux de la cath\u00e9drale de Norwich, en Angleterre. Ils sont plus de mille, il n&#8217;est donc pas vraiment \u00e9tonnant que deux licornes soient parvenu \u00e0 s&#8217;y glisser, l&#8217;une lors de la cr\u00e9ation du monde, l&#8217;autre \u00e0 sa place habituelle, dans l&#8217;Arche de No\u00e9.<\/p>\n\n\n\n<div class=\"wp-block-jetpack-slideshow aligncenter\" data-effect=\"slide\"><div class=\"wp-block-jetpack-slideshow_container swiper-container\"><ul class=\"wp-block-jetpack-slideshow_swiper-wrapper swiper-wrapper\"><li class=\"wp-block-jetpack-slideshow_slide swiper-slide\"><figure><img loading=\"lazy\" decoding=\"async\" width=\"1473\" height=\"1718\" alt=\"\" class=\"wp-block-jetpack-slideshow_image wp-image-405\" data-id=\"405\" src=\"https:\/\/faidutti.com\/blog\/licornes\/wp-content\/uploads\/sites\/2\/2021\/05\/Craie-10.1-Norwich-God-blessing-Animals-circa-1480-photo-Holly-Hayes.jpg\" srcset=\"https:\/\/faidutti.com\/blog\/licornes\/wp-content\/uploads\/sites\/2\/2021\/05\/Craie-10.1-Norwich-God-blessing-Animals-circa-1480-photo-Holly-Hayes.jpg 1473w, https:\/\/faidutti.com\/blog\/licornes\/wp-content\/uploads\/sites\/2\/2021\/05\/Craie-10.1-Norwich-God-blessing-Animals-circa-1480-photo-Holly-Hayes-257x300.jpg 257w, https:\/\/faidutti.com\/blog\/licornes\/wp-content\/uploads\/sites\/2\/2021\/05\/Craie-10.1-Norwich-God-blessing-Animals-circa-1480-photo-Holly-Hayes-768x896.jpg 768w, https:\/\/faidutti.com\/blog\/licornes\/wp-content\/uploads\/sites\/2\/2021\/05\/Craie-10.1-Norwich-God-blessing-Animals-circa-1480-photo-Holly-Hayes-1317x1536.jpg 1317w\" sizes=\"(max-width: 1473px) 100vw, 1473px\" \/><figcaption class=\"wp-block-jetpack-slideshow_caption gallery-caption\"><i>Dieu b\u00e9nissant la cr\u00e9ation,<\/i> l&#8217;un deux des mille et quelques croisillons du XVe si\u00e8cle au plafond de la cath\u00e9drale de Norwich, en Angleterre.<br \/>\nPhoto Holly Hayes\n<\/figcaption><\/figure><\/li><li class=\"wp-block-jetpack-slideshow_slide swiper-slide\"><figure><img loading=\"lazy\" decoding=\"async\" width=\"742\" height=\"854\" alt=\"\" class=\"wp-block-jetpack-slideshow_image wp-image-406\" data-id=\"406\" src=\"https:\/\/faidutti.com\/blog\/licornes\/wp-content\/uploads\/sites\/2\/2021\/05\/Craie-10.2-Norwich-Noahs-Ark-circa-1480-photo-Holly-Hayes.jpg\" srcset=\"https:\/\/faidutti.com\/blog\/licornes\/wp-content\/uploads\/sites\/2\/2021\/05\/Craie-10.2-Norwich-Noahs-Ark-circa-1480-photo-Holly-Hayes.jpg 742w, https:\/\/faidutti.com\/blog\/licornes\/wp-content\/uploads\/sites\/2\/2021\/05\/Craie-10.2-Norwich-Noahs-Ark-circa-1480-photo-Holly-Hayes-261x300.jpg 261w\" sizes=\"(max-width: 742px) 100vw, 742px\" \/><figcaption class=\"wp-block-jetpack-slideshow_caption gallery-caption\">L&#8217;Arche de No\u00e9,, l&#8217;un des mille et quelques croisillons du XVe si\u00e8cle au plafond de la cath\u00e9drale de Norwich, en Angleterre.<br \/>\nPhoto Holly Hayes\n<\/figcaption><\/figure><\/li><li class=\"wp-block-jetpack-slideshow_slide swiper-slide\"><figure><img loading=\"lazy\" decoding=\"async\" width=\"2048\" height=\"1917\" alt=\"\" class=\"wp-block-jetpack-slideshow_image wp-image-6916\" data-id=\"6916\" src=\"https:\/\/faidutti.com\/blog\/licornes\/wp-content\/uploads\/sites\/2\/2022\/03\/Norfolk-Noewich-photo-jmc4-church-explorer--2048x1917.jpg\" srcset=\"https:\/\/faidutti.com\/blog\/licornes\/wp-content\/uploads\/sites\/2\/2022\/03\/Norfolk-Noewich-photo-jmc4-church-explorer--2048x1917.jpg 2048w, https:\/\/faidutti.com\/blog\/licornes\/wp-content\/uploads\/sites\/2\/2022\/03\/Norfolk-Noewich-photo-jmc4-church-explorer--300x281.jpg 300w, https:\/\/faidutti.com\/blog\/licornes\/wp-content\/uploads\/sites\/2\/2022\/03\/Norfolk-Noewich-photo-jmc4-church-explorer--768x719.jpg 768w, https:\/\/faidutti.com\/blog\/licornes\/wp-content\/uploads\/sites\/2\/2022\/03\/Norfolk-Noewich-photo-jmc4-church-explorer--1536x1438.jpg 1536w, https:\/\/faidutti.com\/blog\/licornes\/wp-content\/uploads\/sites\/2\/2022\/03\/Norfolk-Noewich-photo-jmc4-church-explorer--320x300.jpg 320w\" sizes=\"(max-width: 2048px) 100vw, 2048px\" \/><figcaption class=\"wp-block-jetpack-slideshow_caption gallery-caption\">Un autre croisillon de la cath\u00e9drale de Norfolk. C&#8217;est sans doute une licorne, mais ce n&#8217;est plus tout \u00e0 fait certain.<br \/>\nPhoto jmc4 Church Explorer, Flickr.<\/figcaption><\/figure><\/li><li class=\"wp-block-jetpack-slideshow_slide swiper-slide\"><figure><img loading=\"lazy\" decoding=\"async\" width=\"2048\" height=\"1536\" alt=\"\" class=\"wp-block-jetpack-slideshow_image wp-image-404\" data-id=\"404\" src=\"https:\/\/faidutti.com\/blog\/licornes\/wp-content\/uploads\/sites\/2\/2021\/05\/Craie-09-Imbach_Katharinenkapelle17-2048x1536.jpg\" srcset=\"https:\/\/faidutti.com\/blog\/licornes\/wp-content\/uploads\/sites\/2\/2021\/05\/Craie-09-Imbach_Katharinenkapelle17-2048x1536.jpg 2048w, https:\/\/faidutti.com\/blog\/licornes\/wp-content\/uploads\/sites\/2\/2021\/05\/Craie-09-Imbach_Katharinenkapelle17-300x225.jpg 300w, https:\/\/faidutti.com\/blog\/licornes\/wp-content\/uploads\/sites\/2\/2021\/05\/Craie-09-Imbach_Katharinenkapelle17-768x576.jpg 768w, https:\/\/faidutti.com\/blog\/licornes\/wp-content\/uploads\/sites\/2\/2021\/05\/Craie-09-Imbach_Katharinenkapelle17-1536x1152.jpg 1536w, https:\/\/faidutti.com\/blog\/licornes\/wp-content\/uploads\/sites\/2\/2021\/05\/Craie-09-Imbach_Katharinenkapelle17-400x300.jpg 400w\" sizes=\"(max-width: 2048px) 100vw, 2048px\" \/><figcaption class=\"wp-block-jetpack-slideshow_caption gallery-caption\">Une chasse \u00e0 la licorne particuli\u00e8rement violente sur un croisillon du plafond de la chapelle Sainte Catherine \u00e0 Imbach, en Autriche. <br \/>photo BSonne, Wikimedia Commons<\/figcaption><\/figure><\/li><\/ul><a class=\"wp-block-jetpack-slideshow_button-prev swiper-button-prev swiper-button-white\" role=\"button\"><\/a><a class=\"wp-block-jetpack-slideshow_button-next swiper-button-next swiper-button-white\" role=\"button\"><\/a><a aria-label=\"Pause Slideshow\" class=\"wp-block-jetpack-slideshow_button-pause\" role=\"button\"><\/a><div class=\"wp-block-jetpack-slideshow_pagination swiper-pagination swiper-pagination-white\"><\/div><\/div><\/div>\n","protected":false},"excerpt":{"rendered":"<p>Beaucoup d\u2019\u00e9glises gothiques d\u2019Europe avaient des murs peints, mais c\u2019est en Scandinavie que ces dessins ont \u00e9t\u00e9 le mieux conserv\u00e9s, et c\u2019est l\u00e0-bas qu\u2019il faut aller pour y voir des licornes . Dans mon livre, vous d\u00e9couvrirez le bestiaire de &hellip; <a href=\"https:\/\/faidutti.com\/blog\/licornes\/2022\/01\/10\/le-bestiaire-de-craie\/\">Continue reading <span class=\"meta-nav\">&rarr;<\/span><\/a><\/p>\n","protected":false},"author":2,"featured_media":398,"comment_status":"open","ping_status":"open","sticky":false,"template":"","format":"standard","meta":{"_jetpack_memberships_contains_paid_content":false,"footnotes":""},"categories":[2],"tags":[],"class_list":["post-393","post","type-post","status-publish","format-standard","has-post-thumbnail","hentry","category-images-et-symboles"],"jetpack_featured_media_url":"https:\/\/faidutti.com\/blog\/licornes\/wp-content\/uploads\/sites\/2\/2021\/05\/Craie-03.2-Stedum-Groningen-photo-Groenling-scaled.jpg","jetpack_sharing_enabled":true,"_links":{"self":[{"href":"https:\/\/faidutti.com\/blog\/licornes\/wp-json\/wp\/v2\/posts\/393","targetHints":{"allow":["GET"]}}],"collection":[{"href":"https:\/\/faidutti.com\/blog\/licornes\/wp-json\/wp\/v2\/posts"}],"about":[{"href":"https:\/\/faidutti.com\/blog\/licornes\/wp-json\/wp\/v2\/types\/post"}],"author":[{"embeddable":true,"href":"https:\/\/faidutti.com\/blog\/licornes\/wp-json\/wp\/v2\/users\/2"}],"replies":[{"embeddable":true,"href":"https:\/\/faidutti.com\/blog\/licornes\/wp-json\/wp\/v2\/comments?post=393"}],"version-history":[{"count":18,"href":"https:\/\/faidutti.com\/blog\/licornes\/wp-json\/wp\/v2\/posts\/393\/revisions"}],"predecessor-version":[{"id":8584,"href":"https:\/\/faidutti.com\/blog\/licornes\/wp-json\/wp\/v2\/posts\/393\/revisions\/8584"}],"wp:featuredmedia":[{"embeddable":true,"href":"https:\/\/faidutti.com\/blog\/licornes\/wp-json\/wp\/v2\/media\/398"}],"wp:attachment":[{"href":"https:\/\/faidutti.com\/blog\/licornes\/wp-json\/wp\/v2\/media?parent=393"}],"wp:term":[{"taxonomy":"category","embeddable":true,"href":"https:\/\/faidutti.com\/blog\/licornes\/wp-json\/wp\/v2\/categories?post=393"},{"taxonomy":"post_tag","embeddable":true,"href":"https:\/\/faidutti.com\/blog\/licornes\/wp-json\/wp\/v2\/tags?post=393"}],"curies":[{"name":"wp","href":"https:\/\/api.w.org\/{rel}","templated":true}]}}