{"id":3204,"date":"2021-10-31T04:33:00","date_gmt":"2021-10-31T04:33:00","guid":{"rendered":"https:\/\/faidutti.com\/blog\/licornes\/?p=3204"},"modified":"2025-01-23T09:02:55","modified_gmt":"2025-01-23T09:02:55","slug":"la-girafe-et-le-bison-unicornes","status":"publish","type":"post","link":"https:\/\/faidutti.com\/blog\/licornes\/2021\/10\/31\/la-girafe-et-le-bison-unicornes\/","title":{"rendered":"\u2795 La girafe et le bison unicornes"},"content":{"rendered":"\n<p class=\"has-text-color\" style=\"color:#424eac\"><strong>Sur les fresques et tapisseries de la Renaissance, la girafe, que l\u2019on connaissait mal, est parfois repr\u00e9sent\u00e9e avec une corne unique. Dans les ouvrages d&#8217;histoire naturelle,  c&#8217;est parfois le bison, pourtant plus proche.<\/strong><\/p>\n\n\n\n<p>L\u2019un des tweets les plus partag\u00e9s durant l\u2019ann\u00e9e 2018 demandait \u00ab&nbsp;comment se fait-il que les girafes soient r\u00e9elles et pas les licornes. Le plus plausible est-il un cheval avec une corne ou un chameau-l\u00e9opard-souris avec un cou de 12 m\u00e8tres&nbsp;?&nbsp;\u00bb. Son auteur, Kyle Brown, n\u2019\u00e9tait pas le premier \u00e0 faire cette remarque.<\/p>\n\n\n\n<figure class=\"wp-block-image size-large\"><img loading=\"lazy\" decoding=\"async\" width=\"2048\" height=\"377\" src=\"https:\/\/faidutti.com\/blog\/licornes\/wp-content\/uploads\/sites\/2\/2021\/05\/Girafe-01.1-Tweet-2048x377.jpg\" alt=\"\" class=\"wp-image-3227\" srcset=\"https:\/\/faidutti.com\/blog\/licornes\/wp-content\/uploads\/sites\/2\/2021\/05\/Girafe-01.1-Tweet-2048x377.jpg 2048w, https:\/\/faidutti.com\/blog\/licornes\/wp-content\/uploads\/sites\/2\/2021\/05\/Girafe-01.1-Tweet-300x55.jpg 300w, https:\/\/faidutti.com\/blog\/licornes\/wp-content\/uploads\/sites\/2\/2021\/05\/Girafe-01.1-Tweet-768x141.jpg 768w, https:\/\/faidutti.com\/blog\/licornes\/wp-content\/uploads\/sites\/2\/2021\/05\/Girafe-01.1-Tweet-1536x283.jpg 1536w, https:\/\/faidutti.com\/blog\/licornes\/wp-content\/uploads\/sites\/2\/2021\/05\/Girafe-01.1-Tweet-500x92.jpg 500w\" sizes=\"auto, (max-width: 2048px) 100vw, 2048px\" \/><\/figure>\n\n\n\n<figure class=\"wp-block-image size-large\"><img loading=\"lazy\" decoding=\"async\" width=\"2048\" height=\"1425\" src=\"https:\/\/faidutti.com\/blog\/licornes\/wp-content\/uploads\/sites\/2\/2021\/05\/Girafe-01.2-tweet-2-2048x1425.jpg\" alt=\"\" class=\"wp-image-3217\" srcset=\"https:\/\/faidutti.com\/blog\/licornes\/wp-content\/uploads\/sites\/2\/2021\/05\/Girafe-01.2-tweet-2-2048x1425.jpg 2048w, https:\/\/faidutti.com\/blog\/licornes\/wp-content\/uploads\/sites\/2\/2021\/05\/Girafe-01.2-tweet-2-300x209.jpg 300w, https:\/\/faidutti.com\/blog\/licornes\/wp-content\/uploads\/sites\/2\/2021\/05\/Girafe-01.2-tweet-2-768x535.jpg 768w, https:\/\/faidutti.com\/blog\/licornes\/wp-content\/uploads\/sites\/2\/2021\/05\/Girafe-01.2-tweet-2-1536x1069.jpg 1536w, https:\/\/faidutti.com\/blog\/licornes\/wp-content\/uploads\/sites\/2\/2021\/05\/Girafe-01.2-tweet-2-431x300.jpg 431w\" sizes=\"auto, (max-width: 2048px) 100vw, 2048px\" \/><\/figure>\n\n\n\n<p>Lorsque les savants de la Renaissance firent un premier tri dans la vaste m\u00e9nagerie du bestiaire m\u00e9di\u00e9val, griffons et sir\u00e8nes furent assez vite \u00e9limin\u00e9s. D\u2019autres cr\u00e9atures qu\u2019ils n\u2019avaient pu observer, mais qui semblaient relativement plausibles, ne rest\u00e8rent dans leurs ouvrages qu\u2019au b\u00e9n\u00e9fice du doute. Parmi elles la licorne, mais aussi la girafe au trop long cou, que les bestiaires appelaient cam\u00e9l\u00e9opard et dont certains assuraient qu\u2019elle \u00e9tait issue du croisement entre un chameau et un l\u00e9opard (lui-m\u00eame issu du croisement entre un lion et un pard, mais c\u2019est une autre histoire). La fine licorne apparaissait moins extraordinaire et donc plus probable que la ridicule girafe ou le cauchemardesque rhinoc\u00e9ros.<\/p>\n\n\n\n<p>Les cas de la girafe et du rhinoc\u00e9ros furent cependant vite r\u00e9gl\u00e9s, les t\u00e9moignages de voyageurs s\u2019av\u00e9rant bien plus nombreux et concordants que pour la licorne, et les premiers sp\u00e9cimens d\u00e9barquant en Europe. On vit une girafe \u00e0 Rome en 1486, offerte \u00e0 Laurent de M\u00e9dicis par le sultan d\u2019\u00c9gypte, et un rhino \u00e0 Lisbonne en 1515, dont je parle en d\u00e9tail dans mon livre, car c&#8217;\u00e9tait pour beaucoup une licorne.<\/p>\n\n\n<div class=\"wp-block-image\">\n<figure class=\"aligncenter size-large is-resized\"><img loading=\"lazy\" decoding=\"async\" width=\"1496\" height=\"2048\" src=\"https:\/\/faidutti.com\/blog\/licornes\/wp-content\/uploads\/sites\/2\/2021\/05\/Conrad-Gesner-Historia-Animalium-vol-1-de-Quadrupedibus-Viviparis-Zurich-1651-p.160-1496x2048.jpg\" alt=\"\" class=\"wp-image-3207\" style=\"width:410px;height:564px\" srcset=\"https:\/\/faidutti.com\/blog\/licornes\/wp-content\/uploads\/sites\/2\/2021\/05\/Conrad-Gesner-Historia-Animalium-vol-1-de-Quadrupedibus-Viviparis-Zurich-1651-p.160-1496x2048.jpg 1496w, https:\/\/faidutti.com\/blog\/licornes\/wp-content\/uploads\/sites\/2\/2021\/05\/Conrad-Gesner-Historia-Animalium-vol-1-de-Quadrupedibus-Viviparis-Zurich-1651-p.160-219x300.jpg 219w, https:\/\/faidutti.com\/blog\/licornes\/wp-content\/uploads\/sites\/2\/2021\/05\/Conrad-Gesner-Historia-Animalium-vol-1-de-Quadrupedibus-Viviparis-Zurich-1651-p.160-768x1052.jpg 768w, https:\/\/faidutti.com\/blog\/licornes\/wp-content\/uploads\/sites\/2\/2021\/05\/Conrad-Gesner-Historia-Animalium-vol-1-de-Quadrupedibus-Viviparis-Zurich-1651-p.160-1122x1536.jpg 1122w, https:\/\/faidutti.com\/blog\/licornes\/wp-content\/uploads\/sites\/2\/2021\/05\/Conrad-Gesner-Historia-Animalium-vol-1-de-Quadrupedibus-Viviparis-Zurich-1651-p.160.jpg 1600w\" sizes=\"auto, (max-width: 1496px) 100vw, 1496px\" \/><figcaption class=\"wp-element-caption\">La girafe de l&#8217;<em>Historia animalium<\/em> de Conrad Gesner, en 1551.<\/figcaption><\/figure>\n<\/div>\n\n\n<p>La girafe restait cependant assez mal connue. Celle repr\u00e9sent\u00e9e dans <em>l\u2019Histori\u00e6 Animalium<\/em> de Conrad Gesner, en 1551, a de vraies cornes, et non les protub\u00e9rances couvertes de poils du v\u00e9ritable animal. Certains artistes de la Renaissance l\u2019ont m\u00eame dessin\u00e9e unicorne. Contrairement \u00e0 la licorne, la girafe unicorne ne se rencontre pas isol\u00e9e, mais au sein de vastes fresques du monde animal, <em>la cr\u00e9ation du monde, Adam nommant les animaux, l\u2019embarquement dans l\u2019Arche<\/em>, o\u00f9 elle voisine parfois avec une plus classique licorne. Elle ne c\u00f4toie en revanche jamais de girafe normalement bicorne, ce qui confirme bien qu\u2019il y a l\u00e0 une inexactitude dans la figuration de l\u2019animal g\u00e9n\u00e9rique, et non une vari\u00e9t\u00e9 de girafe unicorne tenue pour distincte.<\/p>\n\n\n\n<div class=\"wp-block-jetpack-slideshow aligncenter\" data-effect=\"slide\"><div class=\"wp-block-jetpack-slideshow_container swiper-container\"><ul class=\"wp-block-jetpack-slideshow_swiper-wrapper swiper-wrapper\"><li class=\"wp-block-jetpack-slideshow_slide swiper-slide\"><figure><img loading=\"lazy\" decoding=\"async\" width=\"2048\" height=\"1379\" alt=\"\" class=\"wp-block-jetpack-slideshow_image wp-image-3210\" data-id=\"3210\" src=\"https:\/\/faidutti.com\/blog\/licornes\/wp-content\/uploads\/sites\/2\/2021\/05\/Girafe-02a-Raphael-Dieu-creant-les-animaux-2048x1379.jpg\" srcset=\"https:\/\/faidutti.com\/blog\/licornes\/wp-content\/uploads\/sites\/2\/2021\/05\/Girafe-02a-Raphael-Dieu-creant-les-animaux-2048x1379.jpg 2048w, https:\/\/faidutti.com\/blog\/licornes\/wp-content\/uploads\/sites\/2\/2021\/05\/Girafe-02a-Raphael-Dieu-creant-les-animaux-300x202.jpg 300w, https:\/\/faidutti.com\/blog\/licornes\/wp-content\/uploads\/sites\/2\/2021\/05\/Girafe-02a-Raphael-Dieu-creant-les-animaux-768x517.jpg 768w, https:\/\/faidutti.com\/blog\/licornes\/wp-content\/uploads\/sites\/2\/2021\/05\/Girafe-02a-Raphael-Dieu-creant-les-animaux-1536x1034.jpg 1536w, https:\/\/faidutti.com\/blog\/licornes\/wp-content\/uploads\/sites\/2\/2021\/05\/Girafe-02a-Raphael-Dieu-creant-les-animaux-445x300.jpg 445w\" sizes=\"(max-width: 2048px) 100vw, 2048px\" \/><figcaption class=\"wp-block-jetpack-slideshow_caption gallery-caption\">Rapha\u00ebl, <i>Dieu cr\u00e9ant les animaux, circa 1520<\/i>.<br \/> Notez la sir\u00e8ne entre la licorne et la girafe.<br \/>\nFresque du plafond du palais apostolique, au Vatican.\n<\/figcaption><\/figure><\/li><li class=\"wp-block-jetpack-slideshow_slide swiper-slide\"><figure><img loading=\"lazy\" decoding=\"async\" width=\"2000\" height=\"1234\" alt=\"\" class=\"wp-block-jetpack-slideshow_image wp-image-3215\" data-id=\"3215\" src=\"https:\/\/faidutti.com\/blog\/licornes\/wp-content\/uploads\/sites\/2\/2021\/05\/Girafe-02b-Nicolas-Chaperon-Dieu-creant-les-animaux-1649.jpg\" srcset=\"https:\/\/faidutti.com\/blog\/licornes\/wp-content\/uploads\/sites\/2\/2021\/05\/Girafe-02b-Nicolas-Chaperon-Dieu-creant-les-animaux-1649.jpg 2000w, https:\/\/faidutti.com\/blog\/licornes\/wp-content\/uploads\/sites\/2\/2021\/05\/Girafe-02b-Nicolas-Chaperon-Dieu-creant-les-animaux-1649-300x185.jpg 300w, https:\/\/faidutti.com\/blog\/licornes\/wp-content\/uploads\/sites\/2\/2021\/05\/Girafe-02b-Nicolas-Chaperon-Dieu-creant-les-animaux-1649-768x474.jpg 768w, https:\/\/faidutti.com\/blog\/licornes\/wp-content\/uploads\/sites\/2\/2021\/05\/Girafe-02b-Nicolas-Chaperon-Dieu-creant-les-animaux-1649-1536x948.jpg 1536w, https:\/\/faidutti.com\/blog\/licornes\/wp-content\/uploads\/sites\/2\/2021\/05\/Girafe-02b-Nicolas-Chaperon-Dieu-creant-les-animaux-1649-486x300.jpg 486w\" sizes=\"(max-width: 2000px) 100vw, 2000px\" \/><figcaption class=\"wp-block-jetpack-slideshow_caption gallery-caption\">Gravure de Nicolas Chaperon, d&#8217;apr\u00e8s la fresque de Rapha\u00ebl, 1649.<\/figcaption><\/figure><\/li><li class=\"wp-block-jetpack-slideshow_slide swiper-slide\"><figure><img loading=\"lazy\" decoding=\"async\" width=\"2048\" height=\"1522\" alt=\"\" class=\"wp-block-jetpack-slideshow_image wp-image-3402\" data-id=\"3402\" src=\"https:\/\/faidutti.com\/blog\/licornes\/wp-content\/uploads\/sites\/2\/2021\/05\/Antonio-Tempesta-Dieu-creant-les-animaux--2048x1522.jpg\" srcset=\"https:\/\/faidutti.com\/blog\/licornes\/wp-content\/uploads\/sites\/2\/2021\/05\/Antonio-Tempesta-Dieu-creant-les-animaux--2048x1522.jpg 2048w, https:\/\/faidutti.com\/blog\/licornes\/wp-content\/uploads\/sites\/2\/2021\/05\/Antonio-Tempesta-Dieu-creant-les-animaux--300x223.jpg 300w, https:\/\/faidutti.com\/blog\/licornes\/wp-content\/uploads\/sites\/2\/2021\/05\/Antonio-Tempesta-Dieu-creant-les-animaux--768x571.jpg 768w, https:\/\/faidutti.com\/blog\/licornes\/wp-content\/uploads\/sites\/2\/2021\/05\/Antonio-Tempesta-Dieu-creant-les-animaux--1536x1142.jpg 1536w, https:\/\/faidutti.com\/blog\/licornes\/wp-content\/uploads\/sites\/2\/2021\/05\/Antonio-Tempesta-Dieu-creant-les-animaux--404x300.jpg 404w\" sizes=\"(max-width: 2048px) 100vw, 2048px\" \/><figcaption class=\"wp-block-jetpack-slideshow_caption gallery-caption\">Antonio Tempesta, <i>Dieu cr\u00e9ant les animaux, <\/i>, circa 1620.<\/figcaption><\/figure><\/li><li class=\"wp-block-jetpack-slideshow_slide swiper-slide\"><figure><img loading=\"lazy\" decoding=\"async\" width=\"1222\" height=\"1168\" alt=\"\" class=\"wp-block-jetpack-slideshow_image wp-image-3403\" data-id=\"3403\" src=\"https:\/\/faidutti.com\/blog\/licornes\/wp-content\/uploads\/sites\/2\/2021\/05\/Antonio-Tempesta-Dieu-creant-les-animaux-detail.jpg\" srcset=\"https:\/\/faidutti.com\/blog\/licornes\/wp-content\/uploads\/sites\/2\/2021\/05\/Antonio-Tempesta-Dieu-creant-les-animaux-detail.jpg 1222w, https:\/\/faidutti.com\/blog\/licornes\/wp-content\/uploads\/sites\/2\/2021\/05\/Antonio-Tempesta-Dieu-creant-les-animaux-detail-300x287.jpg 300w, https:\/\/faidutti.com\/blog\/licornes\/wp-content\/uploads\/sites\/2\/2021\/05\/Antonio-Tempesta-Dieu-creant-les-animaux-detail-768x734.jpg 768w, https:\/\/faidutti.com\/blog\/licornes\/wp-content\/uploads\/sites\/2\/2021\/05\/Antonio-Tempesta-Dieu-creant-les-animaux-detail-314x300.jpg 314w\" sizes=\"(max-width: 1222px) 100vw, 1222px\" \/><\/figure><\/li><\/ul><a class=\"wp-block-jetpack-slideshow_button-prev swiper-button-prev swiper-button-white\" role=\"button\"><\/a><a class=\"wp-block-jetpack-slideshow_button-next swiper-button-next swiper-button-white\" role=\"button\"><\/a><a aria-label=\"Pause Slideshow\" class=\"wp-block-jetpack-slideshow_button-pause\" role=\"button\"><\/a><div class=\"wp-block-jetpack-slideshow_pagination swiper-pagination swiper-pagination-white\"><\/div><\/div><\/div>\n\n\n\n<p>Cette erreur a \u00e9t\u00e9 commise par Rapha\u00ebl dans la s\u00e9rie de fresques du Vatican repr\u00e9sentant la Cr\u00e9ation du Monde. Tr\u00e8s connue d\u00e8s le XVIe si\u00e8cle, fr\u00e9quemment reproduite en gravures, la fresque de Rapha\u00ebl a inspir\u00e9 d\u2019autres artistes, peintres, graveurs ou liciers, qui r\u00e9p\u00e9t\u00e8rent cette erreur. <\/p>\n\n\n\n<div class=\"wp-block-jetpack-slideshow aligncenter\" data-effect=\"slide\"><div class=\"wp-block-jetpack-slideshow_container swiper-container\"><ul class=\"wp-block-jetpack-slideshow_swiper-wrapper swiper-wrapper\"><li class=\"wp-block-jetpack-slideshow_slide swiper-slide\"><figure><img loading=\"lazy\" decoding=\"async\" width=\"2048\" height=\"1332\" alt=\"\" class=\"wp-block-jetpack-slideshow_image wp-image-4021\" data-id=\"4021\" src=\"https:\/\/faidutti.com\/blog\/licornes\/wp-content\/uploads\/sites\/2\/2021\/05\/Jacob-Savery-le-jeune-1592-1651-Le-Paradis-terrestre-1-2048x1332.jpg\" srcset=\"https:\/\/faidutti.com\/blog\/licornes\/wp-content\/uploads\/sites\/2\/2021\/05\/Jacob-Savery-le-jeune-1592-1651-Le-Paradis-terrestre-1-2048x1332.jpg 2048w, https:\/\/faidutti.com\/blog\/licornes\/wp-content\/uploads\/sites\/2\/2021\/05\/Jacob-Savery-le-jeune-1592-1651-Le-Paradis-terrestre-1-300x195.jpg 300w, https:\/\/faidutti.com\/blog\/licornes\/wp-content\/uploads\/sites\/2\/2021\/05\/Jacob-Savery-le-jeune-1592-1651-Le-Paradis-terrestre-1-768x499.jpg 768w, https:\/\/faidutti.com\/blog\/licornes\/wp-content\/uploads\/sites\/2\/2021\/05\/Jacob-Savery-le-jeune-1592-1651-Le-Paradis-terrestre-1-1536x999.jpg 1536w, https:\/\/faidutti.com\/blog\/licornes\/wp-content\/uploads\/sites\/2\/2021\/05\/Jacob-Savery-le-jeune-1592-1651-Le-Paradis-terrestre-1-461x300.jpg 461w\" sizes=\"(max-width: 2048px) 100vw, 2048px\" \/><figcaption class=\"wp-block-jetpack-slideshow_caption gallery-caption\">Jacob Savery le jeune (1592-1661), <i>Le Paradis terrestre<\/i><\/figcaption><\/figure><\/li><li class=\"wp-block-jetpack-slideshow_slide swiper-slide\"><figure><img loading=\"lazy\" decoding=\"async\" width=\"1526\" height=\"995\" alt=\"\" class=\"wp-block-jetpack-slideshow_image wp-image-4020\" data-id=\"4020\" src=\"https:\/\/faidutti.com\/blog\/licornes\/wp-content\/uploads\/sites\/2\/2021\/05\/Jacob-Savery-le-jeune-1592-1651-Le-Paradis-terrestre-detail-1.jpg\" srcset=\"https:\/\/faidutti.com\/blog\/licornes\/wp-content\/uploads\/sites\/2\/2021\/05\/Jacob-Savery-le-jeune-1592-1651-Le-Paradis-terrestre-detail-1.jpg 1526w, https:\/\/faidutti.com\/blog\/licornes\/wp-content\/uploads\/sites\/2\/2021\/05\/Jacob-Savery-le-jeune-1592-1651-Le-Paradis-terrestre-detail-1-300x196.jpg 300w, https:\/\/faidutti.com\/blog\/licornes\/wp-content\/uploads\/sites\/2\/2021\/05\/Jacob-Savery-le-jeune-1592-1651-Le-Paradis-terrestre-detail-1-768x501.jpg 768w, https:\/\/faidutti.com\/blog\/licornes\/wp-content\/uploads\/sites\/2\/2021\/05\/Jacob-Savery-le-jeune-1592-1651-Le-Paradis-terrestre-detail-1-460x300.jpg 460w\" sizes=\"(max-width: 1526px) 100vw, 1526px\" \/><\/figure><\/li><li class=\"wp-block-jetpack-slideshow_slide swiper-slide\"><figure><img loading=\"lazy\" decoding=\"async\" width=\"2048\" height=\"1631\" alt=\"\" class=\"wp-block-jetpack-slideshow_image wp-image-3208\" data-id=\"3208\" src=\"https:\/\/faidutti.com\/blog\/licornes\/wp-content\/uploads\/sites\/2\/2021\/05\/Girafe-06-Pieter-van-der-Borcht-La-cration-dEve-1613-2048x1631.jpg\" srcset=\"https:\/\/faidutti.com\/blog\/licornes\/wp-content\/uploads\/sites\/2\/2021\/05\/Girafe-06-Pieter-van-der-Borcht-La-cration-dEve-1613-2048x1631.jpg 2048w, https:\/\/faidutti.com\/blog\/licornes\/wp-content\/uploads\/sites\/2\/2021\/05\/Girafe-06-Pieter-van-der-Borcht-La-cration-dEve-1613-300x239.jpg 300w, https:\/\/faidutti.com\/blog\/licornes\/wp-content\/uploads\/sites\/2\/2021\/05\/Girafe-06-Pieter-van-der-Borcht-La-cration-dEve-1613-768x612.jpg 768w, https:\/\/faidutti.com\/blog\/licornes\/wp-content\/uploads\/sites\/2\/2021\/05\/Girafe-06-Pieter-van-der-Borcht-La-cration-dEve-1613-1536x1223.jpg 1536w, https:\/\/faidutti.com\/blog\/licornes\/wp-content\/uploads\/sites\/2\/2021\/05\/Girafe-06-Pieter-van-der-Borcht-La-cration-dEve-1613-377x300.jpg 377w\" sizes=\"(max-width: 2048px) 100vw, 2048px\" \/><figcaption class=\"wp-block-jetpack-slideshow_caption gallery-caption\"><i>La Cr\u00e9ation d\u2019Eve.<\/i><br \/>gravure de Pieter van der Borcht, 1613.<\/figcaption><\/figure><\/li><li class=\"wp-block-jetpack-slideshow_slide swiper-slide\"><figure><img loading=\"lazy\" decoding=\"async\" width=\"1391\" height=\"962\" alt=\"\" class=\"wp-block-jetpack-slideshow_image wp-image-3229\" data-id=\"3229\" src=\"https:\/\/faidutti.com\/blog\/licornes\/wp-content\/uploads\/sites\/2\/2021\/05\/Pieter-van-der-Borcht-Bible-illustree-16534.jpg\" srcset=\"https:\/\/faidutti.com\/blog\/licornes\/wp-content\/uploads\/sites\/2\/2021\/05\/Pieter-van-der-Borcht-Bible-illustree-16534.jpg 1391w, https:\/\/faidutti.com\/blog\/licornes\/wp-content\/uploads\/sites\/2\/2021\/05\/Pieter-van-der-Borcht-Bible-illustree-16534-300x207.jpg 300w, https:\/\/faidutti.com\/blog\/licornes\/wp-content\/uploads\/sites\/2\/2021\/05\/Pieter-van-der-Borcht-Bible-illustree-16534-768x531.jpg 768w, https:\/\/faidutti.com\/blog\/licornes\/wp-content\/uploads\/sites\/2\/2021\/05\/Pieter-van-der-Borcht-Bible-illustree-16534-434x300.jpg 434w\" sizes=\"(max-width: 1391px) 100vw, 1391px\" \/><figcaption class=\"wp-block-jetpack-slideshow_caption gallery-caption\">Un couple de licornes et un couple de girafes.<\/figcaption><\/figure><\/li><li class=\"wp-block-jetpack-slideshow_slide swiper-slide\"><figure><img loading=\"lazy\" decoding=\"async\" width=\"2048\" height=\"1180\" alt=\"\" class=\"wp-block-jetpack-slideshow_image wp-image-4055\" data-id=\"4055\" src=\"https:\/\/faidutti.com\/blog\/licornes\/wp-content\/uploads\/sites\/2\/2021\/05\/Roelant_Savery_Paradise_1626_9894-Gemalde-Galerie-Berlin-2048x1180.jpg\" srcset=\"https:\/\/faidutti.com\/blog\/licornes\/wp-content\/uploads\/sites\/2\/2021\/05\/Roelant_Savery_Paradise_1626_9894-Gemalde-Galerie-Berlin-2048x1180.jpg 2048w, https:\/\/faidutti.com\/blog\/licornes\/wp-content\/uploads\/sites\/2\/2021\/05\/Roelant_Savery_Paradise_1626_9894-Gemalde-Galerie-Berlin-300x173.jpg 300w, https:\/\/faidutti.com\/blog\/licornes\/wp-content\/uploads\/sites\/2\/2021\/05\/Roelant_Savery_Paradise_1626_9894-Gemalde-Galerie-Berlin-768x443.jpg 768w, https:\/\/faidutti.com\/blog\/licornes\/wp-content\/uploads\/sites\/2\/2021\/05\/Roelant_Savery_Paradise_1626_9894-Gemalde-Galerie-Berlin-1536x885.jpg 1536w, https:\/\/faidutti.com\/blog\/licornes\/wp-content\/uploads\/sites\/2\/2021\/05\/Roelant_Savery_Paradise_1626_9894-Gemalde-Galerie-Berlin-500x288.jpg 500w\" sizes=\"(max-width: 2048px) 100vw, 2048px\" \/><figcaption class=\"wp-block-jetpack-slideshow_caption gallery-caption\">Roelant Savery, <i>Le Paradis terrestre, <\/i>1626<br \/>\nGemalde Galerie, Berlin.<\/figcaption><\/figure><\/li><li class=\"wp-block-jetpack-slideshow_slide swiper-slide\"><figure><img loading=\"lazy\" decoding=\"async\" width=\"2048\" height=\"1365\" alt=\"\" class=\"wp-block-jetpack-slideshow_image wp-image-4054\" data-id=\"4054\" src=\"https:\/\/faidutti.com\/blog\/licornes\/wp-content\/uploads\/sites\/2\/2021\/05\/Roelant_Savery_Paradise_1626_9895-2048x1365.jpg\" srcset=\"https:\/\/faidutti.com\/blog\/licornes\/wp-content\/uploads\/sites\/2\/2021\/05\/Roelant_Savery_Paradise_1626_9895-2048x1365.jpg 2048w, https:\/\/faidutti.com\/blog\/licornes\/wp-content\/uploads\/sites\/2\/2021\/05\/Roelant_Savery_Paradise_1626_9895-300x200.jpg 300w, https:\/\/faidutti.com\/blog\/licornes\/wp-content\/uploads\/sites\/2\/2021\/05\/Roelant_Savery_Paradise_1626_9895-768x512.jpg 768w, https:\/\/faidutti.com\/blog\/licornes\/wp-content\/uploads\/sites\/2\/2021\/05\/Roelant_Savery_Paradise_1626_9895-1536x1024.jpg 1536w, https:\/\/faidutti.com\/blog\/licornes\/wp-content\/uploads\/sites\/2\/2021\/05\/Roelant_Savery_Paradise_1626_9895-450x300.jpg 450w\" sizes=\"(max-width: 2048px) 100vw, 2048px\" \/><figcaption class=\"wp-block-jetpack-slideshow_caption gallery-caption\">Deux girafes unicornes.<\/figcaption><\/figure><\/li><li class=\"wp-block-jetpack-slideshow_slide swiper-slide\"><figure><img loading=\"lazy\" decoding=\"async\" width=\"2048\" height=\"1542\" alt=\"\" class=\"wp-block-jetpack-slideshow_image wp-image-4053\" data-id=\"4053\" src=\"https:\/\/faidutti.com\/blog\/licornes\/wp-content\/uploads\/sites\/2\/2021\/05\/Roelant_Savery_Paradise_1626_9896-2048x1542.jpg\" srcset=\"https:\/\/faidutti.com\/blog\/licornes\/wp-content\/uploads\/sites\/2\/2021\/05\/Roelant_Savery_Paradise_1626_9896-2048x1542.jpg 2048w, https:\/\/faidutti.com\/blog\/licornes\/wp-content\/uploads\/sites\/2\/2021\/05\/Roelant_Savery_Paradise_1626_9896-300x226.jpg 300w, https:\/\/faidutti.com\/blog\/licornes\/wp-content\/uploads\/sites\/2\/2021\/05\/Roelant_Savery_Paradise_1626_9896-768x578.jpg 768w, https:\/\/faidutti.com\/blog\/licornes\/wp-content\/uploads\/sites\/2\/2021\/05\/Roelant_Savery_Paradise_1626_9896-1536x1156.jpg 1536w, https:\/\/faidutti.com\/blog\/licornes\/wp-content\/uploads\/sites\/2\/2021\/05\/Roelant_Savery_Paradise_1626_9896-399x300.jpg 399w\" sizes=\"(max-width: 2048px) 100vw, 2048px\" \/><figcaption class=\"wp-block-jetpack-slideshow_caption gallery-caption\">Et une licorne tr\u00e8s discr\u00e8te.<\/figcaption><\/figure><\/li><\/ul><a class=\"wp-block-jetpack-slideshow_button-prev swiper-button-prev swiper-button-white\" role=\"button\"><\/a><a class=\"wp-block-jetpack-slideshow_button-next swiper-button-next swiper-button-white\" role=\"button\"><\/a><a aria-label=\"Pause Slideshow\" class=\"wp-block-jetpack-slideshow_button-pause\" role=\"button\"><\/a><div class=\"wp-block-jetpack-slideshow_pagination swiper-pagination swiper-pagination-white\"><\/div><\/div><\/div>\n\n\n\n<p>Parmi eux, les tisserands flamands qui r\u00e9alis\u00e8rent pour le roi de Pologne Sigismond la s\u00e9rie de tapisseries animali\u00e8res qui d\u00e9corent encore aujourd\u2019hui le palais du Wawel, \u00e0 Cracovie. Sur ces plus de quarante tentures, on voit, outre quelques classiques et blanches licornes, une demi-douzaine de girafes, toutes unicornes. L\u2019une est, avec un lynx, la vedette d\u2019une tapisserie que des catalogues h\u00e9sitants appellent tant\u00f4t <em>Le lynx et la girafe<\/em>, tant\u00f4t <em>Le lynx et la licorne<\/em>. Les autres apparaissent \u00e0 l\u2019arri\u00e8re-plan de plusieurs sc\u00e8nes. Ici, une licorne s\u2019appr\u00eate \u00e0 tremper la pointe de sa corne dans un lac infest\u00e9 de serpents, l\u00e0, des griffons combattent des panth\u00e8res.<\/p>\n\n\n\n<div class=\"wp-block-jetpack-slideshow aligncenter\" data-effect=\"slide\"><div class=\"wp-block-jetpack-slideshow_container swiper-container\"><ul class=\"wp-block-jetpack-slideshow_swiper-wrapper swiper-wrapper\"><li class=\"wp-block-jetpack-slideshow_slide swiper-slide\"><figure><img loading=\"lazy\" decoding=\"async\" width=\"1618\" height=\"2011\" alt=\"\" class=\"wp-block-jetpack-slideshow_image wp-image-6930\" data-id=\"6930\" src=\"https:\/\/faidutti.com\/blog\/licornes\/wp-content\/uploads\/sites\/2\/2022\/03\/Wawel-Lynx-et-licorne.jpg\" srcset=\"https:\/\/faidutti.com\/blog\/licornes\/wp-content\/uploads\/sites\/2\/2022\/03\/Wawel-Lynx-et-licorne.jpg 1618w, https:\/\/faidutti.com\/blog\/licornes\/wp-content\/uploads\/sites\/2\/2022\/03\/Wawel-Lynx-et-licorne-241x300.jpg 241w, https:\/\/faidutti.com\/blog\/licornes\/wp-content\/uploads\/sites\/2\/2022\/03\/Wawel-Lynx-et-licorne-768x955.jpg 768w, https:\/\/faidutti.com\/blog\/licornes\/wp-content\/uploads\/sites\/2\/2022\/03\/Wawel-Lynx-et-licorne-1236x1536.jpg 1236w\" sizes=\"(max-width: 1618px) 100vw, 1618px\" \/><figcaption class=\"wp-block-jetpack-slideshow_caption gallery-caption\"><i>Le Lynx et la girafe,<\/i> tapisserie flamande, circa 1550.<br \/> \nMus\u00e9e du Wawel, Cracovie\n<\/figcaption><\/figure><\/li><li class=\"wp-block-jetpack-slideshow_slide swiper-slide\"><figure><img loading=\"lazy\" decoding=\"async\" width=\"1739\" height=\"2048\" alt=\"\" class=\"wp-block-jetpack-slideshow_image wp-image-3206\" data-id=\"3206\" src=\"https:\/\/faidutti.com\/blog\/licornes\/wp-content\/uploads\/sites\/2\/2021\/05\/Girafe-04a-Wawel-1739x2048.jpg\" srcset=\"https:\/\/faidutti.com\/blog\/licornes\/wp-content\/uploads\/sites\/2\/2021\/05\/Girafe-04a-Wawel-1739x2048.jpg 1739w, https:\/\/faidutti.com\/blog\/licornes\/wp-content\/uploads\/sites\/2\/2021\/05\/Girafe-04a-Wawel-255x300.jpg 255w, https:\/\/faidutti.com\/blog\/licornes\/wp-content\/uploads\/sites\/2\/2021\/05\/Girafe-04a-Wawel-768x905.jpg 768w, https:\/\/faidutti.com\/blog\/licornes\/wp-content\/uploads\/sites\/2\/2021\/05\/Girafe-04a-Wawel-1304x1536.jpg 1304w\" sizes=\"(max-width: 1739px) 100vw, 1739px\" \/><figcaption class=\"wp-block-jetpack-slideshow_caption gallery-caption\">Le combat du dragon et de la panth\u00e8re. <br \/>\nMus\u00e9e du Wawel, Cracovie.\n<\/figcaption><\/figure><\/li><li class=\"wp-block-jetpack-slideshow_slide swiper-slide\"><figure><img loading=\"lazy\" decoding=\"async\" width=\"1660\" height=\"1305\" alt=\"\" class=\"wp-block-jetpack-slideshow_image wp-image-3216\" data-id=\"3216\" src=\"https:\/\/faidutti.com\/blog\/licornes\/wp-content\/uploads\/sites\/2\/2021\/05\/Girafe-04b-Wawel-detail.jpg\" srcset=\"https:\/\/faidutti.com\/blog\/licornes\/wp-content\/uploads\/sites\/2\/2021\/05\/Girafe-04b-Wawel-detail.jpg 1660w, https:\/\/faidutti.com\/blog\/licornes\/wp-content\/uploads\/sites\/2\/2021\/05\/Girafe-04b-Wawel-detail-300x236.jpg 300w, https:\/\/faidutti.com\/blog\/licornes\/wp-content\/uploads\/sites\/2\/2021\/05\/Girafe-04b-Wawel-detail-768x604.jpg 768w, https:\/\/faidutti.com\/blog\/licornes\/wp-content\/uploads\/sites\/2\/2021\/05\/Girafe-04b-Wawel-detail-1536x1208.jpg 1536w, https:\/\/faidutti.com\/blog\/licornes\/wp-content\/uploads\/sites\/2\/2021\/05\/Girafe-04b-Wawel-detail-382x300.jpg 382w\" sizes=\"(max-width: 1660px) 100vw, 1660px\" \/><figcaption class=\"wp-block-jetpack-slideshow_caption gallery-caption\">On aper\u00e7oit une girafe unicorne au bord de l\u2019eau \u00e0 l\u2019arri\u00e8re-plan. \n<\/figcaption><\/figure><\/li><li class=\"wp-block-jetpack-slideshow_slide swiper-slide\"><figure><img loading=\"lazy\" decoding=\"async\" width=\"669\" height=\"1946\" alt=\"\" class=\"wp-block-jetpack-slideshow_image wp-image-6932\" data-id=\"6932\" src=\"https:\/\/faidutti.com\/blog\/licornes\/wp-content\/uploads\/sites\/2\/2022\/03\/Wawel-girafes-unicornes-2.jpg\" srcset=\"https:\/\/faidutti.com\/blog\/licornes\/wp-content\/uploads\/sites\/2\/2022\/03\/Wawel-girafes-unicornes-2.jpg 669w, https:\/\/faidutti.com\/blog\/licornes\/wp-content\/uploads\/sites\/2\/2022\/03\/Wawel-girafes-unicornes-2-103x300.jpg 103w, https:\/\/faidutti.com\/blog\/licornes\/wp-content\/uploads\/sites\/2\/2022\/03\/Wawel-girafes-unicornes-2-528x1536.jpg 528w\" sizes=\"(max-width: 669px) 100vw, 669px\" \/><figcaption class=\"wp-block-jetpack-slideshow_caption gallery-caption\"><i>Le cerf et les deux girafes, <\/i>Mus\u00e9e du Wawel, Cracovie.<\/figcaption><\/figure><\/li><li class=\"wp-block-jetpack-slideshow_slide swiper-slide\"><figure><img loading=\"lazy\" decoding=\"async\" width=\"1337\" height=\"1055\" alt=\"\" class=\"wp-block-jetpack-slideshow_image wp-image-6931\" data-id=\"6931\" src=\"https:\/\/faidutti.com\/blog\/licornes\/wp-content\/uploads\/sites\/2\/2022\/03\/Wawel-girafes-unicornes.jpg\" srcset=\"https:\/\/faidutti.com\/blog\/licornes\/wp-content\/uploads\/sites\/2\/2022\/03\/Wawel-girafes-unicornes.jpg 1337w, https:\/\/faidutti.com\/blog\/licornes\/wp-content\/uploads\/sites\/2\/2022\/03\/Wawel-girafes-unicornes-300x237.jpg 300w, https:\/\/faidutti.com\/blog\/licornes\/wp-content\/uploads\/sites\/2\/2022\/03\/Wawel-girafes-unicornes-768x606.jpg 768w, https:\/\/faidutti.com\/blog\/licornes\/wp-content\/uploads\/sites\/2\/2022\/03\/Wawel-girafes-unicornes-380x300.jpg 380w\" sizes=\"(max-width: 1337px) 100vw, 1337px\" \/><\/figure><\/li><li class=\"wp-block-jetpack-slideshow_slide swiper-slide\"><figure><img loading=\"lazy\" decoding=\"async\" width=\"1071\" height=\"1270\" alt=\"\" class=\"wp-block-jetpack-slideshow_image wp-image-3226\" data-id=\"3226\" src=\"https:\/\/faidutti.com\/blog\/licornes\/wp-content\/uploads\/sites\/2\/2021\/05\/Girafe-05-girafe-unicorne-tapisseries-Bruxelles-XVIe.jpg\" srcset=\"https:\/\/faidutti.com\/blog\/licornes\/wp-content\/uploads\/sites\/2\/2021\/05\/Girafe-05-girafe-unicorne-tapisseries-Bruxelles-XVIe.jpg 1071w, https:\/\/faidutti.com\/blog\/licornes\/wp-content\/uploads\/sites\/2\/2021\/05\/Girafe-05-girafe-unicorne-tapisseries-Bruxelles-XVIe-253x300.jpg 253w, https:\/\/faidutti.com\/blog\/licornes\/wp-content\/uploads\/sites\/2\/2021\/05\/Girafe-05-girafe-unicorne-tapisseries-Bruxelles-XVIe-768x911.jpg 768w\" sizes=\"(max-width: 1071px) 100vw, 1071px\" \/><figcaption class=\"wp-block-jetpack-slideshow_caption gallery-caption\">J&#8217;ignore si cette tapisserie a trouv\u00e9 preneur.<\/figcaption><\/figure><\/li><\/ul><a class=\"wp-block-jetpack-slideshow_button-prev swiper-button-prev swiper-button-white\" role=\"button\"><\/a><a class=\"wp-block-jetpack-slideshow_button-next swiper-button-next swiper-button-white\" role=\"button\"><\/a><a aria-label=\"Pause Slideshow\" class=\"wp-block-jetpack-slideshow_button-pause\" role=\"button\"><\/a><div class=\"wp-block-jetpack-slideshow_pagination swiper-pagination swiper-pagination-white\"><\/div><\/div><\/div>\n\n\n\n<p>Quelques girafes unicornes se prom\u00e8nent aussi, bien plus discr\u00e8tes que les licornes du premier plan, sur une autre s\u00e9rie de violentes tapisseries animali\u00e8res, celles qui qui ornent les murs du palais Borrom\u00e9e \u00e0 Isola Bella, sur le lac Majeur. <br \/>Alors que je faisais des recherches pour ce livre, j\u2019ai vu passer sur internet la photographie d\u2019une tapisserie, certes de moins bonne facture, mais du m\u00eame style et de la m\u00eame p\u00e9riode, sur laquelle on voit en premier plan une girafe unicorne, et au second plan une sc\u00e8ne classique de chasse \u00e0 la licorne \u00e0 l\u2019aide d\u2019une jeune vierge. N\u2019en ayant jamais entendu parler auparavant, j\u2019ai partag\u00e9 la photographie sur les r\u00e9seaux sociaux en demandant si quelqu\u2019un savait o\u00f9 se trouvait cette tenture. J\u2019ai tr\u00e8s rapidement \u00e9t\u00e9 contact\u00e9 par son propri\u00e9taire anglais, d\u00e9sireux de savoir si je voulais l\u2019acheter. La toile \u00e9tait bien trop grande pour mon appartement parisien, et sans doute trop ch\u00e8re pour mon budget.<\/p>\n\n\n\n<div class=\"wp-block-jetpack-slideshow aligncenter\" data-effect=\"slide\"><div class=\"wp-block-jetpack-slideshow_container swiper-container\"><ul class=\"wp-block-jetpack-slideshow_swiper-wrapper swiper-wrapper\"><li class=\"wp-block-jetpack-slideshow_slide swiper-slide\"><figure><img loading=\"lazy\" decoding=\"async\" width=\"1961\" height=\"949\" alt=\"\" class=\"wp-block-jetpack-slideshow_image wp-image-6911\" data-id=\"6911\" src=\"https:\/\/faidutti.com\/blog\/licornes\/wp-content\/uploads\/sites\/2\/2022\/03\/wawel-tapisserie-1.jpg\" srcset=\"https:\/\/faidutti.com\/blog\/licornes\/wp-content\/uploads\/sites\/2\/2022\/03\/wawel-tapisserie-1.jpg 1961w, https:\/\/faidutti.com\/blog\/licornes\/wp-content\/uploads\/sites\/2\/2022\/03\/wawel-tapisserie-1-300x145.jpg 300w, https:\/\/faidutti.com\/blog\/licornes\/wp-content\/uploads\/sites\/2\/2022\/03\/wawel-tapisserie-1-768x372.jpg 768w, https:\/\/faidutti.com\/blog\/licornes\/wp-content\/uploads\/sites\/2\/2022\/03\/wawel-tapisserie-1-1536x743.jpg 1536w, https:\/\/faidutti.com\/blog\/licornes\/wp-content\/uploads\/sites\/2\/2022\/03\/wawel-tapisserie-1-500x242.jpg 500w\" sizes=\"(max-width: 1961px) 100vw, 1961px\" \/><figcaption class=\"wp-block-jetpack-slideshow_caption gallery-caption\"><i>Le cerf et la licorne<\/i>, circa 1550,. Mus\u00e9e du Wawel, Cracovie.<\/figcaption><\/figure><\/li><li class=\"wp-block-jetpack-slideshow_slide swiper-slide\"><figure><img loading=\"lazy\" decoding=\"async\" width=\"2048\" height=\"1226\" alt=\"\" class=\"wp-block-jetpack-slideshow_image wp-image-6926\" data-id=\"6926\" src=\"https:\/\/faidutti.com\/blog\/licornes\/wp-content\/uploads\/sites\/2\/2022\/03\/8-Florence-galleria-dellacademia-2048x1226.jpg\" srcset=\"https:\/\/faidutti.com\/blog\/licornes\/wp-content\/uploads\/sites\/2\/2022\/03\/8-Florence-galleria-dellacademia-2048x1226.jpg 2048w, https:\/\/faidutti.com\/blog\/licornes\/wp-content\/uploads\/sites\/2\/2022\/03\/8-Florence-galleria-dellacademia-300x180.jpg 300w, https:\/\/faidutti.com\/blog\/licornes\/wp-content\/uploads\/sites\/2\/2022\/03\/8-Florence-galleria-dellacademia-768x460.jpg 768w, https:\/\/faidutti.com\/blog\/licornes\/wp-content\/uploads\/sites\/2\/2022\/03\/8-Florence-galleria-dellacademia-1536x919.jpg 1536w, https:\/\/faidutti.com\/blog\/licornes\/wp-content\/uploads\/sites\/2\/2022\/03\/8-Florence-galleria-dellacademia-500x300.jpg 500w\" sizes=\"(max-width: 2048px) 100vw, 2048px\" \/><figcaption class=\"wp-block-jetpack-slideshow_caption gallery-caption\"><i>Adam nommant les animaux<\/i> Florence, Palazzo Pitti. <br \/>D\u00e9sol\u00e9, je n&#8217;ai pas trouv\u00e9 de meilleure image.<\/figcaption><\/figure><\/li><\/ul><a class=\"wp-block-jetpack-slideshow_button-prev swiper-button-prev swiper-button-white\" role=\"button\"><\/a><a class=\"wp-block-jetpack-slideshow_button-next swiper-button-next swiper-button-white\" role=\"button\"><\/a><a aria-label=\"Pause Slideshow\" class=\"wp-block-jetpack-slideshow_button-pause\" role=\"button\"><\/a><div class=\"wp-block-jetpack-slideshow_pagination swiper-pagination swiper-pagination-white\"><\/div><\/div><\/div>\n\n\n\n<p>Les girafes les plus \u00e9tonnantes passent en couple devant le premier homme sur une tapisserie d\u2019<em>Adam nommant les animaux<\/em>, aujourd&#8217;hui \u00e0 Florence \u00e0 la galerie des Offices, puis se prom\u00e8nent c\u00f4te \u00e0 c\u00f4te dans la for\u00eat sur l&#8217;une des tentures du Wawel.  Le front de la femelle est arm\u00e9 d\u2019une petite corne spiral\u00e9e \u00e0 la mani\u00e8re de celle des licornes, tandis que le m\u00e2le arbore un tr\u00e8s modeste bois de cerf. La girafe y est donc un peu biche et un peu licorne, mais ne se confond avec aucun de ces animaux qui participent tous \u00e9galement au d\u00e9fil\u00e9 devant Adam.&nbsp;<\/p>\n\n\n\n<div class=\"wp-block-jetpack-slideshow aligncenter\" data-effect=\"slide\"><div class=\"wp-block-jetpack-slideshow_container swiper-container\"><ul class=\"wp-block-jetpack-slideshow_swiper-wrapper swiper-wrapper\"><li class=\"wp-block-jetpack-slideshow_slide swiper-slide\"><figure><img loading=\"lazy\" decoding=\"async\" width=\"1371\" height=\"2048\" alt=\"\" class=\"wp-block-jetpack-slideshow_image wp-image-3233\" data-id=\"3233\" src=\"https:\/\/faidutti.com\/blog\/licornes\/wp-content\/uploads\/sites\/2\/2021\/05\/btv1b60007144_f19-1371x2048.jpg\" srcset=\"https:\/\/faidutti.com\/blog\/licornes\/wp-content\/uploads\/sites\/2\/2021\/05\/btv1b60007144_f19-1371x2048.jpg 1371w, https:\/\/faidutti.com\/blog\/licornes\/wp-content\/uploads\/sites\/2\/2021\/05\/btv1b60007144_f19-201x300.jpg 201w, https:\/\/faidutti.com\/blog\/licornes\/wp-content\/uploads\/sites\/2\/2021\/05\/btv1b60007144_f19-768x1147.jpg 768w, https:\/\/faidutti.com\/blog\/licornes\/wp-content\/uploads\/sites\/2\/2021\/05\/btv1b60007144_f19-1029x1536.jpg 1029w, https:\/\/faidutti.com\/blog\/licornes\/wp-content\/uploads\/sites\/2\/2021\/05\/btv1b60007144_f19-scaled.jpg 1714w\" sizes=\"(max-width: 1371px) 100vw, 1371px\" \/><figcaption class=\"wp-block-jetpack-slideshow_caption gallery-caption\">Guido delle Colonne, <i>Histoire de la destruction de Troye la grant,<\/i> circa 1500. <br \/>BNF, ms NAF 24920, fol 7r.<\/figcaption><\/figure><\/li><li class=\"wp-block-jetpack-slideshow_slide swiper-slide\"><figure><img loading=\"lazy\" decoding=\"async\" width=\"2048\" height=\"1209\" alt=\"\" class=\"wp-block-jetpack-slideshow_image wp-image-3220\" data-id=\"3220\" src=\"https:\/\/faidutti.com\/blog\/licornes\/wp-content\/uploads\/sites\/2\/2021\/05\/BN-ms-NAF-24920-fol-7r-Guido-delle-Colonne.-Histoire-de-la-destruction-de-Troye-la-grant-circa-1500-detail-2048x1209.jpg\" srcset=\"https:\/\/faidutti.com\/blog\/licornes\/wp-content\/uploads\/sites\/2\/2021\/05\/BN-ms-NAF-24920-fol-7r-Guido-delle-Colonne.-Histoire-de-la-destruction-de-Troye-la-grant-circa-1500-detail-2048x1209.jpg 2048w, https:\/\/faidutti.com\/blog\/licornes\/wp-content\/uploads\/sites\/2\/2021\/05\/BN-ms-NAF-24920-fol-7r-Guido-delle-Colonne.-Histoire-de-la-destruction-de-Troye-la-grant-circa-1500-detail-300x177.jpg 300w, https:\/\/faidutti.com\/blog\/licornes\/wp-content\/uploads\/sites\/2\/2021\/05\/BN-ms-NAF-24920-fol-7r-Guido-delle-Colonne.-Histoire-de-la-destruction-de-Troye-la-grant-circa-1500-detail-768x453.jpg 768w, https:\/\/faidutti.com\/blog\/licornes\/wp-content\/uploads\/sites\/2\/2021\/05\/BN-ms-NAF-24920-fol-7r-Guido-delle-Colonne.-Histoire-de-la-destruction-de-Troye-la-grant-circa-1500-detail-1536x906.jpg 1536w, https:\/\/faidutti.com\/blog\/licornes\/wp-content\/uploads\/sites\/2\/2021\/05\/BN-ms-NAF-24920-fol-7r-Guido-delle-Colonne.-Histoire-de-la-destruction-de-Troye-la-grant-circa-1500-detail-500x295.jpg 500w\" sizes=\"(max-width: 2048px) 100vw, 2048px\" \/><figcaption class=\"wp-block-jetpack-slideshow_caption gallery-caption\">L&#8217;arm\u00e9e des Perses ou des M\u00e8des repr\u00e9sent\u00e9e sur ce bas relief semble bien command\u00e9e par un capitaine mont\u00e9 sur une girafe unicorne.<\/figcaption><\/figure><\/li><\/ul><a class=\"wp-block-jetpack-slideshow_button-prev swiper-button-prev swiper-button-white\" role=\"button\"><\/a><a class=\"wp-block-jetpack-slideshow_button-next swiper-button-next swiper-button-white\" role=\"button\"><\/a><a aria-label=\"Pause Slideshow\" class=\"wp-block-jetpack-slideshow_button-pause\" role=\"button\"><\/a><div class=\"wp-block-jetpack-slideshow_pagination swiper-pagination swiper-pagination-white\"><\/div><\/div><\/div>\n\n\n\n<p>Un animal unicorne n\u2019avait, pour les hommes de la Renaissance, rien d\u2019inconcevable ni m\u00eame de r\u00e9ellement remarquable. Ceux qui ont dessin\u00e9 ces girafes avaient une certaine connaissance de l\u2019animal, de son long cou, de sa robe tachet\u00e9e, mais ils n\u2019avaient certainement rien lu d\u2019une corne unique sur laquelle nul n\u2019avait jamais rien \u00e9crit. Cela ne les emp\u00eacha nullement d\u2019imaginer unicorne le myst\u00e9rieux <em>camelopardal<\/em> ou <em>cam\u00e9l\u00e9opard<\/em> &#8211; notre girafe.<\/p>\n\n\n\n<figure class=\"wp-block-image size-large\"><img loading=\"lazy\" decoding=\"async\" width=\"2048\" height=\"1226\" src=\"https:\/\/faidutti.com\/blog\/licornes\/wp-content\/uploads\/sites\/2\/2021\/05\/Girafe-13-Leiden-ms-BPL-14A-fol-55v-Jacob-van-Maerlant-der-naturen-bloeme-2048x1226.jpg\" alt=\"\" class=\"wp-image-3223\" srcset=\"https:\/\/faidutti.com\/blog\/licornes\/wp-content\/uploads\/sites\/2\/2021\/05\/Girafe-13-Leiden-ms-BPL-14A-fol-55v-Jacob-van-Maerlant-der-naturen-bloeme-2048x1226.jpg 2048w, https:\/\/faidutti.com\/blog\/licornes\/wp-content\/uploads\/sites\/2\/2021\/05\/Girafe-13-Leiden-ms-BPL-14A-fol-55v-Jacob-van-Maerlant-der-naturen-bloeme-300x180.jpg 300w, https:\/\/faidutti.com\/blog\/licornes\/wp-content\/uploads\/sites\/2\/2021\/05\/Girafe-13-Leiden-ms-BPL-14A-fol-55v-Jacob-van-Maerlant-der-naturen-bloeme-768x460.jpg 768w, https:\/\/faidutti.com\/blog\/licornes\/wp-content\/uploads\/sites\/2\/2021\/05\/Girafe-13-Leiden-ms-BPL-14A-fol-55v-Jacob-van-Maerlant-der-naturen-bloeme-1536x920.jpg 1536w, https:\/\/faidutti.com\/blog\/licornes\/wp-content\/uploads\/sites\/2\/2021\/05\/Girafe-13-Leiden-ms-BPL-14A-fol-55v-Jacob-van-Maerlant-der-naturen-bloeme-500x300.jpg 500w\" sizes=\"auto, (max-width: 2048px) 100vw, 2048px\" \/><figcaption class=\"wp-element-caption\">Jacob van Maerlant, <i>Der Naturen Bloeme, <\/i>XIVe si\u00e8cle.<br \/>\nBiblioth\u00e8que de Leiden, ms BPL 14A, fol 55v.<\/figcaption><\/figure>\n\n\n\n<p>Dans la <em>Guerre des Gaules<\/em>, Jules C\u00e9sar d\u00e9crit l&#8217;<em>urus<\/em>, dont le nom a donn\u00e9 auroch mais qui \u00e9tait peut-\u00eatre un bison. Ce b\u0153uf sauvage de la for\u00eat hercynienne se capture en le faisant tomber des fosses couvertes de branchages. M\u00eame si C\u00e9sar ne le pr\u00e9cise pas, ses cornes, qui sont des vaisseaux \u00e0 boire recherch\u00e9s, sont de l&#8217;avis g\u00e9n\u00e9ral au nombre de deux. Sur un manuscrit du XIVe si\u00e8cle du bestiaire flamand de Jacob van Maerlant, <em>Der naturen Bloeme,<\/em> le puissant animal est cependant repr\u00e9sente avec une unique et impressionnante corne. <br \/>\u00c0 la Renaissance, bison d\u2019Europe ou auroch, la distinction entre les deux esp\u00e8ces n&#8217;\u00e9tant pas toujours \u00e9vidente, sont parfois imagin\u00e9s avec une corne unique, comme sur l\u2019<em>atlas Vallard<\/em>, un luxueux ensemble de cartes du milieu du XVIe si\u00e8cle, voire confondu avec le rhinoc\u00e9ros &#8211; si du moins on interpr\u00e8te ainsi l&#8217;affirmation du savant anglais Edward Wotton, selon laquelle on croise des rhinoc\u00e9ros dans les for\u00eats d&#8217;Europe centrale<a href=\"#_ftn1\">[1]<\/a>. En 1587, le m\u00e9decin italien Antonio Anguisciola classe aussi le bison parmi les quadrup\u00e8des unicornes<a href=\"#_ftn1\">[2]<\/a>. Pour la plupart des auteurs cependant, et pour le c\u00e9l\u00e8bre et plus volumineux qu\u2019on ne le pense dictionnaire d\u2019Ambrosio Calepino, les sp\u00e9cimens unicornes sont relativement rares<a href=\"#_ftn2\">[3]<\/a>. L\u2019existence de bisons unicornes est encore confirm\u00e9e au XVIIe si\u00e8cle dans une savante dissertation, <em>de Basilisco, unicornu, phoenice, Behemoth, Leviathan, dracone, araneo, tarantula et ave paradisi<\/em>, publi\u00e9e en 1669 par Georg Kaspar Kirchmaier, qui vivait pourtant en Saxe, pas trop loin des coins \u00e0 bisons. Pour Conrad Gesner, citant un t\u00e9moin oculaire de ses amis, ce sont les chamois des tatras, au sud de la Pologne, qui sont souvent unicornes.<\/p>\n\n\n\n<div class=\"wp-block-jetpack-slideshow aligncenter\" data-effect=\"slide\"><div class=\"wp-block-jetpack-slideshow_container swiper-container\"><ul class=\"wp-block-jetpack-slideshow_swiper-wrapper swiper-wrapper\"><li class=\"wp-block-jetpack-slideshow_slide swiper-slide\"><figure><img loading=\"lazy\" decoding=\"async\" width=\"2048\" height=\"1333\" alt=\"\" class=\"wp-block-jetpack-slideshow_image wp-image-3211\" data-id=\"3211\" src=\"https:\/\/faidutti.com\/blog\/licornes\/wp-content\/uploads\/sites\/2\/2021\/05\/Girafe-12a-Atlas-Vallard-1547-2048x1333.jpg\" srcset=\"https:\/\/faidutti.com\/blog\/licornes\/wp-content\/uploads\/sites\/2\/2021\/05\/Girafe-12a-Atlas-Vallard-1547-2048x1333.jpg 2048w, https:\/\/faidutti.com\/blog\/licornes\/wp-content\/uploads\/sites\/2\/2021\/05\/Girafe-12a-Atlas-Vallard-1547-300x195.jpg 300w, https:\/\/faidutti.com\/blog\/licornes\/wp-content\/uploads\/sites\/2\/2021\/05\/Girafe-12a-Atlas-Vallard-1547-768x500.jpg 768w, https:\/\/faidutti.com\/blog\/licornes\/wp-content\/uploads\/sites\/2\/2021\/05\/Girafe-12a-Atlas-Vallard-1547-1536x1000.jpg 1536w, https:\/\/faidutti.com\/blog\/licornes\/wp-content\/uploads\/sites\/2\/2021\/05\/Girafe-12a-Atlas-Vallard-1547-461x300.jpg 461w\" sizes=\"(max-width: 2048px) 100vw, 2048px\" \/><figcaption class=\"wp-block-jetpack-slideshow_caption gallery-caption\">Atlas Vallard, 1547.<br \/>\nHuntington Library, San Marino.<\/figcaption><\/figure><\/li><li class=\"wp-block-jetpack-slideshow_slide swiper-slide\"><figure><img loading=\"lazy\" decoding=\"async\" width=\"1861\" height=\"1381\" alt=\"\" class=\"wp-block-jetpack-slideshow_image wp-image-3222\" data-id=\"3222\" src=\"https:\/\/faidutti.com\/blog\/licornes\/wp-content\/uploads\/sites\/2\/2021\/05\/Girafe-12b-Atlas-Vallard-detail-1547.jpg\" srcset=\"https:\/\/faidutti.com\/blog\/licornes\/wp-content\/uploads\/sites\/2\/2021\/05\/Girafe-12b-Atlas-Vallard-detail-1547.jpg 1861w, https:\/\/faidutti.com\/blog\/licornes\/wp-content\/uploads\/sites\/2\/2021\/05\/Girafe-12b-Atlas-Vallard-detail-1547-300x223.jpg 300w, https:\/\/faidutti.com\/blog\/licornes\/wp-content\/uploads\/sites\/2\/2021\/05\/Girafe-12b-Atlas-Vallard-detail-1547-768x570.jpg 768w, https:\/\/faidutti.com\/blog\/licornes\/wp-content\/uploads\/sites\/2\/2021\/05\/Girafe-12b-Atlas-Vallard-detail-1547-1536x1140.jpg 1536w, https:\/\/faidutti.com\/blog\/licornes\/wp-content\/uploads\/sites\/2\/2021\/05\/Girafe-12b-Atlas-Vallard-detail-1547-404x300.jpg 404w\" sizes=\"(max-width: 1861px) 100vw, 1861px\" \/><figcaption class=\"wp-block-jetpack-slideshow_caption gallery-caption\">Quelque part vers l&#8217;Estonie, un bison unicorne.<\/figcaption><\/figure><\/li><\/ul><a class=\"wp-block-jetpack-slideshow_button-prev swiper-button-prev swiper-button-white\" role=\"button\"><\/a><a class=\"wp-block-jetpack-slideshow_button-next swiper-button-next swiper-button-white\" role=\"button\"><\/a><a aria-label=\"Pause Slideshow\" class=\"wp-block-jetpack-slideshow_button-pause\" role=\"button\"><\/a><div class=\"wp-block-jetpack-slideshow_pagination swiper-pagination swiper-pagination-white\"><\/div><\/div><\/div>\n\n\n\n<p>Une corne unique n&#8217;\u00e9tant pas pour les hommes du Moyen \u00c2ge quelque chose de vraiment \u00e9tonnant, des enlumineurs en ont parfois arm\u00e9 le front d&#8217;autres cr\u00e9atures. Le <em>bonnacon<\/em> est un quadrup\u00e8de du bestiaire m\u00e9di\u00e9val dont la seule originalit\u00e9 est habituellement qu&#8217;il p\u00e8te des flammes empoisonn\u00e9es. Sur un manuscrit anglais du XIIIe si\u00e8cle, le ms Royal 12 F XIII de la British Library, cet animal habituellement bicorne est aussi dessin\u00e9 avec une seule corne, et mais c\u2019est l\u00e0, je crois, un cas unique. Sur un rouleau de pri\u00e8res anglais du XVe si\u00e8cle, c&#8217;est le griffon.<\/p>\n\n\n\n<div class=\"wp-block-jetpack-slideshow aligncenter\" data-effect=\"slide\"><div class=\"wp-block-jetpack-slideshow_container swiper-container\"><ul class=\"wp-block-jetpack-slideshow_swiper-wrapper swiper-wrapper\"><li class=\"wp-block-jetpack-slideshow_slide swiper-slide\"><figure><img loading=\"lazy\" decoding=\"async\" width=\"2048\" height=\"1942\" alt=\"\" class=\"wp-block-jetpack-slideshow_image wp-image-3213\" data-id=\"3213\" src=\"https:\/\/faidutti.com\/blog\/licornes\/wp-content\/uploads\/sites\/2\/2021\/05\/Girafe-10-BL-Royal-ms-12-F-XIII-fol-16r--2048x1942.jpg\" srcset=\"https:\/\/faidutti.com\/blog\/licornes\/wp-content\/uploads\/sites\/2\/2021\/05\/Girafe-10-BL-Royal-ms-12-F-XIII-fol-16r--2048x1942.jpg 2048w, https:\/\/faidutti.com\/blog\/licornes\/wp-content\/uploads\/sites\/2\/2021\/05\/Girafe-10-BL-Royal-ms-12-F-XIII-fol-16r--300x285.jpg 300w, https:\/\/faidutti.com\/blog\/licornes\/wp-content\/uploads\/sites\/2\/2021\/05\/Girafe-10-BL-Royal-ms-12-F-XIII-fol-16r--768x728.jpg 768w, https:\/\/faidutti.com\/blog\/licornes\/wp-content\/uploads\/sites\/2\/2021\/05\/Girafe-10-BL-Royal-ms-12-F-XIII-fol-16r--1536x1457.jpg 1536w, https:\/\/faidutti.com\/blog\/licornes\/wp-content\/uploads\/sites\/2\/2021\/05\/Girafe-10-BL-Royal-ms-12-F-XIII-fol-16r--316x300.jpg 316w\" sizes=\"(max-width: 2048px) 100vw, 2048px\" \/><figcaption class=\"wp-block-jetpack-slideshow_caption gallery-caption\"><i>Bonnacon<\/i>. Ce bovid\u00e9 aux excr\u00e9ments enflamm\u00e9s et pestilentiels n\u2019est habituellement pas repr\u00e9sent\u00e9 unicorne. Ce bestiaire fait ici exception.<\/figcaption><\/figure><\/li><li class=\"wp-block-jetpack-slideshow_slide swiper-slide\"><figure><img loading=\"lazy\" decoding=\"async\" width=\"2048\" height=\"1684\" alt=\"\" class=\"wp-block-jetpack-slideshow_image wp-image-3212\" data-id=\"3212\" src=\"https:\/\/faidutti.com\/blog\/licornes\/wp-content\/uploads\/sites\/2\/2021\/05\/Girafe-11a-Morgan-ms-G-39-fol-9r-rouleau-de-prieres-2048x1684.jpg\" srcset=\"https:\/\/faidutti.com\/blog\/licornes\/wp-content\/uploads\/sites\/2\/2021\/05\/Girafe-11a-Morgan-ms-G-39-fol-9r-rouleau-de-prieres-2048x1684.jpg 2048w, https:\/\/faidutti.com\/blog\/licornes\/wp-content\/uploads\/sites\/2\/2021\/05\/Girafe-11a-Morgan-ms-G-39-fol-9r-rouleau-de-prieres-300x247.jpg 300w, https:\/\/faidutti.com\/blog\/licornes\/wp-content\/uploads\/sites\/2\/2021\/05\/Girafe-11a-Morgan-ms-G-39-fol-9r-rouleau-de-prieres-768x631.jpg 768w, https:\/\/faidutti.com\/blog\/licornes\/wp-content\/uploads\/sites\/2\/2021\/05\/Girafe-11a-Morgan-ms-G-39-fol-9r-rouleau-de-prieres-1536x1263.jpg 1536w, https:\/\/faidutti.com\/blog\/licornes\/wp-content\/uploads\/sites\/2\/2021\/05\/Girafe-11a-Morgan-ms-G-39-fol-9r-rouleau-de-prieres-365x300.jpg 365w\" sizes=\"(max-width: 2048px) 100vw, 2048px\" \/><figcaption class=\"wp-block-jetpack-slideshow_caption gallery-caption\">Saint Jean Baptiste pr\u00eachant dans le d\u00e9sert.<br \/>New York, Morgan Library, ms G 39, fol 9r.<\/figcaption><\/figure><\/li><li class=\"wp-block-jetpack-slideshow_slide swiper-slide\"><figure><img loading=\"lazy\" decoding=\"async\" width=\"2048\" height=\"1193\" alt=\"\" class=\"wp-block-jetpack-slideshow_image wp-image-8616\" data-id=\"8616\" src=\"https:\/\/faidutti.com\/blog\/licornes\/wp-content\/uploads\/sites\/2\/2025\/01\/ONB-cod-13440-fol-3b-Jacob-van-Maerlant-Der-Naturen-Bloeme-circa-1300-2048x1193.jpg\" srcset=\"https:\/\/faidutti.com\/blog\/licornes\/wp-content\/uploads\/sites\/2\/2025\/01\/ONB-cod-13440-fol-3b-Jacob-van-Maerlant-Der-Naturen-Bloeme-circa-1300-2048x1193.jpg 2048w, https:\/\/faidutti.com\/blog\/licornes\/wp-content\/uploads\/sites\/2\/2025\/01\/ONB-cod-13440-fol-3b-Jacob-van-Maerlant-Der-Naturen-Bloeme-circa-1300-300x175.jpg 300w, https:\/\/faidutti.com\/blog\/licornes\/wp-content\/uploads\/sites\/2\/2025\/01\/ONB-cod-13440-fol-3b-Jacob-van-Maerlant-Der-Naturen-Bloeme-circa-1300-768x447.jpg 768w, https:\/\/faidutti.com\/blog\/licornes\/wp-content\/uploads\/sites\/2\/2025\/01\/ONB-cod-13440-fol-3b-Jacob-van-Maerlant-Der-Naturen-Bloeme-circa-1300-1536x895.jpg 1536w, https:\/\/faidutti.com\/blog\/licornes\/wp-content\/uploads\/sites\/2\/2025\/01\/ONB-cod-13440-fol-3b-Jacob-van-Maerlant-Der-Naturen-Bloeme-circa-1300-500x291.jpg 500w\" sizes=\"(max-width: 2048px) 100vw, 2048px\" \/><figcaption class=\"wp-block-jetpack-slideshow_caption gallery-caption\">Un curieux \u00e9cureuil unicorne sur un manuscrit incomplet du <i>Der Naturen Bloeme<\/i> de Jacob van Merlant. Vienne, ONB, codex 13440, fol 3B.<\/figcaption><\/figure><\/li><\/ul><a class=\"wp-block-jetpack-slideshow_button-prev swiper-button-prev swiper-button-white\" role=\"button\"><\/a><a class=\"wp-block-jetpack-slideshow_button-next swiper-button-next swiper-button-white\" role=\"button\"><\/a><a aria-label=\"Pause Slideshow\" class=\"wp-block-jetpack-slideshow_button-pause\" role=\"button\"><\/a><div class=\"wp-block-jetpack-slideshow_pagination swiper-pagination swiper-pagination-white\"><\/div><\/div><\/div>\n\n\n\n<p>Dans le monde arabe, c\u2019est le tigre qui a parfois une corne, l\u00e0 encore sans que les manuscrits ne disent quoi que ce soit \u00e0 ce sujet. Sur une copie du <em>Livre des Merveilles<\/em>, le fauve arbore au sommet de la t\u00eate un appendice dont on ne sait trop si c\u2019est une corne ou un toupet de poils, montrant sans doute une confusion entre panth\u00e8re et rhinoc\u00e9ros. Sur un manuscrit de l\u2019<em>Historia Plantarum,<\/em> encyclop\u00e9die m\u00e9dicale traduite de l\u2019arabe, qui se trouve \u00e0 Rome \u00e0 la biblioth\u00e8que Casanatense, la panth\u00e8re a pris son allure occidentale, robe claire et taches multicolores, mais elle est arm\u00e9e d\u2019une une corne blanche,&nbsp;de longueur modeste mais spiral\u00e9e comme celle d\u2019une licorne.<\/p>\n\n\n\n<div class=\"wp-block-jetpack-slideshow aligncenter\" data-effect=\"slide\"><div class=\"wp-block-jetpack-slideshow_container swiper-container\"><ul class=\"wp-block-jetpack-slideshow_swiper-wrapper swiper-wrapper\"><li class=\"wp-block-jetpack-slideshow_slide swiper-slide\"><figure><img loading=\"lazy\" decoding=\"async\" width=\"2048\" height=\"1363\" alt=\"\" class=\"wp-block-jetpack-slideshow_image wp-image-3218\" data-id=\"3218\" src=\"https:\/\/faidutti.com\/blog\/licornes\/wp-content\/uploads\/sites\/2\/2021\/05\/Girafe-09-BN-ms-Smith-Lesouef-221-fol-181r-2048x1363.jpg\" srcset=\"https:\/\/faidutti.com\/blog\/licornes\/wp-content\/uploads\/sites\/2\/2021\/05\/Girafe-09-BN-ms-Smith-Lesouef-221-fol-181r-2048x1363.jpg 2048w, https:\/\/faidutti.com\/blog\/licornes\/wp-content\/uploads\/sites\/2\/2021\/05\/Girafe-09-BN-ms-Smith-Lesouef-221-fol-181r-300x200.jpg 300w, https:\/\/faidutti.com\/blog\/licornes\/wp-content\/uploads\/sites\/2\/2021\/05\/Girafe-09-BN-ms-Smith-Lesouef-221-fol-181r-768x511.jpg 768w, https:\/\/faidutti.com\/blog\/licornes\/wp-content\/uploads\/sites\/2\/2021\/05\/Girafe-09-BN-ms-Smith-Lesouef-221-fol-181r-1536x1022.jpg 1536w, https:\/\/faidutti.com\/blog\/licornes\/wp-content\/uploads\/sites\/2\/2021\/05\/Girafe-09-BN-ms-Smith-Lesouef-221-fol-181r-451x300.jpg 451w\" sizes=\"(max-width: 2048px) 100vw, 2048px\" \/><figcaption class=\"wp-block-jetpack-slideshow_caption gallery-caption\">Tigre unicorne,<br \/>\nZakaria al Qazwini, <i>Livre des merveilles de la cr\u00e9ation,<\/i> manuscrit arabe, XVIIe si\u00e8cle.<br \/>\nBNF, ms Smith Lesouef 221, fol 181r.   \n<\/figcaption><\/figure><\/li><li class=\"wp-block-jetpack-slideshow_slide swiper-slide\"><figure><img loading=\"lazy\" decoding=\"async\" width=\"772\" height=\"625\" alt=\"\" class=\"wp-block-jetpack-slideshow_image wp-image-3224\" data-id=\"3224\" src=\"https:\/\/faidutti.com\/blog\/licornes\/wp-content\/uploads\/sites\/2\/2021\/05\/Girafe-08-Rome-bibliotheque-Casanatense-ms-459-fol-193r.png\" srcset=\"https:\/\/faidutti.com\/blog\/licornes\/wp-content\/uploads\/sites\/2\/2021\/05\/Girafe-08-Rome-bibliotheque-Casanatense-ms-459-fol-193r.png 772w, https:\/\/faidutti.com\/blog\/licornes\/wp-content\/uploads\/sites\/2\/2021\/05\/Girafe-08-Rome-bibliotheque-Casanatense-ms-459-fol-193r-300x243.png 300w, https:\/\/faidutti.com\/blog\/licornes\/wp-content\/uploads\/sites\/2\/2021\/05\/Girafe-08-Rome-bibliotheque-Casanatense-ms-459-fol-193r-768x622.png 768w, https:\/\/faidutti.com\/blog\/licornes\/wp-content\/uploads\/sites\/2\/2021\/05\/Girafe-08-Rome-bibliotheque-Casanatense-ms-459-fol-193r-371x300.png 371w\" sizes=\"(max-width: 772px) 100vw, 772px\" \/><figcaption class=\"wp-block-jetpack-slideshow_caption gallery-caption\">La panth\u00e8re de l\u2019<i>Historia Plantarum<\/i>, circa 1500.<br \/>\nRome, Biblioth\u00e8que Casanatense, ms 459, fol 193r\n<\/figcaption><\/figure><\/li><\/ul><a class=\"wp-block-jetpack-slideshow_button-prev swiper-button-prev swiper-button-white\" role=\"button\"><\/a><a class=\"wp-block-jetpack-slideshow_button-next swiper-button-next swiper-button-white\" role=\"button\"><\/a><a aria-label=\"Pause Slideshow\" class=\"wp-block-jetpack-slideshow_button-pause\" role=\"button\"><\/a><div class=\"wp-block-jetpack-slideshow_pagination swiper-pagination swiper-pagination-white\"><\/div><\/div><\/div>\n\n\n\n<p class=\"has-small-font-size\"><a href=\"#_ftnref1\">[1]<\/a> Edward Wotton, <em>De differentiis animalium, <\/em>Paris, 1552, lib V, fol 75r.<br \/><a href=\"#_ftnref1\">[2]<\/a> Antonio Anguisciola, <em>Compendium Simplicium et Compositorum Medicamentorum,<\/em> Piacenza, 1587, p.175.<br \/><a href=\"#_ftnref1\"><\/a>Christophore Hartknoch, <em>Alt und neues Preussen oder preussischen Historien,<\/em> Francfort, 1684, pp.211-213.<br \/><a href=\"#_ftnref2\">[3]<\/a> Thomas Bartholin<em>, De Unicornu Observationes Nov\u00e6,<\/em> Padoue, 1645, p.109.<\/p>\n\n\n\n<figure class=\"wp-block-image size-large\"><img loading=\"lazy\" decoding=\"async\" width=\"2048\" height=\"887\" src=\"https:\/\/faidutti.com\/blog\/licornes\/wp-content\/uploads\/sites\/2\/2021\/05\/Girafe-07-Manchester-Persian-ms-3-fol-254r-Qazwini-2048x887.jpg\" alt=\"\" class=\"wp-image-3221\" srcset=\"https:\/\/faidutti.com\/blog\/licornes\/wp-content\/uploads\/sites\/2\/2021\/05\/Girafe-07-Manchester-Persian-ms-3-fol-254r-Qazwini-2048x887.jpg 2048w, https:\/\/faidutti.com\/blog\/licornes\/wp-content\/uploads\/sites\/2\/2021\/05\/Girafe-07-Manchester-Persian-ms-3-fol-254r-Qazwini-300x130.jpg 300w, https:\/\/faidutti.com\/blog\/licornes\/wp-content\/uploads\/sites\/2\/2021\/05\/Girafe-07-Manchester-Persian-ms-3-fol-254r-Qazwini-768x333.jpg 768w, https:\/\/faidutti.com\/blog\/licornes\/wp-content\/uploads\/sites\/2\/2021\/05\/Girafe-07-Manchester-Persian-ms-3-fol-254r-Qazwini-1536x665.jpg 1536w, https:\/\/faidutti.com\/blog\/licornes\/wp-content\/uploads\/sites\/2\/2021\/05\/Girafe-07-Manchester-Persian-ms-3-fol-254r-Qazwini-500x217.jpg 500w\" sizes=\"auto, (max-width: 2048px) 100vw, 2048px\" \/><figcaption class=\"wp-element-caption\">Une licorne au long cou sur un manuscrit persan du XVIIe si\u00e8cle.<br \/><span style=\"color:#9e9e9e\" class=\"tadv-color\">Manchester University, Persian ms 3, fol 254r<\/span><\/figcaption><\/figure>\n","protected":false},"excerpt":{"rendered":"<p>Sur les fresques et tapisseries de la Renaissance, la girafe, que l\u2019on connaissait mal, est parfois repr\u00e9sent\u00e9e avec une corne unique. Dans les ouvrages d&#8217;histoire naturelle, c&#8217;est parfois le bison, pourtant plus proche. L\u2019un des tweets les plus partag\u00e9s durant &hellip; <a href=\"https:\/\/faidutti.com\/blog\/licornes\/2021\/10\/31\/la-girafe-et-le-bison-unicornes\/\">Continue reading <span class=\"meta-nav\">&rarr;<\/span><\/a><\/p>\n","protected":false},"author":2,"featured_media":3210,"comment_status":"open","ping_status":"open","sticky":false,"template":"","format":"standard","meta":{"_jetpack_memberships_contains_paid_content":false,"footnotes":""},"categories":[7],"tags":[],"class_list":["post-3204","post","type-post","status-publish","format-standard","has-post-thumbnail","hentry","category-5-la-corne-et-la-science"],"jetpack_featured_media_url":"https:\/\/faidutti.com\/blog\/licornes\/wp-content\/uploads\/sites\/2\/2021\/05\/Girafe-02a-Raphael-Dieu-creant-les-animaux-scaled.jpg","jetpack_sharing_enabled":true,"_links":{"self":[{"href":"https:\/\/faidutti.com\/blog\/licornes\/wp-json\/wp\/v2\/posts\/3204","targetHints":{"allow":["GET"]}}],"collection":[{"href":"https:\/\/faidutti.com\/blog\/licornes\/wp-json\/wp\/v2\/posts"}],"about":[{"href":"https:\/\/faidutti.com\/blog\/licornes\/wp-json\/wp\/v2\/types\/post"}],"author":[{"embeddable":true,"href":"https:\/\/faidutti.com\/blog\/licornes\/wp-json\/wp\/v2\/users\/2"}],"replies":[{"embeddable":true,"href":"https:\/\/faidutti.com\/blog\/licornes\/wp-json\/wp\/v2\/comments?post=3204"}],"version-history":[{"count":21,"href":"https:\/\/faidutti.com\/blog\/licornes\/wp-json\/wp\/v2\/posts\/3204\/revisions"}],"predecessor-version":[{"id":8617,"href":"https:\/\/faidutti.com\/blog\/licornes\/wp-json\/wp\/v2\/posts\/3204\/revisions\/8617"}],"wp:featuredmedia":[{"embeddable":true,"href":"https:\/\/faidutti.com\/blog\/licornes\/wp-json\/wp\/v2\/media\/3210"}],"wp:attachment":[{"href":"https:\/\/faidutti.com\/blog\/licornes\/wp-json\/wp\/v2\/media?parent=3204"}],"wp:term":[{"taxonomy":"category","embeddable":true,"href":"https:\/\/faidutti.com\/blog\/licornes\/wp-json\/wp\/v2\/categories?post=3204"},{"taxonomy":"post_tag","embeddable":true,"href":"https:\/\/faidutti.com\/blog\/licornes\/wp-json\/wp\/v2\/tags?post=3204"}],"curies":[{"name":"wp","href":"https:\/\/api.w.org\/{rel}","templated":true}]}}