{"id":2434,"date":"2021-09-01T21:38:00","date_gmt":"2021-09-01T21:38:00","guid":{"rendered":"https:\/\/faidutti.com\/blog\/licornes\/?p=2434"},"modified":"2026-04-21T18:20:25","modified_gmt":"2026-04-21T18:20:25","slug":"la-corne-du-diable","status":"publish","type":"post","link":"https:\/\/faidutti.com\/blog\/licornes\/2021\/09\/01\/la-corne-du-diable\/","title":{"rendered":"\u2795 La corne du diable"},"content":{"rendered":"\n<p class=\"has-red-color has-text-color\"><strong>Les diables peints ou sculpt\u00e9s ont le plus souvent deux cornes, dessin\u00e9es \u00e0 l&#8217;image de celles du bouc ou du taureau. Quelques d\u00e9mons n&#8217;en ont qu&#8217;une, et elle ressemble alors un peu, en plus court cependant, \u00e0 celle de la licorne. Quand ils en ont trois ou plus, cela se complique.<\/strong><\/p>\n\n\n\n<p>Venues des satyres et faunes de l\u2019antiquit\u00e9, les cornes du malin sont habituellement deux, proches de celles du bouc, du taureau ou, comme dans un po\u00e8me de Ronsard, l\u2019<em>Hymne des daimons<\/em>, du chamois. Il en va de m\u00eame de celles des dragons, qui sont aussi serpents, donc plus ou moins d\u00e9mons.<\/p>\n\n\n\n<div class=\"wp-block-jetpack-slideshow aligncenter\" data-effect=\"slide\"><div class=\"wp-block-jetpack-slideshow_container swiper\"><ul class=\"wp-block-jetpack-slideshow_swiper-wrapper swiper-wrapper\"><li class=\"wp-block-jetpack-slideshow_slide swiper-slide\"><figure><img loading=\"lazy\" decoding=\"async\" width=\"1754\" height=\"2048\" alt=\"\" class=\"wp-block-jetpack-slideshow_image wp-image-2464\" data-id=\"2464\" src=\"https:\/\/faidutti.com\/blog\/licornes\/wp-content\/uploads\/sites\/2\/2021\/05\/Boulogne-sur-mer-ms-97-fol-42r-Saint-Michel-terrassant-le-diable-circa-1480-1754x2048.jpg\" srcset=\"https:\/\/faidutti.com\/blog\/licornes\/wp-content\/uploads\/sites\/2\/2021\/05\/Boulogne-sur-mer-ms-97-fol-42r-Saint-Michel-terrassant-le-diable-circa-1480-1754x2048.jpg 1754w, https:\/\/faidutti.com\/blog\/licornes\/wp-content\/uploads\/sites\/2\/2021\/05\/Boulogne-sur-mer-ms-97-fol-42r-Saint-Michel-terrassant-le-diable-circa-1480-257x300.jpg 257w, https:\/\/faidutti.com\/blog\/licornes\/wp-content\/uploads\/sites\/2\/2021\/05\/Boulogne-sur-mer-ms-97-fol-42r-Saint-Michel-terrassant-le-diable-circa-1480-768x897.jpg 768w, https:\/\/faidutti.com\/blog\/licornes\/wp-content\/uploads\/sites\/2\/2021\/05\/Boulogne-sur-mer-ms-97-fol-42r-Saint-Michel-terrassant-le-diable-circa-1480-1315x1536.jpg 1315w\" sizes=\"(max-width: 1754px) 100vw, 1754px\" \/><figcaption class=\"wp-block-jetpack-slideshow_caption gallery-caption\"><i>Saint Michel terrassant le d\u00e9mon.<\/i><br \/>\nBiblioth\u00e8que de Boulogne sur Mer, ms 97, fol 42r.<\/figcaption><\/figure><\/li><li class=\"wp-block-jetpack-slideshow_slide swiper-slide\"><figure><img loading=\"lazy\" decoding=\"async\" width=\"2003\" height=\"1892\" alt=\"\" class=\"wp-block-jetpack-slideshow_image wp-image-2480\" data-id=\"2480\" src=\"https:\/\/faidutti.com\/blog\/licornes\/wp-content\/uploads\/sites\/2\/2021\/05\/BSB-cgm-478-fol-97r-Jacob-de-Terrano-Belial-1461-.jpg\" srcset=\"https:\/\/faidutti.com\/blog\/licornes\/wp-content\/uploads\/sites\/2\/2021\/05\/BSB-cgm-478-fol-97r-Jacob-de-Terrano-Belial-1461-.jpg 2003w, https:\/\/faidutti.com\/blog\/licornes\/wp-content\/uploads\/sites\/2\/2021\/05\/BSB-cgm-478-fol-97r-Jacob-de-Terrano-Belial-1461--300x283.jpg 300w, https:\/\/faidutti.com\/blog\/licornes\/wp-content\/uploads\/sites\/2\/2021\/05\/BSB-cgm-478-fol-97r-Jacob-de-Terrano-Belial-1461--768x725.jpg 768w, https:\/\/faidutti.com\/blog\/licornes\/wp-content\/uploads\/sites\/2\/2021\/05\/BSB-cgm-478-fol-97r-Jacob-de-Terrano-Belial-1461--1536x1451.jpg 1536w, https:\/\/faidutti.com\/blog\/licornes\/wp-content\/uploads\/sites\/2\/2021\/05\/BSB-cgm-478-fol-97r-Jacob-de-Terrano-Belial-1461--318x300.jpg 318w\" sizes=\"(max-width: 2003px) 100vw, 2003px\" \/><figcaption class=\"wp-block-jetpack-slideshow_caption gallery-caption\">Jacob de Terrano, <i>Belial<\/i>, 1461.<br \/>.\nMunich, BSB, cgm 478, fol 97r.<\/figcaption><\/figure><\/li><li class=\"wp-block-jetpack-slideshow_slide swiper-slide\"><figure><img loading=\"lazy\" decoding=\"async\" width=\"1939\" height=\"2048\" alt=\"\" class=\"wp-block-jetpack-slideshow_image wp-image-5801\" data-id=\"5801\" src=\"https:\/\/faidutti.com\/blog\/licornes\/wp-content\/uploads\/sites\/2\/2022\/03\/BSB-scgm-80108-fol-305v-Ottheinrich-Bibel-XVIe--1939x2048.jpg\" srcset=\"https:\/\/faidutti.com\/blog\/licornes\/wp-content\/uploads\/sites\/2\/2022\/03\/BSB-scgm-80108-fol-305v-Ottheinrich-Bibel-XVIe--1939x2048.jpg 1939w, https:\/\/faidutti.com\/blog\/licornes\/wp-content\/uploads\/sites\/2\/2022\/03\/BSB-scgm-80108-fol-305v-Ottheinrich-Bibel-XVIe--284x300.jpg 284w, https:\/\/faidutti.com\/blog\/licornes\/wp-content\/uploads\/sites\/2\/2022\/03\/BSB-scgm-80108-fol-305v-Ottheinrich-Bibel-XVIe--768x811.jpg 768w, https:\/\/faidutti.com\/blog\/licornes\/wp-content\/uploads\/sites\/2\/2022\/03\/BSB-scgm-80108-fol-305v-Ottheinrich-Bibel-XVIe--1454x1536.jpg 1454w\" sizes=\"(max-width: 1939px) 100vw, 1939px\" \/><figcaption class=\"wp-block-jetpack-slideshow_caption gallery-caption\">Bible de Ottheinrich, circa 1430.<br \/>\nMunich, BSB, scgm 810(8), fol 305v<\/figcaption><\/figure><\/li><li class=\"wp-block-jetpack-slideshow_slide swiper-slide\"><figure><img loading=\"lazy\" decoding=\"async\" width=\"1335\" height=\"2048\" alt=\"\" class=\"wp-block-jetpack-slideshow_image wp-image-2461\" data-id=\"2461\" src=\"https:\/\/faidutti.com\/blog\/licornes\/wp-content\/uploads\/sites\/2\/2021\/05\/BN-ms-latin-1171-fol-56r-Horae_ad_usum_romanum-1335x2048.jpg\" srcset=\"https:\/\/faidutti.com\/blog\/licornes\/wp-content\/uploads\/sites\/2\/2021\/05\/BN-ms-latin-1171-fol-56r-Horae_ad_usum_romanum-1335x2048.jpg 1335w, https:\/\/faidutti.com\/blog\/licornes\/wp-content\/uploads\/sites\/2\/2021\/05\/BN-ms-latin-1171-fol-56r-Horae_ad_usum_romanum-196x300.jpg 196w, https:\/\/faidutti.com\/blog\/licornes\/wp-content\/uploads\/sites\/2\/2021\/05\/BN-ms-latin-1171-fol-56r-Horae_ad_usum_romanum-768x1178.jpg 768w, https:\/\/faidutti.com\/blog\/licornes\/wp-content\/uploads\/sites\/2\/2021\/05\/BN-ms-latin-1171-fol-56r-Horae_ad_usum_romanum-1001x1536.jpg 1001w, https:\/\/faidutti.com\/blog\/licornes\/wp-content\/uploads\/sites\/2\/2021\/05\/BN-ms-latin-1171-fol-56r-Horae_ad_usum_romanum-scaled.jpg 1669w\" sizes=\"(max-width: 1335px) 100vw, 1335px\" \/><figcaption class=\"wp-block-jetpack-slideshow_caption gallery-caption\">Livre d&#8217;heures, circa 1480.<br \/>\nBNF, ms latin 1171, fol 56r.<\/figcaption><\/figure><\/li><li class=\"wp-block-jetpack-slideshow_slide swiper-slide\"><figure><img loading=\"lazy\" decoding=\"async\" width=\"717\" height=\"1912\" alt=\"\" class=\"wp-block-jetpack-slideshow_image wp-image-2463\" data-id=\"2463\" src=\"https:\/\/faidutti.com\/blog\/licornes\/wp-content\/uploads\/sites\/2\/2021\/05\/Berlin-Staatsbibliothek-ms-Ham-675-fol-59r-Der-Welsche-Gast.jpg\" srcset=\"https:\/\/faidutti.com\/blog\/licornes\/wp-content\/uploads\/sites\/2\/2021\/05\/Berlin-Staatsbibliothek-ms-Ham-675-fol-59r-Der-Welsche-Gast.jpg 717w, https:\/\/faidutti.com\/blog\/licornes\/wp-content\/uploads\/sites\/2\/2021\/05\/Berlin-Staatsbibliothek-ms-Ham-675-fol-59r-Der-Welsche-Gast-113x300.jpg 113w, https:\/\/faidutti.com\/blog\/licornes\/wp-content\/uploads\/sites\/2\/2021\/05\/Berlin-Staatsbibliothek-ms-Ham-675-fol-59r-Der-Welsche-Gast-576x1536.jpg 576w\" sizes=\"(max-width: 717px) 100vw, 717px\" \/><figcaption class=\"wp-block-jetpack-slideshow_caption gallery-caption\"><i>Der Welsche Gast<\/i>, XVe si\u00e8cle.<br \/>\nBerlin Staatsbibliothek, ms Hmm 675, fol 59r.<\/figcaption><\/figure><\/li><li class=\"wp-block-jetpack-slideshow_slide swiper-slide\"><figure><img loading=\"lazy\" decoding=\"async\" width=\"1096\" height=\"1200\" alt=\"\" class=\"wp-block-jetpack-slideshow_image wp-image-5141\" data-id=\"5141\" src=\"https:\/\/faidutti.com\/blog\/licornes\/wp-content\/uploads\/sites\/2\/2021\/05\/Chantilly-Musee-Conde-ms-722-fol-123r-Vincent-de-Beauvais-Speculum-Historiale-vision-de-Charles-le-gros.jpg\" srcset=\"https:\/\/faidutti.com\/blog\/licornes\/wp-content\/uploads\/sites\/2\/2021\/05\/Chantilly-Musee-Conde-ms-722-fol-123r-Vincent-de-Beauvais-Speculum-Historiale-vision-de-Charles-le-gros.jpg 1096w, https:\/\/faidutti.com\/blog\/licornes\/wp-content\/uploads\/sites\/2\/2021\/05\/Chantilly-Musee-Conde-ms-722-fol-123r-Vincent-de-Beauvais-Speculum-Historiale-vision-de-Charles-le-gros-274x300.jpg 274w, https:\/\/faidutti.com\/blog\/licornes\/wp-content\/uploads\/sites\/2\/2021\/05\/Chantilly-Musee-Conde-ms-722-fol-123r-Vincent-de-Beauvais-Speculum-Historiale-vision-de-Charles-le-gros-768x841.jpg 768w\" sizes=\"(max-width: 1096px) 100vw, 1096px\" \/><figcaption class=\"wp-block-jetpack-slideshow_caption gallery-caption\">La Vision de Charles le gros. Vincent de Beauvais, <i>Speculum Historiale<\/i>, XVe si\u00e8cle.<br \/>\nChantilly, Mus\u00e9e Cond\u00e9, ms 722, fol 123r.<\/figcaption><\/figure><\/li><li class=\"wp-block-jetpack-slideshow_slide swiper-slide\"><figure><img loading=\"lazy\" decoding=\"async\" width=\"1574\" height=\"2048\" alt=\"\" class=\"wp-block-jetpack-slideshow_image wp-image-2460\" data-id=\"2460\" src=\"https:\/\/faidutti.com\/blog\/licornes\/wp-content\/uploads\/sites\/2\/2021\/05\/BL-Add-ms-34294-Livre-dheures-italien-circa-1500-Sforza-Hours-tentation-de-Saint-Antoine--1574x2048.jpg\" srcset=\"https:\/\/faidutti.com\/blog\/licornes\/wp-content\/uploads\/sites\/2\/2021\/05\/BL-Add-ms-34294-Livre-dheures-italien-circa-1500-Sforza-Hours-tentation-de-Saint-Antoine--1574x2048.jpg 1574w, https:\/\/faidutti.com\/blog\/licornes\/wp-content\/uploads\/sites\/2\/2021\/05\/BL-Add-ms-34294-Livre-dheures-italien-circa-1500-Sforza-Hours-tentation-de-Saint-Antoine--231x300.jpg 231w, https:\/\/faidutti.com\/blog\/licornes\/wp-content\/uploads\/sites\/2\/2021\/05\/BL-Add-ms-34294-Livre-dheures-italien-circa-1500-Sforza-Hours-tentation-de-Saint-Antoine--768x999.jpg 768w, https:\/\/faidutti.com\/blog\/licornes\/wp-content\/uploads\/sites\/2\/2021\/05\/BL-Add-ms-34294-Livre-dheures-italien-circa-1500-Sforza-Hours-tentation-de-Saint-Antoine--1181x1536.jpg 1181w, https:\/\/faidutti.com\/blog\/licornes\/wp-content\/uploads\/sites\/2\/2021\/05\/BL-Add-ms-34294-Livre-dheures-italien-circa-1500-Sforza-Hours-tentation-de-Saint-Antoine-.jpg 1968w\" sizes=\"(max-width: 1574px) 100vw, 1574px\" \/><figcaption class=\"wp-block-jetpack-slideshow_caption gallery-caption\">Livre d&#8217;heures italien, circa 1500.<br \/>\nBritish Library, Add ms 34294.<\/figcaption><\/figure><\/li><li class=\"wp-block-jetpack-slideshow_slide swiper-slide\"><figure><img loading=\"lazy\" decoding=\"async\" width=\"1214\" height=\"1920\" alt=\"\" class=\"wp-block-jetpack-slideshow_image wp-image-2476\" data-id=\"2476\" src=\"https:\/\/faidutti.com\/blog\/licornes\/wp-content\/uploads\/sites\/2\/2021\/05\/Marseille-ms-89-fol-41vSpeculum-Humanae-Salvationis.jpg\" srcset=\"https:\/\/faidutti.com\/blog\/licornes\/wp-content\/uploads\/sites\/2\/2021\/05\/Marseille-ms-89-fol-41vSpeculum-Humanae-Salvationis.jpg 1214w, https:\/\/faidutti.com\/blog\/licornes\/wp-content\/uploads\/sites\/2\/2021\/05\/Marseille-ms-89-fol-41vSpeculum-Humanae-Salvationis-190x300.jpg 190w, https:\/\/faidutti.com\/blog\/licornes\/wp-content\/uploads\/sites\/2\/2021\/05\/Marseille-ms-89-fol-41vSpeculum-Humanae-Salvationis-768x1215.jpg 768w, https:\/\/faidutti.com\/blog\/licornes\/wp-content\/uploads\/sites\/2\/2021\/05\/Marseille-ms-89-fol-41vSpeculum-Humanae-Salvationis-971x1536.jpg 971w\" sizes=\"(max-width: 1214px) 100vw, 1214px\" \/><figcaption class=\"wp-block-jetpack-slideshow_caption gallery-caption\"><i>Speculum Humanae Salvationis<\/i>, XVe si\u00e8cle.<br \/>\nBiblioth\u00e8que municipale de Marseille, ms 89, fol 41v.<\/figcaption><\/figure><\/li><li class=\"wp-block-jetpack-slideshow_slide swiper-slide\"><figure><img loading=\"lazy\" decoding=\"async\" width=\"1473\" height=\"2048\" alt=\"\" class=\"wp-block-jetpack-slideshow_image wp-image-2475\" data-id=\"2475\" src=\"https:\/\/faidutti.com\/blog\/licornes\/wp-content\/uploads\/sites\/2\/2021\/05\/Bodleian-Arch.-G.c.14-fol-38r-Biblia-Pauperum-circa-1470-1473x2048.jpg\" srcset=\"https:\/\/faidutti.com\/blog\/licornes\/wp-content\/uploads\/sites\/2\/2021\/05\/Bodleian-Arch.-G.c.14-fol-38r-Biblia-Pauperum-circa-1470-1473x2048.jpg 1473w, https:\/\/faidutti.com\/blog\/licornes\/wp-content\/uploads\/sites\/2\/2021\/05\/Bodleian-Arch.-G.c.14-fol-38r-Biblia-Pauperum-circa-1470-216x300.jpg 216w, https:\/\/faidutti.com\/blog\/licornes\/wp-content\/uploads\/sites\/2\/2021\/05\/Bodleian-Arch.-G.c.14-fol-38r-Biblia-Pauperum-circa-1470-768x1068.jpg 768w, https:\/\/faidutti.com\/blog\/licornes\/wp-content\/uploads\/sites\/2\/2021\/05\/Bodleian-Arch.-G.c.14-fol-38r-Biblia-Pauperum-circa-1470-1105x1536.jpg 1105w, https:\/\/faidutti.com\/blog\/licornes\/wp-content\/uploads\/sites\/2\/2021\/05\/Bodleian-Arch.-G.c.14-fol-38r-Biblia-Pauperum-circa-1470-scaled.jpg 1842w\" sizes=\"(max-width: 1473px) 100vw, 1473px\" \/><figcaption class=\"wp-block-jetpack-slideshow_caption gallery-caption\"><i>Biblia Pauperum<\/i>, circa 1470.<br \/>\nOxfords, Bodleian Library, Arch. G.c.14, fol 38r.<\/figcaption><\/figure><\/li><li class=\"wp-block-jetpack-slideshow_slide swiper-slide\"><figure><img loading=\"lazy\" decoding=\"async\" width=\"1349\" height=\"1217\" alt=\"\" class=\"wp-block-jetpack-slideshow_image wp-image-2483\" data-id=\"2483\" src=\"https:\/\/faidutti.com\/blog\/licornes\/wp-content\/uploads\/sites\/2\/2021\/08\/Elburg-Gelderland-Nicolaaskerk-vault-painting-judgment-photo-Groenling.jpg\" srcset=\"https:\/\/faidutti.com\/blog\/licornes\/wp-content\/uploads\/sites\/2\/2021\/08\/Elburg-Gelderland-Nicolaaskerk-vault-painting-judgment-photo-Groenling.jpg 1349w, https:\/\/faidutti.com\/blog\/licornes\/wp-content\/uploads\/sites\/2\/2021\/08\/Elburg-Gelderland-Nicolaaskerk-vault-painting-judgment-photo-Groenling-300x271.jpg 300w, https:\/\/faidutti.com\/blog\/licornes\/wp-content\/uploads\/sites\/2\/2021\/08\/Elburg-Gelderland-Nicolaaskerk-vault-painting-judgment-photo-Groenling-768x693.jpg 768w, https:\/\/faidutti.com\/blog\/licornes\/wp-content\/uploads\/sites\/2\/2021\/08\/Elburg-Gelderland-Nicolaaskerk-vault-painting-judgment-photo-Groenling-333x300.jpg 333w\" sizes=\"(max-width: 1349px) 100vw, 1349px\" \/><figcaption class=\"wp-block-jetpack-slideshow_caption gallery-caption\">Plafond peint de l&#8217;\u00e9glise Saint-Nicolas \u00e0 Elburg, aux Pays-Bas.<br \/>\nPhoto Groenling, Flickr.<\/figcaption><\/figure><\/li><li class=\"wp-block-jetpack-slideshow_slide swiper-slide\"><figure><img loading=\"lazy\" decoding=\"async\" width=\"1452\" height=\"2048\" alt=\"\" class=\"wp-block-jetpack-slideshow_image wp-image-1563\" data-id=\"1563\" src=\"https:\/\/faidutti.com\/blog\/licornes\/wp-content\/uploads\/sites\/2\/2021\/05\/Demon-Der-Antichrist-Strasbourg-1482-1452x2048.jpg\" srcset=\"https:\/\/faidutti.com\/blog\/licornes\/wp-content\/uploads\/sites\/2\/2021\/05\/Demon-Der-Antichrist-Strasbourg-1482-1452x2048.jpg 1452w, https:\/\/faidutti.com\/blog\/licornes\/wp-content\/uploads\/sites\/2\/2021\/05\/Demon-Der-Antichrist-Strasbourg-1482-213x300.jpg 213w, https:\/\/faidutti.com\/blog\/licornes\/wp-content\/uploads\/sites\/2\/2021\/05\/Demon-Der-Antichrist-Strasbourg-1482-768x1084.jpg 768w, https:\/\/faidutti.com\/blog\/licornes\/wp-content\/uploads\/sites\/2\/2021\/05\/Demon-Der-Antichrist-Strasbourg-1482-1089x1536.jpg 1089w, https:\/\/faidutti.com\/blog\/licornes\/wp-content\/uploads\/sites\/2\/2021\/05\/Demon-Der-Antichrist-Strasbourg-1482-scaled.jpg 1815w\" sizes=\"(max-width: 1452px) 100vw, 1452px\" \/><figcaption class=\"wp-block-jetpack-slideshow_caption gallery-caption\"><i>Der Antichrist<\/i>, Strasbourg, 1482.<\/figcaption><\/figure><\/li><li class=\"wp-block-jetpack-slideshow_slide swiper-slide\"><figure><img loading=\"lazy\" decoding=\"async\" width=\"1330\" height=\"2048\" alt=\"\" class=\"wp-block-jetpack-slideshow_image wp-image-1561\" data-id=\"1561\" src=\"https:\/\/faidutti.com\/blog\/licornes\/wp-content\/uploads\/sites\/2\/2021\/05\/Demon-BN-ms-lat-9585-fol-46v-Speculum-Humanae-Salvationis--1330x2048.jpg\" srcset=\"https:\/\/faidutti.com\/blog\/licornes\/wp-content\/uploads\/sites\/2\/2021\/05\/Demon-BN-ms-lat-9585-fol-46v-Speculum-Humanae-Salvationis--1330x2048.jpg 1330w, https:\/\/faidutti.com\/blog\/licornes\/wp-content\/uploads\/sites\/2\/2021\/05\/Demon-BN-ms-lat-9585-fol-46v-Speculum-Humanae-Salvationis--195x300.jpg 195w, https:\/\/faidutti.com\/blog\/licornes\/wp-content\/uploads\/sites\/2\/2021\/05\/Demon-BN-ms-lat-9585-fol-46v-Speculum-Humanae-Salvationis--768x1183.jpg 768w, https:\/\/faidutti.com\/blog\/licornes\/wp-content\/uploads\/sites\/2\/2021\/05\/Demon-BN-ms-lat-9585-fol-46v-Speculum-Humanae-Salvationis--997x1536.jpg 997w, https:\/\/faidutti.com\/blog\/licornes\/wp-content\/uploads\/sites\/2\/2021\/05\/Demon-BN-ms-lat-9585-fol-46v-Speculum-Humanae-Salvationis-.jpg 1348w\" sizes=\"(max-width: 1330px) 100vw, 1330px\" \/><figcaption class=\"wp-block-jetpack-slideshow_caption gallery-caption\"><i>Speculum human\u00e6 salvationis<\/i>, XVe si\u00e8cle.<br \/>\nBNF, ms lat 9585, fol 46v\n<\/figcaption><\/figure><\/li><\/ul><a class=\"wp-block-jetpack-slideshow_button-prev swiper-button-prev swiper-button-white\" role=\"button\"><\/a><a class=\"wp-block-jetpack-slideshow_button-next swiper-button-next swiper-button-white\" role=\"button\"><\/a><a aria-label=\"Pause Slideshow\" class=\"wp-block-jetpack-slideshow_button-pause\" role=\"button\"><\/a><div class=\"wp-block-jetpack-slideshow_pagination swiper-pagination swiper-pagination-white\"><\/div><\/div><\/div>\n\n\n\n<p>Cette corne n\u2019est le plus souvent pas diff\u00e9rente lorsqu\u2019elle est unique. Les d\u00e9mons unicornes sont, comme les tricornes, minoritaires mais assez fr\u00e9quents, surtout dans les foules de d\u00e9mons peuplant les enfers ou assistant au jugement dernier. Rares cependant sont ceux arborant une longue corne de licorne, et plus encore ceux portant des bois de cerf, autre animal christique. <\/p>\n\n\n\n<div class=\"wp-block-jetpack-slideshow aligncenter\" data-effect=\"slide\"><div class=\"wp-block-jetpack-slideshow_container swiper\"><ul class=\"wp-block-jetpack-slideshow_swiper-wrapper swiper-wrapper\"><li class=\"wp-block-jetpack-slideshow_slide swiper-slide\"><figure><img loading=\"lazy\" decoding=\"async\" width=\"879\" height=\"1117\" alt=\"\" class=\"wp-block-jetpack-slideshow_image wp-image-3007\" data-id=\"3007\" src=\"https:\/\/faidutti.com\/blog\/licornes\/wp-content\/uploads\/sites\/2\/2021\/09\/Maitre-ES-Ars-moriendi-circa-1460.jpg\" srcset=\"https:\/\/faidutti.com\/blog\/licornes\/wp-content\/uploads\/sites\/2\/2021\/09\/Maitre-ES-Ars-moriendi-circa-1460.jpg 879w, https:\/\/faidutti.com\/blog\/licornes\/wp-content\/uploads\/sites\/2\/2021\/09\/Maitre-ES-Ars-moriendi-circa-1460-236x300.jpg 236w, https:\/\/faidutti.com\/blog\/licornes\/wp-content\/uploads\/sites\/2\/2021\/09\/Maitre-ES-Ars-moriendi-circa-1460-768x976.jpg 768w\" sizes=\"(max-width: 879px) 100vw, 879px\" \/><figcaption class=\"wp-block-jetpack-slideshow_caption gallery-caption\">Maitre E.S., <i>Ars moriendi<\/i>, circa 1460.<\/figcaption><\/figure><\/li><li class=\"wp-block-jetpack-slideshow_slide swiper-slide\"><figure><img loading=\"lazy\" decoding=\"async\" width=\"1474\" height=\"2048\" alt=\"\" class=\"wp-block-jetpack-slideshow_image wp-image-2485\" data-id=\"2485\" src=\"https:\/\/faidutti.com\/blog\/licornes\/wp-content\/uploads\/sites\/2\/2021\/05\/Ars-Moriendi-circa-1470-1474x2048.jpg\" srcset=\"https:\/\/faidutti.com\/blog\/licornes\/wp-content\/uploads\/sites\/2\/2021\/05\/Ars-Moriendi-circa-1470-1474x2048.jpg 1474w, https:\/\/faidutti.com\/blog\/licornes\/wp-content\/uploads\/sites\/2\/2021\/05\/Ars-Moriendi-circa-1470-216x300.jpg 216w, https:\/\/faidutti.com\/blog\/licornes\/wp-content\/uploads\/sites\/2\/2021\/05\/Ars-Moriendi-circa-1470-768x1067.jpg 768w, https:\/\/faidutti.com\/blog\/licornes\/wp-content\/uploads\/sites\/2\/2021\/05\/Ars-Moriendi-circa-1470-1106x1536.jpg 1106w, https:\/\/faidutti.com\/blog\/licornes\/wp-content\/uploads\/sites\/2\/2021\/05\/Ars-Moriendi-circa-1470.jpg 1665w\" sizes=\"(max-width: 1474px) 100vw, 1474px\" \/><figcaption class=\"wp-block-jetpack-slideshow_caption gallery-caption\"><i>Ars Moriendi<\/i>, circa 1470<\/figcaption><\/figure><\/li><li class=\"wp-block-jetpack-slideshow_slide swiper-slide\"><figure><img loading=\"lazy\" decoding=\"async\" width=\"1983\" height=\"2048\" alt=\"\" class=\"wp-block-jetpack-slideshow_image wp-image-2487\" data-id=\"2487\" src=\"https:\/\/faidutti.com\/blog\/licornes\/wp-content\/uploads\/sites\/2\/2021\/05\/BN-ms-fr-449-fol-13r-Robert-Blondel-Des-douze-perils-denfer-circa-1480--1983x2048.jpg\" srcset=\"https:\/\/faidutti.com\/blog\/licornes\/wp-content\/uploads\/sites\/2\/2021\/05\/BN-ms-fr-449-fol-13r-Robert-Blondel-Des-douze-perils-denfer-circa-1480--1983x2048.jpg 1983w, https:\/\/faidutti.com\/blog\/licornes\/wp-content\/uploads\/sites\/2\/2021\/05\/BN-ms-fr-449-fol-13r-Robert-Blondel-Des-douze-perils-denfer-circa-1480--290x300.jpg 290w, https:\/\/faidutti.com\/blog\/licornes\/wp-content\/uploads\/sites\/2\/2021\/05\/BN-ms-fr-449-fol-13r-Robert-Blondel-Des-douze-perils-denfer-circa-1480--768x793.jpg 768w, https:\/\/faidutti.com\/blog\/licornes\/wp-content\/uploads\/sites\/2\/2021\/05\/BN-ms-fr-449-fol-13r-Robert-Blondel-Des-douze-perils-denfer-circa-1480--1487x1536.jpg 1487w\" sizes=\"(max-width: 1983px) 100vw, 1983px\" \/><figcaption class=\"wp-block-jetpack-slideshow_caption gallery-caption\">Robert Blondel, <i>Le livre des douze p\u00e9rils d&#8217;enfer<\/i>, circa 1480.<br \/>\nBNF, ms fr 449, fol 13r.<\/figcaption><\/figure><\/li><li class=\"wp-block-jetpack-slideshow_slide swiper-slide\"><figure><img loading=\"lazy\" decoding=\"async\" width=\"884\" height=\"768\" alt=\"\" class=\"wp-block-jetpack-slideshow_image wp-image-2486\" data-id=\"2486\" src=\"https:\/\/faidutti.com\/blog\/licornes\/wp-content\/uploads\/sites\/2\/2021\/05\/BN-ms-fr-449-fol-13r-detail-Robert-Blondel-Des-douze-perils-denfer-circa-1480-.jpg\" srcset=\"https:\/\/faidutti.com\/blog\/licornes\/wp-content\/uploads\/sites\/2\/2021\/05\/BN-ms-fr-449-fol-13r-detail-Robert-Blondel-Des-douze-perils-denfer-circa-1480-.jpg 884w, https:\/\/faidutti.com\/blog\/licornes\/wp-content\/uploads\/sites\/2\/2021\/05\/BN-ms-fr-449-fol-13r-detail-Robert-Blondel-Des-douze-perils-denfer-circa-1480--300x261.jpg 300w, https:\/\/faidutti.com\/blog\/licornes\/wp-content\/uploads\/sites\/2\/2021\/05\/BN-ms-fr-449-fol-13r-detail-Robert-Blondel-Des-douze-perils-denfer-circa-1480--768x667.jpg 768w, https:\/\/faidutti.com\/blog\/licornes\/wp-content\/uploads\/sites\/2\/2021\/05\/BN-ms-fr-449-fol-13r-detail-Robert-Blondel-Des-douze-perils-denfer-circa-1480--345x300.jpg 345w\" sizes=\"(max-width: 884px) 100vw, 884px\" \/><figcaption class=\"wp-block-jetpack-slideshow_caption gallery-caption\">Robert Blondel, <i>Le livre des douze p\u00e9rils d&#8217;enfer<\/i>, circa 1480.<br \/>\nBNF, ms fr 449, fol 13r.<\/figcaption><\/figure><\/li><li class=\"wp-block-jetpack-slideshow_slide swiper-slide\"><figure><img loading=\"lazy\" decoding=\"async\" width=\"1423\" height=\"2048\" alt=\"\" class=\"wp-block-jetpack-slideshow_image wp-image-2491\" data-id=\"2491\" src=\"https:\/\/faidutti.com\/blog\/licornes\/wp-content\/uploads\/sites\/2\/2021\/05\/Macon-ms-01-fol-289-Saint-Augustin-Cite-de-Dieu-circa-1480-1423x2048.jpg\" srcset=\"https:\/\/faidutti.com\/blog\/licornes\/wp-content\/uploads\/sites\/2\/2021\/05\/Macon-ms-01-fol-289-Saint-Augustin-Cite-de-Dieu-circa-1480-1423x2048.jpg 1423w, https:\/\/faidutti.com\/blog\/licornes\/wp-content\/uploads\/sites\/2\/2021\/05\/Macon-ms-01-fol-289-Saint-Augustin-Cite-de-Dieu-circa-1480-208x300.jpg 208w, https:\/\/faidutti.com\/blog\/licornes\/wp-content\/uploads\/sites\/2\/2021\/05\/Macon-ms-01-fol-289-Saint-Augustin-Cite-de-Dieu-circa-1480-768x1106.jpg 768w, https:\/\/faidutti.com\/blog\/licornes\/wp-content\/uploads\/sites\/2\/2021\/05\/Macon-ms-01-fol-289-Saint-Augustin-Cite-de-Dieu-circa-1480-1067x1536.jpg 1067w, https:\/\/faidutti.com\/blog\/licornes\/wp-content\/uploads\/sites\/2\/2021\/05\/Macon-ms-01-fol-289-Saint-Augustin-Cite-de-Dieu-circa-1480-scaled.jpg 1778w\" sizes=\"(max-width: 1423px) 100vw, 1423px\" \/><figcaption class=\"wp-block-jetpack-slideshow_caption gallery-caption\">Saint Augustin, <i>La Cit\u00e9 de Dieu<\/i>, circa 1480.<br \/>\nBiblioth\u00e8que de M\u00e2con, ms 01, fol 289r.<\/figcaption><\/figure><\/li><li class=\"wp-block-jetpack-slideshow_slide swiper-slide\"><figure><img loading=\"lazy\" decoding=\"async\" width=\"2048\" height=\"2016\" alt=\"\" class=\"wp-block-jetpack-slideshow_image wp-image-2490\" data-id=\"2490\" src=\"https:\/\/faidutti.com\/blog\/licornes\/wp-content\/uploads\/sites\/2\/2021\/05\/Macon-ms-01-fol-289-detail-Saint-Augustin-Cite-de-Dieu-circa-1480-2048x2016.jpg\" srcset=\"https:\/\/faidutti.com\/blog\/licornes\/wp-content\/uploads\/sites\/2\/2021\/05\/Macon-ms-01-fol-289-detail-Saint-Augustin-Cite-de-Dieu-circa-1480-2048x2016.jpg 2048w, https:\/\/faidutti.com\/blog\/licornes\/wp-content\/uploads\/sites\/2\/2021\/05\/Macon-ms-01-fol-289-detail-Saint-Augustin-Cite-de-Dieu-circa-1480-300x295.jpg 300w, https:\/\/faidutti.com\/blog\/licornes\/wp-content\/uploads\/sites\/2\/2021\/05\/Macon-ms-01-fol-289-detail-Saint-Augustin-Cite-de-Dieu-circa-1480-768x756.jpg 768w, https:\/\/faidutti.com\/blog\/licornes\/wp-content\/uploads\/sites\/2\/2021\/05\/Macon-ms-01-fol-289-detail-Saint-Augustin-Cite-de-Dieu-circa-1480-1536x1512.jpg 1536w, https:\/\/faidutti.com\/blog\/licornes\/wp-content\/uploads\/sites\/2\/2021\/05\/Macon-ms-01-fol-289-detail-Saint-Augustin-Cite-de-Dieu-circa-1480-305x300.jpg 305w\" sizes=\"(max-width: 2048px) 100vw, 2048px\" \/><figcaption class=\"wp-block-jetpack-slideshow_caption gallery-caption\">Saint Augustin, <i>La Cit\u00e9 de Dieu<\/i>, circa 1480.<br \/>\nBiblioth\u00e8que de M\u00e2con, ms 01, fol 289r.<\/figcaption><\/figure><\/li><li class=\"wp-block-jetpack-slideshow_slide swiper-slide\"><figure><img loading=\"lazy\" decoding=\"async\" width=\"1403\" height=\"2048\" alt=\"\" class=\"wp-block-jetpack-slideshow_image wp-image-2489\" data-id=\"2489\" src=\"https:\/\/faidutti.com\/blog\/licornes\/wp-content\/uploads\/sites\/2\/2021\/05\/Macon-ms-01-fol-260-Saint-Augustin-Cite-de-Dieu-circa-1480-1403x2048.jpg\" srcset=\"https:\/\/faidutti.com\/blog\/licornes\/wp-content\/uploads\/sites\/2\/2021\/05\/Macon-ms-01-fol-260-Saint-Augustin-Cite-de-Dieu-circa-1480-1403x2048.jpg 1403w, https:\/\/faidutti.com\/blog\/licornes\/wp-content\/uploads\/sites\/2\/2021\/05\/Macon-ms-01-fol-260-Saint-Augustin-Cite-de-Dieu-circa-1480-206x300.jpg 206w, https:\/\/faidutti.com\/blog\/licornes\/wp-content\/uploads\/sites\/2\/2021\/05\/Macon-ms-01-fol-260-Saint-Augustin-Cite-de-Dieu-circa-1480-768x1121.jpg 768w, https:\/\/faidutti.com\/blog\/licornes\/wp-content\/uploads\/sites\/2\/2021\/05\/Macon-ms-01-fol-260-Saint-Augustin-Cite-de-Dieu-circa-1480-1052x1536.jpg 1052w, https:\/\/faidutti.com\/blog\/licornes\/wp-content\/uploads\/sites\/2\/2021\/05\/Macon-ms-01-fol-260-Saint-Augustin-Cite-de-Dieu-circa-1480-scaled.jpg 1754w\" sizes=\"(max-width: 1403px) 100vw, 1403px\" \/><figcaption class=\"wp-block-jetpack-slideshow_caption gallery-caption\">Saint Augustin, <i>La Cit\u00e9 de Dieu<\/i>, circa 1480.<br \/>\nBiblioth\u00e8que de M\u00e2con, ms 01, fol 260r.<\/figcaption><\/figure><\/li><li class=\"wp-block-jetpack-slideshow_slide swiper-slide\"><figure><img loading=\"lazy\" decoding=\"async\" width=\"1671\" height=\"2048\" alt=\"\" class=\"wp-block-jetpack-slideshow_image wp-image-2488\" data-id=\"2488\" src=\"https:\/\/faidutti.com\/blog\/licornes\/wp-content\/uploads\/sites\/2\/2021\/05\/Macon-ms-01-fol-260-detail-Saint-Augustin-Cite-de-Dieu-circa-1480-1671x2048.jpg\" srcset=\"https:\/\/faidutti.com\/blog\/licornes\/wp-content\/uploads\/sites\/2\/2021\/05\/Macon-ms-01-fol-260-detail-Saint-Augustin-Cite-de-Dieu-circa-1480-1671x2048.jpg 1671w, https:\/\/faidutti.com\/blog\/licornes\/wp-content\/uploads\/sites\/2\/2021\/05\/Macon-ms-01-fol-260-detail-Saint-Augustin-Cite-de-Dieu-circa-1480-245x300.jpg 245w, https:\/\/faidutti.com\/blog\/licornes\/wp-content\/uploads\/sites\/2\/2021\/05\/Macon-ms-01-fol-260-detail-Saint-Augustin-Cite-de-Dieu-circa-1480-768x942.jpg 768w, https:\/\/faidutti.com\/blog\/licornes\/wp-content\/uploads\/sites\/2\/2021\/05\/Macon-ms-01-fol-260-detail-Saint-Augustin-Cite-de-Dieu-circa-1480-1253x1536.jpg 1253w\" sizes=\"(max-width: 1671px) 100vw, 1671px\" \/><figcaption class=\"wp-block-jetpack-slideshow_caption gallery-caption\">Saint Augustin, <i>La Cit\u00e9 de Dieu<\/i>, circa 1480.<br \/>\nBiblioth\u00e8que de M\u00e2con, ms 01, fol 260r.<\/figcaption><\/figure><\/li><li class=\"wp-block-jetpack-slideshow_slide swiper-slide\"><figure><img loading=\"lazy\" decoding=\"async\" width=\"2014\" height=\"2048\" alt=\"\" class=\"wp-block-jetpack-slideshow_image wp-image-4480\" data-id=\"4480\" src=\"https:\/\/faidutti.com\/blog\/licornes\/wp-content\/uploads\/sites\/2\/2021\/05\/Conrad-Bote-Cronecken-der-Sassen-Mainz-1492-2014x2048.jpg\" srcset=\"https:\/\/faidutti.com\/blog\/licornes\/wp-content\/uploads\/sites\/2\/2021\/05\/Conrad-Bote-Cronecken-der-Sassen-Mainz-1492-2014x2048.jpg 2014w, https:\/\/faidutti.com\/blog\/licornes\/wp-content\/uploads\/sites\/2\/2021\/05\/Conrad-Bote-Cronecken-der-Sassen-Mainz-1492-295x300.jpg 295w, https:\/\/faidutti.com\/blog\/licornes\/wp-content\/uploads\/sites\/2\/2021\/05\/Conrad-Bote-Cronecken-der-Sassen-Mainz-1492-768x781.jpg 768w, https:\/\/faidutti.com\/blog\/licornes\/wp-content\/uploads\/sites\/2\/2021\/05\/Conrad-Bote-Cronecken-der-Sassen-Mainz-1492-1510x1536.jpg 1510w\" sizes=\"(max-width: 2014px) 100vw, 2014px\" \/><figcaption class=\"wp-block-jetpack-slideshow_caption gallery-caption\">Conrad Bote, <i>Cronecken der Sassen,<\/i>, Mainz, 1492.<\/figcaption><\/figure><\/li><li class=\"wp-block-jetpack-slideshow_slide swiper-slide\"><figure><img loading=\"lazy\" decoding=\"async\" width=\"1416\" height=\"1232\" alt=\"\" class=\"wp-block-jetpack-slideshow_image wp-image-4481\" data-id=\"4481\" src=\"https:\/\/faidutti.com\/blog\/licornes\/wp-content\/uploads\/sites\/2\/2021\/05\/Conrad-Bote-Cronecken-der-Sassen-Mainz-1492-copie.jpg\" srcset=\"https:\/\/faidutti.com\/blog\/licornes\/wp-content\/uploads\/sites\/2\/2021\/05\/Conrad-Bote-Cronecken-der-Sassen-Mainz-1492-copie.jpg 1416w, https:\/\/faidutti.com\/blog\/licornes\/wp-content\/uploads\/sites\/2\/2021\/05\/Conrad-Bote-Cronecken-der-Sassen-Mainz-1492-copie-300x261.jpg 300w, https:\/\/faidutti.com\/blog\/licornes\/wp-content\/uploads\/sites\/2\/2021\/05\/Conrad-Bote-Cronecken-der-Sassen-Mainz-1492-copie-768x668.jpg 768w, https:\/\/faidutti.com\/blog\/licornes\/wp-content\/uploads\/sites\/2\/2021\/05\/Conrad-Bote-Cronecken-der-Sassen-Mainz-1492-copie-345x300.jpg 345w\" sizes=\"(max-width: 1416px) 100vw, 1416px\" \/><\/figure><\/li><\/ul><a class=\"wp-block-jetpack-slideshow_button-prev swiper-button-prev swiper-button-white\" role=\"button\"><\/a><a class=\"wp-block-jetpack-slideshow_button-next swiper-button-next swiper-button-white\" role=\"button\"><\/a><a aria-label=\"Pause Slideshow\" class=\"wp-block-jetpack-slideshow_button-pause\" role=\"button\"><\/a><div class=\"wp-block-jetpack-slideshow_pagination swiper-pagination swiper-pagination-white\"><\/div><\/div><\/div>\n\n\n\n<p>Ni l\u2019aspect, ni le sens de beaucoup de cornes uniques ne sont en effet diff\u00e9rents de celles des cornes doubles. Elles illustrent le vice, sauvagerie, la \u00ab&nbsp;mauvaiset\u00e9&nbsp;\u00bb comme l\u2019on disait alors, mais surtout la force physique et l\u2019animalit\u00e9 des d\u00e9mons, qui ont, greff\u00e9s sur leurs silhouettes humaines, bien des caract\u00e9ristiques animales.<\/p>\n\n\n\n<div class=\"wp-block-jetpack-slideshow aligncenter\" data-effect=\"slide\"><div class=\"wp-block-jetpack-slideshow_container swiper\"><ul class=\"wp-block-jetpack-slideshow_swiper-wrapper swiper-wrapper\"><li class=\"wp-block-jetpack-slideshow_slide swiper-slide\"><figure><img loading=\"lazy\" decoding=\"async\" width=\"1451\" height=\"999\" alt=\"\" class=\"wp-block-jetpack-slideshow_image wp-image-2472\" data-id=\"2472\" src=\"https:\/\/faidutti.com\/blog\/licornes\/wp-content\/uploads\/sites\/2\/2021\/08\/Le-miroir-de-la-vie-humaine.jpg\" srcset=\"https:\/\/faidutti.com\/blog\/licornes\/wp-content\/uploads\/sites\/2\/2021\/08\/Le-miroir-de-la-vie-humaine.jpg 1451w, https:\/\/faidutti.com\/blog\/licornes\/wp-content\/uploads\/sites\/2\/2021\/08\/Le-miroir-de-la-vie-humaine-300x207.jpg 300w, https:\/\/faidutti.com\/blog\/licornes\/wp-content\/uploads\/sites\/2\/2021\/08\/Le-miroir-de-la-vie-humaine-768x529.jpg 768w, https:\/\/faidutti.com\/blog\/licornes\/wp-content\/uploads\/sites\/2\/2021\/08\/Le-miroir-de-la-vie-humaine-436x300.jpg 436w\" sizes=\"(max-width: 1451px) 100vw, 1451px\" \/><figcaption class=\"wp-block-jetpack-slideshow_caption gallery-caption\">Les d\u00e9mons sont souvent repr\u00e9sent\u00e9s glissant de mauvais conseils \u00e0 l\u2019oreille de leur victime.<br \/>\n<i>Le Miroir de la vie humaine, <\/i>1482. <br \/>BNF, Livres rares R.s R.515          \n<\/figcaption><\/figure><\/li><li class=\"wp-block-jetpack-slideshow_slide swiper-slide\"><figure><img loading=\"lazy\" decoding=\"async\" width=\"1981\" height=\"1403\" alt=\"\" class=\"wp-block-jetpack-slideshow_image wp-image-2473\" data-id=\"2473\" src=\"https:\/\/faidutti.com\/blog\/licornes\/wp-content\/uploads\/sites\/2\/2021\/08\/Sebastian-Brant-Esopi-appologi-sive-mythologi-cum-quibusdam-carminum-et-fabularum-additionibus.jpg\" srcset=\"https:\/\/faidutti.com\/blog\/licornes\/wp-content\/uploads\/sites\/2\/2021\/08\/Sebastian-Brant-Esopi-appologi-sive-mythologi-cum-quibusdam-carminum-et-fabularum-additionibus.jpg 1981w, https:\/\/faidutti.com\/blog\/licornes\/wp-content\/uploads\/sites\/2\/2021\/08\/Sebastian-Brant-Esopi-appologi-sive-mythologi-cum-quibusdam-carminum-et-fabularum-additionibus-300x212.jpg 300w, https:\/\/faidutti.com\/blog\/licornes\/wp-content\/uploads\/sites\/2\/2021\/08\/Sebastian-Brant-Esopi-appologi-sive-mythologi-cum-quibusdam-carminum-et-fabularum-additionibus-768x544.jpg 768w, https:\/\/faidutti.com\/blog\/licornes\/wp-content\/uploads\/sites\/2\/2021\/08\/Sebastian-Brant-Esopi-appologi-sive-mythologi-cum-quibusdam-carminum-et-fabularum-additionibus-1536x1088.jpg 1536w, https:\/\/faidutti.com\/blog\/licornes\/wp-content\/uploads\/sites\/2\/2021\/08\/Sebastian-Brant-Esopi-appologi-sive-mythologi-cum-quibusdam-carminum-et-fabularum-additionibus-424x300.jpg 424w\" sizes=\"(max-width: 1981px) 100vw, 1981px\" \/><figcaption class=\"wp-block-jetpack-slideshow_caption gallery-caption\">Sebastian Brant, <i>Esopi appologi sive mythologi, <\/i>1501.<br \/>\nBiblioth\u00e8que de l&#8217;Arsenal, R\u00e9serve 4-BL-4182\n<\/figcaption><\/figure><\/li><li class=\"wp-block-jetpack-slideshow_slide swiper-slide\"><figure><img loading=\"lazy\" decoding=\"async\" width=\"2048\" height=\"1098\" alt=\"\" class=\"wp-block-jetpack-slideshow_image wp-image-5763\" data-id=\"5763\" src=\"https:\/\/faidutti.com\/blog\/licornes\/wp-content\/uploads\/sites\/2\/2022\/03\/Leiden-ms-VGG-F-3-A-fol-345r-Vincent-de-Beauvais-Miroir-Historial-circa-1340-2048x1098.jpg\" srcset=\"https:\/\/faidutti.com\/blog\/licornes\/wp-content\/uploads\/sites\/2\/2022\/03\/Leiden-ms-VGG-F-3-A-fol-345r-Vincent-de-Beauvais-Miroir-Historial-circa-1340-2048x1098.jpg 2048w, https:\/\/faidutti.com\/blog\/licornes\/wp-content\/uploads\/sites\/2\/2022\/03\/Leiden-ms-VGG-F-3-A-fol-345r-Vincent-de-Beauvais-Miroir-Historial-circa-1340-300x161.jpg 300w, https:\/\/faidutti.com\/blog\/licornes\/wp-content\/uploads\/sites\/2\/2022\/03\/Leiden-ms-VGG-F-3-A-fol-345r-Vincent-de-Beauvais-Miroir-Historial-circa-1340-768x412.jpg 768w, https:\/\/faidutti.com\/blog\/licornes\/wp-content\/uploads\/sites\/2\/2022\/03\/Leiden-ms-VGG-F-3-A-fol-345r-Vincent-de-Beauvais-Miroir-Historial-circa-1340-1536x823.jpg 1536w, https:\/\/faidutti.com\/blog\/licornes\/wp-content\/uploads\/sites\/2\/2022\/03\/Leiden-ms-VGG-F-3-A-fol-345r-Vincent-de-Beauvais-Miroir-Historial-circa-1340-500x268.jpg 500w\" sizes=\"(max-width: 2048px) 100vw, 2048px\" \/><figcaption class=\"wp-block-jetpack-slideshow_caption gallery-caption\">Vincent de Beauvais, <i>Miroir Historial<\/i>, circa 1340.<br \/>\nLeiden, UB, ms VGG F 3 A, fol 345r.<\/figcaption><\/figure><\/li><li class=\"wp-block-jetpack-slideshow_slide swiper-slide\"><figure><img loading=\"lazy\" decoding=\"async\" width=\"2048\" height=\"1757\" alt=\"\" class=\"wp-block-jetpack-slideshow_image wp-image-2591\" data-id=\"2591\" src=\"https:\/\/faidutti.com\/blog\/licornes\/wp-content\/uploads\/sites\/2\/2021\/08\/23a-Getty-Museum-prayer-book-of-Cardinal-Albrecht-of-Brandenburg-circa-1530-detail-2048x1757.jpg\" srcset=\"https:\/\/faidutti.com\/blog\/licornes\/wp-content\/uploads\/sites\/2\/2021\/08\/23a-Getty-Museum-prayer-book-of-Cardinal-Albrecht-of-Brandenburg-circa-1530-detail-2048x1757.jpg 2048w, https:\/\/faidutti.com\/blog\/licornes\/wp-content\/uploads\/sites\/2\/2021\/08\/23a-Getty-Museum-prayer-book-of-Cardinal-Albrecht-of-Brandenburg-circa-1530-detail-300x257.jpg 300w, https:\/\/faidutti.com\/blog\/licornes\/wp-content\/uploads\/sites\/2\/2021\/08\/23a-Getty-Museum-prayer-book-of-Cardinal-Albrecht-of-Brandenburg-circa-1530-detail-768x659.jpg 768w, https:\/\/faidutti.com\/blog\/licornes\/wp-content\/uploads\/sites\/2\/2021\/08\/23a-Getty-Museum-prayer-book-of-Cardinal-Albrecht-of-Brandenburg-circa-1530-detail-1536x1318.jpg 1536w, https:\/\/faidutti.com\/blog\/licornes\/wp-content\/uploads\/sites\/2\/2021\/08\/23a-Getty-Museum-prayer-book-of-Cardinal-Albrecht-of-Brandenburg-circa-1530-detail-350x300.jpg 350w\" sizes=\"(max-width: 2048px) 100vw, 2048px\" \/><figcaption class=\"wp-block-jetpack-slideshow_caption gallery-caption\">Job tourment\u00e9 par les d\u00e9mons et moqu\u00e9 par sa femme, circa 1530.<br \/>\nLos Angeles, Paul Getty Museum, ms Ludwig IX 19, fol 155r.<\/figcaption><\/figure><\/li><\/ul><a class=\"wp-block-jetpack-slideshow_button-prev swiper-button-prev swiper-button-white\" role=\"button\"><\/a><a class=\"wp-block-jetpack-slideshow_button-next swiper-button-next swiper-button-white\" role=\"button\"><\/a><a aria-label=\"Pause Slideshow\" class=\"wp-block-jetpack-slideshow_button-pause\" role=\"button\"><\/a><div class=\"wp-block-jetpack-slideshow_pagination swiper-pagination swiper-pagination-white\"><\/div><\/div><\/div>\n\n\n\n<p>Lorsque la corne est incurv\u00e9e vers l\u2019avant et vers le bas, ce qui n\u2019est jamais le cas dans la nature, comme si apr\u00e8s s\u2019\u00eatre projet\u00e9e vers le ciel elle allait retomber sur la terre, les cr\u00e9atures n\u2019en ont l\u2019air que plus chthoniennes et infernales. Albrecht D\u00fcrer a utilis\u00e9 ce proc\u00e9d\u00e9 sur des d\u00e9mons unicornes, mais aussi sur de plus classiques licornes, comme dans l\u2019enl\u00e8vement de Proserpine, pour leur donner un aspect mal\u00e9fique.<\/p>\n\n\n\n<div class=\"wp-block-jetpack-slideshow aligncenter\" data-effect=\"slide\"><div class=\"wp-block-jetpack-slideshow_container swiper\"><ul class=\"wp-block-jetpack-slideshow_swiper-wrapper swiper-wrapper\"><li class=\"wp-block-jetpack-slideshow_slide swiper-slide\"><figure><img loading=\"lazy\" decoding=\"async\" width=\"1608\" height=\"2048\" alt=\"\" class=\"wp-block-jetpack-slideshow_image wp-image-2440\" data-id=\"2440\" src=\"https:\/\/faidutti.com\/blog\/licornes\/wp-content\/uploads\/sites\/2\/2021\/05\/Durer-Le-Chevalier-la-mort-le-diable-1608x2048.jpg\" srcset=\"https:\/\/faidutti.com\/blog\/licornes\/wp-content\/uploads\/sites\/2\/2021\/05\/Durer-Le-Chevalier-la-mort-le-diable-1608x2048.jpg 1608w, https:\/\/faidutti.com\/blog\/licornes\/wp-content\/uploads\/sites\/2\/2021\/05\/Durer-Le-Chevalier-la-mort-le-diable-236x300.jpg 236w, https:\/\/faidutti.com\/blog\/licornes\/wp-content\/uploads\/sites\/2\/2021\/05\/Durer-Le-Chevalier-la-mort-le-diable-768x978.jpg 768w, https:\/\/faidutti.com\/blog\/licornes\/wp-content\/uploads\/sites\/2\/2021\/05\/Durer-Le-Chevalier-la-mort-le-diable-1206x1536.jpg 1206w, https:\/\/faidutti.com\/blog\/licornes\/wp-content\/uploads\/sites\/2\/2021\/05\/Durer-Le-Chevalier-la-mort-le-diable-scaled.jpg 2010w\" sizes=\"(max-width: 1608px) 100vw, 1608px\" \/><figcaption class=\"wp-block-jetpack-slideshow_caption gallery-caption\">Albrecht D\u00fcrer, <i>Le chevalier, la mort, le diable, <\/i>1513.<\/figcaption><\/figure><\/li><li class=\"wp-block-jetpack-slideshow_slide swiper-slide\"><figure><img loading=\"lazy\" decoding=\"async\" width=\"2048\" height=\"1493\" alt=\"\" class=\"wp-block-jetpack-slideshow_image wp-image-7989\" data-id=\"7989\" src=\"https:\/\/faidutti.com\/blog\/licornes\/wp-content\/uploads\/sites\/2\/2022\/03\/Heinrich-Aldegrever-lhomme-riche-arrive-en-enfer-1554-2048x1493.jpg\" srcset=\"https:\/\/faidutti.com\/blog\/licornes\/wp-content\/uploads\/sites\/2\/2022\/03\/Heinrich-Aldegrever-lhomme-riche-arrive-en-enfer-1554-2048x1493.jpg 2048w, https:\/\/faidutti.com\/blog\/licornes\/wp-content\/uploads\/sites\/2\/2022\/03\/Heinrich-Aldegrever-lhomme-riche-arrive-en-enfer-1554-300x219.jpg 300w, https:\/\/faidutti.com\/blog\/licornes\/wp-content\/uploads\/sites\/2\/2022\/03\/Heinrich-Aldegrever-lhomme-riche-arrive-en-enfer-1554-768x560.jpg 768w, https:\/\/faidutti.com\/blog\/licornes\/wp-content\/uploads\/sites\/2\/2022\/03\/Heinrich-Aldegrever-lhomme-riche-arrive-en-enfer-1554-1536x1120.jpg 1536w, https:\/\/faidutti.com\/blog\/licornes\/wp-content\/uploads\/sites\/2\/2022\/03\/Heinrich-Aldegrever-lhomme-riche-arrive-en-enfer-1554-412x300.jpg 412w\" sizes=\"(max-width: 2048px) 100vw, 2048px\" \/><figcaption class=\"wp-block-jetpack-slideshow_caption gallery-caption\">Heinrich Aldegrever, <i>L&#8217;homme riche arrive en enfer<\/i>, 1564.<\/figcaption><\/figure><\/li><li class=\"wp-block-jetpack-slideshow_slide swiper-slide\"><figure><img loading=\"lazy\" decoding=\"async\" width=\"1423\" height=\"2048\" alt=\"\" class=\"wp-block-jetpack-slideshow_image wp-image-2439\" data-id=\"2439\" src=\"https:\/\/faidutti.com\/blog\/licornes\/wp-content\/uploads\/sites\/2\/2021\/05\/Durer-Proserpine-et-Pluton-1423x2048-1.jpg\" srcset=\"https:\/\/faidutti.com\/blog\/licornes\/wp-content\/uploads\/sites\/2\/2021\/05\/Durer-Proserpine-et-Pluton-1423x2048-1.jpg 1423w, https:\/\/faidutti.com\/blog\/licornes\/wp-content\/uploads\/sites\/2\/2021\/05\/Durer-Proserpine-et-Pluton-1423x2048-1-208x300.jpg 208w, https:\/\/faidutti.com\/blog\/licornes\/wp-content\/uploads\/sites\/2\/2021\/05\/Durer-Proserpine-et-Pluton-1423x2048-1-768x1105.jpg 768w, https:\/\/faidutti.com\/blog\/licornes\/wp-content\/uploads\/sites\/2\/2021\/05\/Durer-Proserpine-et-Pluton-1423x2048-1-1067x1536.jpg 1067w\" sizes=\"(max-width: 1423px) 100vw, 1423px\" \/><figcaption class=\"wp-block-jetpack-slideshow_caption gallery-caption\">Albrecht D\u00fcrer, <i>Le rapt de Proserpine par Pluton<\/i>, 1516.\n<\/figcaption><\/figure><\/li><li class=\"wp-block-jetpack-slideshow_slide swiper-slide\"><figure><img loading=\"lazy\" decoding=\"async\" width=\"1467\" height=\"2048\" alt=\"\" class=\"wp-block-jetpack-slideshow_image wp-image-2441\" data-id=\"2441\" src=\"https:\/\/faidutti.com\/blog\/licornes\/wp-content\/uploads\/sites\/2\/2021\/05\/Durer-Le-christ-aux-limbes-1467x2048.jpg\" srcset=\"https:\/\/faidutti.com\/blog\/licornes\/wp-content\/uploads\/sites\/2\/2021\/05\/Durer-Le-christ-aux-limbes-1467x2048.jpg 1467w, https:\/\/faidutti.com\/blog\/licornes\/wp-content\/uploads\/sites\/2\/2021\/05\/Durer-Le-christ-aux-limbes-215x300.jpg 215w, https:\/\/faidutti.com\/blog\/licornes\/wp-content\/uploads\/sites\/2\/2021\/05\/Durer-Le-christ-aux-limbes-768x1072.jpg 768w, https:\/\/faidutti.com\/blog\/licornes\/wp-content\/uploads\/sites\/2\/2021\/05\/Durer-Le-christ-aux-limbes-1100x1536.jpg 1100w, https:\/\/faidutti.com\/blog\/licornes\/wp-content\/uploads\/sites\/2\/2021\/05\/Durer-Le-christ-aux-limbes-scaled.jpg 1834w\" sizes=\"(max-width: 1467px) 100vw, 1467px\" \/><figcaption class=\"wp-block-jetpack-slideshow_caption gallery-caption\">Albrecht D\u00fcrer, <i>Le Christ aux Limbes,<\/i> 1512.<\/figcaption><\/figure><\/li><li class=\"wp-block-jetpack-slideshow_slide swiper-slide\"><figure><img loading=\"lazy\" decoding=\"async\" width=\"1572\" height=\"2048\" alt=\"\" class=\"wp-block-jetpack-slideshow_image wp-image-2438\" data-id=\"2438\" src=\"https:\/\/faidutti.com\/blog\/licornes\/wp-content\/uploads\/sites\/2\/2021\/05\/Durer-monstre-marin-1572x2048-1.jpg\" srcset=\"https:\/\/faidutti.com\/blog\/licornes\/wp-content\/uploads\/sites\/2\/2021\/05\/Durer-monstre-marin-1572x2048-1.jpg 1572w, https:\/\/faidutti.com\/blog\/licornes\/wp-content\/uploads\/sites\/2\/2021\/05\/Durer-monstre-marin-1572x2048-1-230x300.jpg 230w, https:\/\/faidutti.com\/blog\/licornes\/wp-content\/uploads\/sites\/2\/2021\/05\/Durer-monstre-marin-1572x2048-1-768x1001.jpg 768w, https:\/\/faidutti.com\/blog\/licornes\/wp-content\/uploads\/sites\/2\/2021\/05\/Durer-monstre-marin-1572x2048-1-1179x1536.jpg 1179w\" sizes=\"(max-width: 1572px) 100vw, 1572px\" \/><figcaption class=\"wp-block-jetpack-slideshow_caption gallery-caption\">Albrecht D\u00fcrer, <i>Le monstre marin<\/i>, circa 1510.<\/figcaption><\/figure><\/li><li class=\"wp-block-jetpack-slideshow_slide swiper-slide\"><figure><img loading=\"lazy\" decoding=\"async\" width=\"1711\" height=\"2048\" alt=\"\" class=\"wp-block-jetpack-slideshow_image wp-image-2442\" data-id=\"2442\" src=\"https:\/\/faidutti.com\/blog\/licornes\/wp-content\/uploads\/sites\/2\/2021\/05\/Le-grant-kalendrier-et-compost-des-bergiers-1503-supplice-des-orgueilleux-1711x2048.jpg\" srcset=\"https:\/\/faidutti.com\/blog\/licornes\/wp-content\/uploads\/sites\/2\/2021\/05\/Le-grant-kalendrier-et-compost-des-bergiers-1503-supplice-des-orgueilleux-1711x2048.jpg 1711w, https:\/\/faidutti.com\/blog\/licornes\/wp-content\/uploads\/sites\/2\/2021\/05\/Le-grant-kalendrier-et-compost-des-bergiers-1503-supplice-des-orgueilleux-251x300.jpg 251w, https:\/\/faidutti.com\/blog\/licornes\/wp-content\/uploads\/sites\/2\/2021\/05\/Le-grant-kalendrier-et-compost-des-bergiers-1503-supplice-des-orgueilleux-768x919.jpg 768w, https:\/\/faidutti.com\/blog\/licornes\/wp-content\/uploads\/sites\/2\/2021\/05\/Le-grant-kalendrier-et-compost-des-bergiers-1503-supplice-des-orgueilleux-1283x1536.jpg 1283w, https:\/\/faidutti.com\/blog\/licornes\/wp-content\/uploads\/sites\/2\/2021\/05\/Le-grant-kalendrier-et-compost-des-bergiers-1503-supplice-des-orgueilleux.jpg 1825w\" sizes=\"(max-width: 1711px) 100vw, 1711px\" \/><figcaption class=\"wp-block-jetpack-slideshow_caption gallery-caption\">Le ch\u00e2timent des orgueilleux dans <i>Le grand kalendrier et compost des bergiers, <\/i>1503.<\/figcaption><\/figure><\/li><\/ul><a class=\"wp-block-jetpack-slideshow_button-prev swiper-button-prev swiper-button-white\" role=\"button\"><\/a><a class=\"wp-block-jetpack-slideshow_button-next swiper-button-next swiper-button-white\" role=\"button\"><\/a><a aria-label=\"Pause Slideshow\" class=\"wp-block-jetpack-slideshow_button-pause\" role=\"button\"><\/a><div class=\"wp-block-jetpack-slideshow_pagination swiper-pagination swiper-pagination-white\"><\/div><\/div><\/div>\n\n\n\n<p>Parfois pourtant, la corne unique des d\u00e9mons est droite et spiral\u00e9e comme celle de la licorne. Pour les artistes qui illustraient les manuscrits ou peignaient les murs des \u00e9glises, la licorne \u00e9tait un animal exotique comme un autre, et il n\u2019y a rien d\u2019\u00e9tonnant \u00e0 ce qu\u2019ils se soient inspir\u00e9s, pour repr\u00e9senter d\u2019autres cornes uniques du seul mod\u00e8le qu\u2019ils en avaient. <\/p>\n\n\n\n<div class=\"wp-block-jetpack-slideshow aligncenter\" data-effect=\"slide\" style=\"--aspect-ratio:calc(1118 \/ 1355)\"><div class=\"wp-block-jetpack-slideshow_container swiper\"><ul class=\"wp-block-jetpack-slideshow_swiper-wrapper swiper-wrapper\"><li class=\"wp-block-jetpack-slideshow_slide swiper-slide\"><figure><img loading=\"lazy\" decoding=\"async\" width=\"1118\" height=\"1355\" alt=\"\" class=\"wp-block-jetpack-slideshow_image wp-image-2706\" data-id=\"2706\" data-aspect-ratio=\"1118 \/ 1355\" src=\"https:\/\/faidutti.com\/blog\/licornes\/wp-content\/uploads\/sites\/2\/2021\/05\/24-BN-ms-fr-22-Saint-Augustin-Cite-de-Dieu-circa-1470-enlumineur-Evrad-dEspinques-.jpg\" srcset=\"https:\/\/faidutti.com\/blog\/licornes\/wp-content\/uploads\/sites\/2\/2021\/05\/24-BN-ms-fr-22-Saint-Augustin-Cite-de-Dieu-circa-1470-enlumineur-Evrad-dEspinques-.jpg 1118w, https:\/\/faidutti.com\/blog\/licornes\/wp-content\/uploads\/sites\/2\/2021\/05\/24-BN-ms-fr-22-Saint-Augustin-Cite-de-Dieu-circa-1470-enlumineur-Evrad-dEspinques--248x300.jpg 248w, https:\/\/faidutti.com\/blog\/licornes\/wp-content\/uploads\/sites\/2\/2021\/05\/24-BN-ms-fr-22-Saint-Augustin-Cite-de-Dieu-circa-1470-enlumineur-Evrad-dEspinques--768x931.jpg 768w, https:\/\/faidutti.com\/blog\/licornes\/wp-content\/uploads\/sites\/2\/2021\/05\/24-BN-ms-fr-22-Saint-Augustin-Cite-de-Dieu-circa-1470-enlumineur-Evrad-dEspinques--1000x1212.jpg 1000w\" sizes=\"(max-width: 1118px) 100vw, 1118px\" \/><figcaption class=\"wp-block-jetpack-slideshow_caption gallery-caption\">Miniature d&#8217;Evrard d&#8217;Espinques dans un manuscrit de la <i>Cit\u00e9 de Dieu<\/i>, de Saint Augustin, vers 1470.<br \/>\nBNF, ms fr 22.<\/figcaption><\/figure><\/li><li class=\"wp-block-jetpack-slideshow_slide swiper-slide\"><figure><img loading=\"lazy\" decoding=\"async\" width=\"2018\" height=\"1600\" alt=\"\" class=\"wp-block-jetpack-slideshow_image wp-image-2454\" data-id=\"2454\" data-aspect-ratio=\"2018 \/ 1600\" src=\"https:\/\/faidutti.com\/blog\/licornes\/wp-content\/uploads\/sites\/2\/2021\/05\/Arsenal-5089-fol-20v-Les-Merancolies-de-Jehan-Dupin-sur-les-condicions-de-ce-monde-XVe.jpg\" srcset=\"https:\/\/faidutti.com\/blog\/licornes\/wp-content\/uploads\/sites\/2\/2021\/05\/Arsenal-5089-fol-20v-Les-Merancolies-de-Jehan-Dupin-sur-les-condicions-de-ce-monde-XVe.jpg 2018w, https:\/\/faidutti.com\/blog\/licornes\/wp-content\/uploads\/sites\/2\/2021\/05\/Arsenal-5089-fol-20v-Les-Merancolies-de-Jehan-Dupin-sur-les-condicions-de-ce-monde-XVe-300x238.jpg 300w, https:\/\/faidutti.com\/blog\/licornes\/wp-content\/uploads\/sites\/2\/2021\/05\/Arsenal-5089-fol-20v-Les-Merancolies-de-Jehan-Dupin-sur-les-condicions-de-ce-monde-XVe-768x609.jpg 768w, https:\/\/faidutti.com\/blog\/licornes\/wp-content\/uploads\/sites\/2\/2021\/05\/Arsenal-5089-fol-20v-Les-Merancolies-de-Jehan-Dupin-sur-les-condicions-de-ce-monde-XVe-1536x1218.jpg 1536w, https:\/\/faidutti.com\/blog\/licornes\/wp-content\/uploads\/sites\/2\/2021\/05\/Arsenal-5089-fol-20v-Les-Merancolies-de-Jehan-Dupin-sur-les-condicions-de-ce-monde-XVe-378x300.jpg 378w\" sizes=\"(max-width: 2018px) 100vw, 2018px\" \/><figcaption class=\"wp-block-jetpack-slideshow_caption gallery-caption\">L\u2019un de ces d\u00e9mons a des sabots fendus, l\u2019autre des serres, mais tous deux ont une corne spiral\u00e9e. <br \/>\n<i>Les M\u00e9rancolies de Jehan Dupin sur les conditions de ce monde, <\/i>XVe si\u00e8cle.\nParis, Biblioth\u00e8que de l\u2019Arsenal, ms 5099, fol 20v.\n<\/figcaption><\/figure><\/li><li class=\"wp-block-jetpack-slideshow_slide swiper-slide\"><figure><img loading=\"lazy\" decoding=\"async\" width=\"2048\" height=\"1292\" alt=\"\" class=\"wp-block-jetpack-slideshow_image wp-image-2453\" data-id=\"2453\" data-aspect-ratio=\"584 \/ 368\" src=\"https:\/\/faidutti.com\/blog\/licornes\/wp-content\/uploads\/sites\/2\/2021\/05\/Arsenal-5089-fol-72v-Les-Merancolies-de-Jehan-Dupin-sur-les-condicions-de-ce-monde-XVe-2048x1292.jpg\" srcset=\"https:\/\/faidutti.com\/blog\/licornes\/wp-content\/uploads\/sites\/2\/2021\/05\/Arsenal-5089-fol-72v-Les-Merancolies-de-Jehan-Dupin-sur-les-condicions-de-ce-monde-XVe-2048x1292.jpg 2048w, https:\/\/faidutti.com\/blog\/licornes\/wp-content\/uploads\/sites\/2\/2021\/05\/Arsenal-5089-fol-72v-Les-Merancolies-de-Jehan-Dupin-sur-les-condicions-de-ce-monde-XVe-300x189.jpg 300w, https:\/\/faidutti.com\/blog\/licornes\/wp-content\/uploads\/sites\/2\/2021\/05\/Arsenal-5089-fol-72v-Les-Merancolies-de-Jehan-Dupin-sur-les-condicions-de-ce-monde-XVe-768x484.jpg 768w, https:\/\/faidutti.com\/blog\/licornes\/wp-content\/uploads\/sites\/2\/2021\/05\/Arsenal-5089-fol-72v-Les-Merancolies-de-Jehan-Dupin-sur-les-condicions-de-ce-monde-XVe-1536x969.jpg 1536w, https:\/\/faidutti.com\/blog\/licornes\/wp-content\/uploads\/sites\/2\/2021\/05\/Arsenal-5089-fol-72v-Les-Merancolies-de-Jehan-Dupin-sur-les-condicions-de-ce-monde-XVe-476x300.jpg 476w\" sizes=\"(max-width: 2048px) 100vw, 2048px\" \/><figcaption class=\"wp-block-jetpack-slideshow_caption gallery-caption\">Les tentations qui guettent le voyageur.<br \/><i>Les M\u00e9rancolies de Jehan Dupin sur les conditions de ce monde, <\/i>XVe si\u00e8cle.\nParis, Biblioth\u00e8que de l\u2019Arsenal, ms 5099, fol 72v.<\/figcaption><\/figure><\/li><li class=\"wp-block-jetpack-slideshow_slide swiper-slide\"><figure><img loading=\"lazy\" decoding=\"async\" width=\"1092\" height=\"1188\" alt=\"\" class=\"wp-block-jetpack-slideshow_image wp-image-9121\" data-id=\"9121\" data-aspect-ratio=\"1092 \/ 1188\" src=\"https:\/\/faidutti.com\/blog\/licornes\/wp-content\/uploads\/sites\/2\/2026\/04\/Vat-ms-reg-lat-1064-fol-2r-De-proprietatibus-reum-XIVe-.jpg\" srcset=\"https:\/\/faidutti.com\/blog\/licornes\/wp-content\/uploads\/sites\/2\/2026\/04\/Vat-ms-reg-lat-1064-fol-2r-De-proprietatibus-reum-XIVe-.jpg 1092w, https:\/\/faidutti.com\/blog\/licornes\/wp-content\/uploads\/sites\/2\/2026\/04\/Vat-ms-reg-lat-1064-fol-2r-De-proprietatibus-reum-XIVe--276x300.jpg 276w, https:\/\/faidutti.com\/blog\/licornes\/wp-content\/uploads\/sites\/2\/2026\/04\/Vat-ms-reg-lat-1064-fol-2r-De-proprietatibus-reum-XIVe--768x836.jpg 768w\" sizes=\"(max-width: 1092px) 100vw, 1092px\" \/><figcaption class=\"wp-block-jetpack-slideshow_caption gallery-caption\">Anges et d\u00e9mons sur un manuscrit du  <i>De proprietatibus rerum<\/i> de Bartolomeus Anglicus XIVe si\u00e8cle. <br \/>Biblioth\u00e8que du Vatican ms ref lat 1064, fol 2r.<\/figcaption><\/figure><\/li><li class=\"wp-block-jetpack-slideshow_slide swiper-slide\"><figure><img loading=\"lazy\" decoding=\"async\" width=\"1211\" height=\"1708\" alt=\"\" class=\"wp-block-jetpack-slideshow_image wp-image-3713\" data-id=\"3713\" data-aspect-ratio=\"1211 \/ 1708\" src=\"https:\/\/faidutti.com\/blog\/licornes\/wp-content\/uploads\/sites\/2\/2021\/05\/Book_of_Hours_of_Simon_de_Varie_-_KB_74_G37a_-_folio_006v-1.jpg\" srcset=\"https:\/\/faidutti.com\/blog\/licornes\/wp-content\/uploads\/sites\/2\/2021\/05\/Book_of_Hours_of_Simon_de_Varie_-_KB_74_G37a_-_folio_006v-1.jpg 1211w, https:\/\/faidutti.com\/blog\/licornes\/wp-content\/uploads\/sites\/2\/2021\/05\/Book_of_Hours_of_Simon_de_Varie_-_KB_74_G37a_-_folio_006v-1-213x300.jpg 213w, https:\/\/faidutti.com\/blog\/licornes\/wp-content\/uploads\/sites\/2\/2021\/05\/Book_of_Hours_of_Simon_de_Varie_-_KB_74_G37a_-_folio_006v-1-768x1083.jpg 768w, https:\/\/faidutti.com\/blog\/licornes\/wp-content\/uploads\/sites\/2\/2021\/05\/Book_of_Hours_of_Simon_de_Varie_-_KB_74_G37a_-_folio_006v-1-1089x1536.jpg 1089w\" sizes=\"(max-width: 1211px) 100vw, 1211px\" \/><figcaption class=\"wp-block-jetpack-slideshow_caption gallery-caption\">Bien s\u00fbr, si la corne de la licorne peut \u00eatre un peu obsc\u00e8ne, celle d&#8217;un diable unicorne l&#8217;est encore plus.<br \/>\nLivre d&#8217;heures de Simon de Varie, circa 1455.<br \/>\nLa Haye, Biblioth\u00e8que royale, ms 74 G 37A, fol 6v. <\/figcaption><\/figure><\/li><\/ul><a class=\"wp-block-jetpack-slideshow_button-prev swiper-button-prev swiper-button-white\" role=\"button\"><\/a><a class=\"wp-block-jetpack-slideshow_button-next swiper-button-next swiper-button-white\" role=\"button\"><\/a><a aria-label=\"Pause Slideshow\" class=\"wp-block-jetpack-slideshow_button-pause\" role=\"button\"><\/a><div class=\"wp-block-jetpack-slideshow_pagination swiper-pagination swiper-pagination-white\"><\/div><\/div><\/div>\n\n\n\n<p>M\u00eame tourn\u00e9e en vis, la corne des cr\u00e9atures du mal n\u2019est cependant pas tout \u00e0 fait la longue et blanche ivoire de l\u2019amie des jeunes vierges. Elle est noire, rouge ou verte plus souvent que blanche et, surtout, relativement courte, comme si&nbsp; longueur et clart\u00e9 donnaient \u00e0 la d\u00e9fense de la licorne sinon une puret\u00e9, du moins une \u00e9l\u00e9gance qui serait d\u00e9plac\u00e9e sur le front d\u2019un d\u00e9mon. <\/p>\n\n\n\n<div class=\"wp-block-jetpack-slideshow aligncenter\" data-effect=\"slide\"><div class=\"wp-block-jetpack-slideshow_container swiper\"><ul class=\"wp-block-jetpack-slideshow_swiper-wrapper swiper-wrapper\"><li class=\"wp-block-jetpack-slideshow_slide swiper-slide\"><figure><img loading=\"lazy\" decoding=\"async\" width=\"961\" height=\"1255\" alt=\"\" class=\"wp-block-jetpack-slideshow_image wp-image-2458\" data-id=\"2458\" src=\"https:\/\/faidutti.com\/blog\/licornes\/wp-content\/uploads\/sites\/2\/2021\/05\/BN-ms-fr-166-fol-112v-Bible-moralisee-XVe.jpg\" srcset=\"https:\/\/faidutti.com\/blog\/licornes\/wp-content\/uploads\/sites\/2\/2021\/05\/BN-ms-fr-166-fol-112v-Bible-moralisee-XVe.jpg 961w, https:\/\/faidutti.com\/blog\/licornes\/wp-content\/uploads\/sites\/2\/2021\/05\/BN-ms-fr-166-fol-112v-Bible-moralisee-XVe-230x300.jpg 230w, https:\/\/faidutti.com\/blog\/licornes\/wp-content\/uploads\/sites\/2\/2021\/05\/BN-ms-fr-166-fol-112v-Bible-moralisee-XVe-768x1003.jpg 768w\" sizes=\"(max-width: 961px) 100vw, 961px\" \/><figcaption class=\"wp-block-jetpack-slideshow_caption gallery-caption\">Bible moralis\u00e9e, XVe si\u00e8cle.<br \/>\nBNF, ms fr 166, fol 112v.<\/figcaption><\/figure><\/li><li class=\"wp-block-jetpack-slideshow_slide swiper-slide\"><figure><img loading=\"lazy\" decoding=\"async\" width=\"899\" height=\"1188\" alt=\"\" class=\"wp-block-jetpack-slideshow_image wp-image-2457\" data-id=\"2457\" src=\"https:\/\/faidutti.com\/blog\/licornes\/wp-content\/uploads\/sites\/2\/2021\/05\/BN-ms-fr-166-fol-109v-Bible-moralisee-XVe.jpg\" srcset=\"https:\/\/faidutti.com\/blog\/licornes\/wp-content\/uploads\/sites\/2\/2021\/05\/BN-ms-fr-166-fol-109v-Bible-moralisee-XVe.jpg 899w, https:\/\/faidutti.com\/blog\/licornes\/wp-content\/uploads\/sites\/2\/2021\/05\/BN-ms-fr-166-fol-109v-Bible-moralisee-XVe-227x300.jpg 227w, https:\/\/faidutti.com\/blog\/licornes\/wp-content\/uploads\/sites\/2\/2021\/05\/BN-ms-fr-166-fol-109v-Bible-moralisee-XVe-768x1015.jpg 768w\" sizes=\"(max-width: 899px) 100vw, 899px\" \/><figcaption class=\"wp-block-jetpack-slideshow_caption gallery-caption\">Bible moralis\u00e9e, XVe si\u00e8cle.<br \/>\nBNF, ms fr 166, fol 109v.<\/figcaption><\/figure><\/li><li class=\"wp-block-jetpack-slideshow_slide swiper-slide\"><figure><img loading=\"lazy\" decoding=\"async\" width=\"946\" height=\"1240\" alt=\"\" class=\"wp-block-jetpack-slideshow_image wp-image-2459\" data-id=\"2459\" src=\"https:\/\/faidutti.com\/blog\/licornes\/wp-content\/uploads\/sites\/2\/2021\/05\/BN-ms-fr-166-fol-112v-a-Bible-moralisee-XVe.jpg\" srcset=\"https:\/\/faidutti.com\/blog\/licornes\/wp-content\/uploads\/sites\/2\/2021\/05\/BN-ms-fr-166-fol-112v-a-Bible-moralisee-XVe.jpg 946w, https:\/\/faidutti.com\/blog\/licornes\/wp-content\/uploads\/sites\/2\/2021\/05\/BN-ms-fr-166-fol-112v-a-Bible-moralisee-XVe-229x300.jpg 229w, https:\/\/faidutti.com\/blog\/licornes\/wp-content\/uploads\/sites\/2\/2021\/05\/BN-ms-fr-166-fol-112v-a-Bible-moralisee-XVe-768x1007.jpg 768w\" sizes=\"(max-width: 946px) 100vw, 946px\" \/><figcaption class=\"wp-block-jetpack-slideshow_caption gallery-caption\">Bible moralis\u00e9e, XVe si\u00e8cle.<br \/>\nBNF, ms fr 166, fol 112v.<\/figcaption><\/figure><\/li><\/ul><a class=\"wp-block-jetpack-slideshow_button-prev swiper-button-prev swiper-button-white\" role=\"button\"><\/a><a class=\"wp-block-jetpack-slideshow_button-next swiper-button-next swiper-button-white\" role=\"button\"><\/a><a aria-label=\"Pause Slideshow\" class=\"wp-block-jetpack-slideshow_button-pause\" role=\"button\"><\/a><div class=\"wp-block-jetpack-slideshow_pagination swiper-pagination swiper-pagination-white\"><\/div><\/div><\/div>\n\n\n\n<p>Un d\u00e9mon combattant utilise ses griffes, ou tient en main (ou patte) une pique, une faux ou une fourche. Si les d\u00e9mons bip\u00e8des ont des cornes relativement courtes, et plac\u00e9es plus souvent sur le sommet du cr\u00e2ne que sur le front, c\u2019est donc parce que, contrairement \u00e0 la licorne, ils ne l\u2019utilisaient pas comme arme. Du coup, il n&#8217;est pas toujours \u00e9vident de distinguer, sur le chef des cr\u00e9atures du malin, une corne unique d&#8217;une cr\u00eate, voire d&#8217;une d\u00e9formation cr\u00e2nienne, elles aussi signe d&#8217;animalit\u00e9 diabolique.<\/p>\n\n\n\n<div class=\"wp-block-jetpack-slideshow aligncenter\" data-effect=\"slide\"><div class=\"wp-block-jetpack-slideshow_container swiper\"><ul class=\"wp-block-jetpack-slideshow_swiper-wrapper swiper-wrapper\"><li class=\"wp-block-jetpack-slideshow_slide swiper-slide\"><figure><img loading=\"lazy\" decoding=\"async\" width=\"1573\" height=\"2048\" alt=\"\" class=\"wp-block-jetpack-slideshow_image wp-image-2478\" data-id=\"2478\" src=\"https:\/\/faidutti.com\/blog\/licornes\/wp-content\/uploads\/sites\/2\/2021\/05\/Saint-Antoine-Martin-Schongauer-1573x2048.jpg\" srcset=\"https:\/\/faidutti.com\/blog\/licornes\/wp-content\/uploads\/sites\/2\/2021\/05\/Saint-Antoine-Martin-Schongauer-1573x2048.jpg 1573w, https:\/\/faidutti.com\/blog\/licornes\/wp-content\/uploads\/sites\/2\/2021\/05\/Saint-Antoine-Martin-Schongauer-230x300.jpg 230w, https:\/\/faidutti.com\/blog\/licornes\/wp-content\/uploads\/sites\/2\/2021\/05\/Saint-Antoine-Martin-Schongauer-768x1000.jpg 768w, https:\/\/faidutti.com\/blog\/licornes\/wp-content\/uploads\/sites\/2\/2021\/05\/Saint-Antoine-Martin-Schongauer-1180x1536.jpg 1180w, https:\/\/faidutti.com\/blog\/licornes\/wp-content\/uploads\/sites\/2\/2021\/05\/Saint-Antoine-Martin-Schongauer.jpg 1966w\" sizes=\"(max-width: 1573px) 100vw, 1573px\" \/><figcaption class=\"wp-block-jetpack-slideshow_caption gallery-caption\">Sur cette c\u00e9l\u00e8bre gravure de Martin Sch\u00f6ngauer, repr\u00e9sentant la tentation de Saint Antoine, on ne sait pas bien si le d\u00e9mon qui brandit un os a une corne ou une cr\u00e8te.<\/figcaption><\/figure><\/li><li class=\"wp-block-jetpack-slideshow_slide swiper-slide\"><figure><img loading=\"lazy\" decoding=\"async\" width=\"900\" height=\"1211\" alt=\"\" class=\"wp-block-jetpack-slideshow_image wp-image-3422\" data-id=\"3422\" src=\"https:\/\/faidutti.com\/blog\/licornes\/wp-content\/uploads\/sites\/2\/2021\/05\/BN-ms-fr-166-fol-103r-Bible-moralisee.jpg\" srcset=\"https:\/\/faidutti.com\/blog\/licornes\/wp-content\/uploads\/sites\/2\/2021\/05\/BN-ms-fr-166-fol-103r-Bible-moralisee.jpg 900w, https:\/\/faidutti.com\/blog\/licornes\/wp-content\/uploads\/sites\/2\/2021\/05\/BN-ms-fr-166-fol-103r-Bible-moralisee-223x300.jpg 223w, https:\/\/faidutti.com\/blog\/licornes\/wp-content\/uploads\/sites\/2\/2021\/05\/BN-ms-fr-166-fol-103r-Bible-moralisee-768x1033.jpg 768w\" sizes=\"(max-width: 900px) 100vw, 900px\" \/><figcaption class=\"wp-block-jetpack-slideshow_caption gallery-caption\">Bible moralis\u00e9e, XVe si\u00e8cle.<br \/>\nBNF, ms fr 166, fol 103r.<\/figcaption><\/figure><\/li><li class=\"wp-block-jetpack-slideshow_slide swiper-slide\"><figure><img loading=\"lazy\" decoding=\"async\" width=\"2048\" height=\"1317\" alt=\"\" class=\"wp-block-jetpack-slideshow_image wp-image-3645\" data-id=\"3645\" src=\"https:\/\/faidutti.com\/blog\/licornes\/wp-content\/uploads\/sites\/2\/2021\/05\/Getty-ms-33-Rudolf-von-Ems-Weltchronik.-circa-1400-2048x1317.jpg\" srcset=\"https:\/\/faidutti.com\/blog\/licornes\/wp-content\/uploads\/sites\/2\/2021\/05\/Getty-ms-33-Rudolf-von-Ems-Weltchronik.-circa-1400-2048x1317.jpg 2048w, https:\/\/faidutti.com\/blog\/licornes\/wp-content\/uploads\/sites\/2\/2021\/05\/Getty-ms-33-Rudolf-von-Ems-Weltchronik.-circa-1400-300x193.jpg 300w, https:\/\/faidutti.com\/blog\/licornes\/wp-content\/uploads\/sites\/2\/2021\/05\/Getty-ms-33-Rudolf-von-Ems-Weltchronik.-circa-1400-768x494.jpg 768w, https:\/\/faidutti.com\/blog\/licornes\/wp-content\/uploads\/sites\/2\/2021\/05\/Getty-ms-33-Rudolf-von-Ems-Weltchronik.-circa-1400-1536x988.jpg 1536w, https:\/\/faidutti.com\/blog\/licornes\/wp-content\/uploads\/sites\/2\/2021\/05\/Getty-ms-33-Rudolf-von-Ems-Weltchronik.-circa-1400-467x300.jpg 467w\" sizes=\"(max-width: 2048px) 100vw, 2048px\" \/><figcaption class=\"wp-block-jetpack-slideshow_caption gallery-caption\">Rudolf von Ems, <i>Weltchronik<\/i>, circa 1400.<br \/>\nLos Angeles, Paul Getty Museum, ms 33, fol 208r.<\/figcaption><\/figure><\/li><li class=\"wp-block-jetpack-slideshow_slide swiper-slide\"><figure><img loading=\"lazy\" decoding=\"async\" width=\"900\" height=\"1500\" alt=\"\" class=\"wp-block-jetpack-slideshow_image wp-image-2733\" data-id=\"2733\" src=\"https:\/\/faidutti.com\/blog\/licornes\/wp-content\/uploads\/sites\/2\/2021\/05\/BNE-Cod.-Vitr.-24-2-f.-45v-St-John-attempts-to-write-his-gospel-while-the-Devil-empties-his-ink-into-the-water.jpg\" srcset=\"https:\/\/faidutti.com\/blog\/licornes\/wp-content\/uploads\/sites\/2\/2021\/05\/BNE-Cod.-Vitr.-24-2-f.-45v-St-John-attempts-to-write-his-gospel-while-the-Devil-empties-his-ink-into-the-water.jpg 900w, https:\/\/faidutti.com\/blog\/licornes\/wp-content\/uploads\/sites\/2\/2021\/05\/BNE-Cod.-Vitr.-24-2-f.-45v-St-John-attempts-to-write-his-gospel-while-the-Devil-empties-his-ink-into-the-water-180x300.jpg 180w, https:\/\/faidutti.com\/blog\/licornes\/wp-content\/uploads\/sites\/2\/2021\/05\/BNE-Cod.-Vitr.-24-2-f.-45v-St-John-attempts-to-write-his-gospel-while-the-Devil-empties-his-ink-into-the-water-768x1280.jpg 768w\" sizes=\"(max-width: 900px) 100vw, 900px\" \/><figcaption class=\"wp-block-jetpack-slideshow_caption gallery-caption\">Saint Jean essaie d&#8217;\u00e9crire son \u00e9vangile tranquille, et un petit con de d\u00e9mon licorne punk qui ne doute de rien s&#8217;amuse \u00e0 vider son encrier dans la mer&#8230;<br \/>\nBiblioteca Nacional de Espa\u00f1a, cod vitr 24\/2, fol 45v\n<\/figcaption><\/figure><\/li><li class=\"wp-block-jetpack-slideshow_slide swiper-slide\"><figure><img loading=\"lazy\" decoding=\"async\" width=\"1452\" height=\"2048\" alt=\"\" class=\"wp-block-jetpack-slideshow_image wp-image-3100\" data-id=\"3100\" src=\"https:\/\/faidutti.com\/blog\/licornes\/wp-content\/uploads\/sites\/2\/2021\/09\/BN-ms-lat-6067-fol-89r-Guillaume-Caoursin-Gestorum-Rhodie-obsidionis-La-mort-du-grand-turc-1452x2048.jpg\" srcset=\"https:\/\/faidutti.com\/blog\/licornes\/wp-content\/uploads\/sites\/2\/2021\/09\/BN-ms-lat-6067-fol-89r-Guillaume-Caoursin-Gestorum-Rhodie-obsidionis-La-mort-du-grand-turc-1452x2048.jpg 1452w, https:\/\/faidutti.com\/blog\/licornes\/wp-content\/uploads\/sites\/2\/2021\/09\/BN-ms-lat-6067-fol-89r-Guillaume-Caoursin-Gestorum-Rhodie-obsidionis-La-mort-du-grand-turc-213x300.jpg 213w, https:\/\/faidutti.com\/blog\/licornes\/wp-content\/uploads\/sites\/2\/2021\/09\/BN-ms-lat-6067-fol-89r-Guillaume-Caoursin-Gestorum-Rhodie-obsidionis-La-mort-du-grand-turc-768x1083.jpg 768w, https:\/\/faidutti.com\/blog\/licornes\/wp-content\/uploads\/sites\/2\/2021\/09\/BN-ms-lat-6067-fol-89r-Guillaume-Caoursin-Gestorum-Rhodie-obsidionis-La-mort-du-grand-turc-1089x1536.jpg 1089w, https:\/\/faidutti.com\/blog\/licornes\/wp-content\/uploads\/sites\/2\/2021\/09\/BN-ms-lat-6067-fol-89r-Guillaume-Caoursin-Gestorum-Rhodie-obsidionis-La-mort-du-grand-turc-scaled.jpg 1815w\" sizes=\"(max-width: 1452px) 100vw, 1452px\" \/><figcaption class=\"wp-block-jetpack-slideshow_caption gallery-caption\">La mort du Grand Turc,<br \/>Guillaume Caoursin, <i>Gestorum Rhodie obsidionis, <\/i>, circa 1480.<br \/>\nBNF, ms latin 6067, fol 89r.<\/figcaption><\/figure><\/li><li class=\"wp-block-jetpack-slideshow_slide swiper-slide\"><figure><img loading=\"lazy\" decoding=\"async\" width=\"1111\" height=\"1550\" alt=\"\" class=\"wp-block-jetpack-slideshow_image wp-image-3099\" data-id=\"3099\" src=\"https:\/\/faidutti.com\/blog\/licornes\/wp-content\/uploads\/sites\/2\/2021\/09\/BN-ms-lat-6067-fol-89r-Guillaume-Caoursin-Gestorum-Rhodie-obsidionis-La-mort-du-grand-turc-detail.jpg\" srcset=\"https:\/\/faidutti.com\/blog\/licornes\/wp-content\/uploads\/sites\/2\/2021\/09\/BN-ms-lat-6067-fol-89r-Guillaume-Caoursin-Gestorum-Rhodie-obsidionis-La-mort-du-grand-turc-detail.jpg 1111w, https:\/\/faidutti.com\/blog\/licornes\/wp-content\/uploads\/sites\/2\/2021\/09\/BN-ms-lat-6067-fol-89r-Guillaume-Caoursin-Gestorum-Rhodie-obsidionis-La-mort-du-grand-turc-detail-215x300.jpg 215w, https:\/\/faidutti.com\/blog\/licornes\/wp-content\/uploads\/sites\/2\/2021\/09\/BN-ms-lat-6067-fol-89r-Guillaume-Caoursin-Gestorum-Rhodie-obsidionis-La-mort-du-grand-turc-detail-768x1071.jpg 768w, https:\/\/faidutti.com\/blog\/licornes\/wp-content\/uploads\/sites\/2\/2021\/09\/BN-ms-lat-6067-fol-89r-Guillaume-Caoursin-Gestorum-Rhodie-obsidionis-La-mort-du-grand-turc-detail-1101x1536.jpg 1101w\" sizes=\"(max-width: 1111px) 100vw, 1111px\" \/><\/figure><\/li><li class=\"wp-block-jetpack-slideshow_slide swiper-slide\"><figure><img loading=\"lazy\" decoding=\"async\" width=\"2048\" height=\"1473\" alt=\"\" class=\"wp-block-jetpack-slideshow_image wp-image-8173\" data-id=\"8173\" src=\"https:\/\/faidutti.com\/blog\/licornes\/wp-content\/uploads\/sites\/2\/2022\/03\/Jacobus-de-Teramo-Der-Teutsch-Belial-Augsburg-1490-2048x1473.jpg\" srcset=\"https:\/\/faidutti.com\/blog\/licornes\/wp-content\/uploads\/sites\/2\/2022\/03\/Jacobus-de-Teramo-Der-Teutsch-Belial-Augsburg-1490-2048x1473.jpg 2048w, https:\/\/faidutti.com\/blog\/licornes\/wp-content\/uploads\/sites\/2\/2022\/03\/Jacobus-de-Teramo-Der-Teutsch-Belial-Augsburg-1490-300x216.jpg 300w, https:\/\/faidutti.com\/blog\/licornes\/wp-content\/uploads\/sites\/2\/2022\/03\/Jacobus-de-Teramo-Der-Teutsch-Belial-Augsburg-1490-768x552.jpg 768w, https:\/\/faidutti.com\/blog\/licornes\/wp-content\/uploads\/sites\/2\/2022\/03\/Jacobus-de-Teramo-Der-Teutsch-Belial-Augsburg-1490-1536x1105.jpg 1536w, https:\/\/faidutti.com\/blog\/licornes\/wp-content\/uploads\/sites\/2\/2022\/03\/Jacobus-de-Teramo-Der-Teutsch-Belial-Augsburg-1490-417x300.jpg 417w\" sizes=\"(max-width: 2048px) 100vw, 2048px\" \/><figcaption class=\"wp-block-jetpack-slideshow_caption gallery-caption\">Jacobus de Teramo, <i>Der Teutsch Belial, <\/i>Augsburg, 1490.\nL&#8217;homme \u00e0 deux cornes \u00e0 larri\u00e8re plan est Mo\u00efse, qui ici conseille Salomon.<\/figcaption><\/figure><\/li><li class=\"wp-block-jetpack-slideshow_slide swiper-slide\"><figure><img loading=\"lazy\" decoding=\"async\" width=\"2048\" height=\"1419\" alt=\"\" class=\"wp-block-jetpack-slideshow_image wp-image-8171\" data-id=\"8171\" src=\"https:\/\/faidutti.com\/blog\/licornes\/wp-content\/uploads\/sites\/2\/2022\/03\/Jacobus-de-Teramo-Der-Teutsch-Belial-Augsburg-1490-b-2048x1419.jpg\" srcset=\"https:\/\/faidutti.com\/blog\/licornes\/wp-content\/uploads\/sites\/2\/2022\/03\/Jacobus-de-Teramo-Der-Teutsch-Belial-Augsburg-1490-b-2048x1419.jpg 2048w, https:\/\/faidutti.com\/blog\/licornes\/wp-content\/uploads\/sites\/2\/2022\/03\/Jacobus-de-Teramo-Der-Teutsch-Belial-Augsburg-1490-b-300x208.jpg 300w, https:\/\/faidutti.com\/blog\/licornes\/wp-content\/uploads\/sites\/2\/2022\/03\/Jacobus-de-Teramo-Der-Teutsch-Belial-Augsburg-1490-b-768x532.jpg 768w, https:\/\/faidutti.com\/blog\/licornes\/wp-content\/uploads\/sites\/2\/2022\/03\/Jacobus-de-Teramo-Der-Teutsch-Belial-Augsburg-1490-b-1536x1064.jpg 1536w, https:\/\/faidutti.com\/blog\/licornes\/wp-content\/uploads\/sites\/2\/2022\/03\/Jacobus-de-Teramo-Der-Teutsch-Belial-Augsburg-1490-b-433x300.jpg 433w\" sizes=\"(max-width: 2048px) 100vw, 2048px\" \/><figcaption class=\"wp-block-jetpack-slideshow_caption gallery-caption\">Les deux oreilles et la corne du d\u00e9mon belial sont aussi trois cornes.<\/figcaption><\/figure><\/li><li class=\"wp-block-jetpack-slideshow_slide swiper-slide\"><figure><img loading=\"lazy\" decoding=\"async\" width=\"2002\" height=\"1470\" alt=\"\" class=\"wp-block-jetpack-slideshow_image wp-image-8172\" data-id=\"8172\" src=\"https:\/\/faidutti.com\/blog\/licornes\/wp-content\/uploads\/sites\/2\/2022\/03\/Jacobus-de-Teramo-Hie-hebt-sich-an-das-buoch-Belial-genant-von-des-gerichts-ordnung-Augsburg-1473.jpg\" srcset=\"https:\/\/faidutti.com\/blog\/licornes\/wp-content\/uploads\/sites\/2\/2022\/03\/Jacobus-de-Teramo-Hie-hebt-sich-an-das-buoch-Belial-genant-von-des-gerichts-ordnung-Augsburg-1473.jpg 2002w, https:\/\/faidutti.com\/blog\/licornes\/wp-content\/uploads\/sites\/2\/2022\/03\/Jacobus-de-Teramo-Hie-hebt-sich-an-das-buoch-Belial-genant-von-des-gerichts-ordnung-Augsburg-1473-300x220.jpg 300w, https:\/\/faidutti.com\/blog\/licornes\/wp-content\/uploads\/sites\/2\/2022\/03\/Jacobus-de-Teramo-Hie-hebt-sich-an-das-buoch-Belial-genant-von-des-gerichts-ordnung-Augsburg-1473-768x564.jpg 768w, https:\/\/faidutti.com\/blog\/licornes\/wp-content\/uploads\/sites\/2\/2022\/03\/Jacobus-de-Teramo-Hie-hebt-sich-an-das-buoch-Belial-genant-von-des-gerichts-ordnung-Augsburg-1473-1536x1128.jpg 1536w, https:\/\/faidutti.com\/blog\/licornes\/wp-content\/uploads\/sites\/2\/2022\/03\/Jacobus-de-Teramo-Hie-hebt-sich-an-das-buoch-Belial-genant-von-des-gerichts-ordnung-Augsburg-1473-409x300.jpg 409w\" sizes=\"(max-width: 2002px) 100vw, 2002px\" \/><figcaption class=\"wp-block-jetpack-slideshow_caption gallery-caption\">Jacobus de Teramo, <i>Hie hebt sich an das buoch Belial genant von des gerichts ordnung, <\/i>Augsburg, 1473<\/figcaption><\/figure><\/li><li class=\"wp-block-jetpack-slideshow_slide swiper-slide\"><figure><img loading=\"lazy\" decoding=\"async\" width=\"2048\" height=\"1397\" alt=\"\" class=\"wp-block-jetpack-slideshow_image wp-image-3912\" data-id=\"3912\" src=\"https:\/\/faidutti.com\/blog\/licornes\/wp-content\/uploads\/sites\/2\/2021\/05\/Jacobus-de-Terrano-Belial-1551-2048x1397.jpg\" srcset=\"https:\/\/faidutti.com\/blog\/licornes\/wp-content\/uploads\/sites\/2\/2021\/05\/Jacobus-de-Terrano-Belial-1551-2048x1397.jpg 2048w, https:\/\/faidutti.com\/blog\/licornes\/wp-content\/uploads\/sites\/2\/2021\/05\/Jacobus-de-Terrano-Belial-1551-300x205.jpg 300w, https:\/\/faidutti.com\/blog\/licornes\/wp-content\/uploads\/sites\/2\/2021\/05\/Jacobus-de-Terrano-Belial-1551-768x524.jpg 768w, https:\/\/faidutti.com\/blog\/licornes\/wp-content\/uploads\/sites\/2\/2021\/05\/Jacobus-de-Terrano-Belial-1551-1536x1048.jpg 1536w, https:\/\/faidutti.com\/blog\/licornes\/wp-content\/uploads\/sites\/2\/2021\/05\/Jacobus-de-Terrano-Belial-1551-440x300.jpg 440w\" sizes=\"(max-width: 2048px) 100vw, 2048px\" \/><figcaption class=\"wp-block-jetpack-slideshow_caption gallery-caption\">Jacobus de Terrano, <i>Consolatio peccatorum, vulgo Belial<\/i>, 1551<\/figcaption><\/figure><\/li><li class=\"wp-block-jetpack-slideshow_slide swiper-slide\"><figure><img loading=\"lazy\" decoding=\"async\" width=\"2048\" height=\"1357\" alt=\"\" class=\"wp-block-jetpack-slideshow_image wp-image-3419\" data-id=\"3419\" src=\"https:\/\/faidutti.com\/blog\/licornes\/wp-content\/uploads\/sites\/2\/2021\/05\/Hans-Vintler-das-buoch-der-Tugend-1486-2048x1357.jpg\" srcset=\"https:\/\/faidutti.com\/blog\/licornes\/wp-content\/uploads\/sites\/2\/2021\/05\/Hans-Vintler-das-buoch-der-Tugend-1486-2048x1357.jpg 2048w, https:\/\/faidutti.com\/blog\/licornes\/wp-content\/uploads\/sites\/2\/2021\/05\/Hans-Vintler-das-buoch-der-Tugend-1486-300x199.jpg 300w, https:\/\/faidutti.com\/blog\/licornes\/wp-content\/uploads\/sites\/2\/2021\/05\/Hans-Vintler-das-buoch-der-Tugend-1486-768x509.jpg 768w, https:\/\/faidutti.com\/blog\/licornes\/wp-content\/uploads\/sites\/2\/2021\/05\/Hans-Vintler-das-buoch-der-Tugend-1486-1536x1018.jpg 1536w, https:\/\/faidutti.com\/blog\/licornes\/wp-content\/uploads\/sites\/2\/2021\/05\/Hans-Vintler-das-buoch-der-Tugend-1486-453x300.jpg 453w\" sizes=\"(max-width: 2048px) 100vw, 2048px\" \/><figcaption class=\"wp-block-jetpack-slideshow_caption gallery-caption\">Sur les cranes de ces d\u00e9mons, on ne sait plus bien ce qui est corne, cr\u00eate ou oreille.<br \/>\nHans Vintler, Das buoch der tugend, 1486.<\/figcaption><\/figure><\/li><li class=\"wp-block-jetpack-slideshow_slide swiper-slide\"><figure><img loading=\"lazy\" decoding=\"async\" width=\"1375\" height=\"2048\" alt=\"\" class=\"wp-block-jetpack-slideshow_image wp-image-3000\" data-id=\"3000\" src=\"https:\/\/faidutti.com\/blog\/licornes\/wp-content\/uploads\/sites\/2\/2021\/09\/Boetius-Adam-Bolswert-la-tentation-du-christ-circa-1600-1375x2048.jpg\" srcset=\"https:\/\/faidutti.com\/blog\/licornes\/wp-content\/uploads\/sites\/2\/2021\/09\/Boetius-Adam-Bolswert-la-tentation-du-christ-circa-1600-1375x2048.jpg 1375w, https:\/\/faidutti.com\/blog\/licornes\/wp-content\/uploads\/sites\/2\/2021\/09\/Boetius-Adam-Bolswert-la-tentation-du-christ-circa-1600-201x300.jpg 201w, https:\/\/faidutti.com\/blog\/licornes\/wp-content\/uploads\/sites\/2\/2021\/09\/Boetius-Adam-Bolswert-la-tentation-du-christ-circa-1600-768x1144.jpg 768w, https:\/\/faidutti.com\/blog\/licornes\/wp-content\/uploads\/sites\/2\/2021\/09\/Boetius-Adam-Bolswert-la-tentation-du-christ-circa-1600-1031x1536.jpg 1031w, https:\/\/faidutti.com\/blog\/licornes\/wp-content\/uploads\/sites\/2\/2021\/09\/Boetius-Adam-Bolswert-la-tentation-du-christ-circa-1600-scaled.jpg 1718w\" sizes=\"(max-width: 1375px) 100vw, 1375px\" \/><figcaption class=\"wp-block-jetpack-slideshow_caption gallery-caption\">Boetius Adam Bolswert, <i>La tentation du Christ<\/i>, circa 1600.<br \/> Satan arbore une cr\u00e8te qui est presque une corne.<\/figcaption><\/figure><\/li><\/ul><a class=\"wp-block-jetpack-slideshow_button-prev swiper-button-prev swiper-button-white\" role=\"button\"><\/a><a class=\"wp-block-jetpack-slideshow_button-next swiper-button-next swiper-button-white\" role=\"button\"><\/a><a aria-label=\"Pause Slideshow\" class=\"wp-block-jetpack-slideshow_button-pause\" role=\"button\"><\/a><div class=\"wp-block-jetpack-slideshow_pagination swiper-pagination swiper-pagination-white\"><\/div><\/div><\/div>\n\n\n\n<p>Si la majorit\u00e9 des cr\u00e9atures du malin sont bicornes, les unicornes, et m\u00eame les tricornes, ne sont pas rares. Le <em>P\u00e8lerinage de la vie humaine <\/em> et le <em>P\u00e8lerinage de l&#8217;\u00e2me<\/em> de Guillaume de Diguleville ont certes moins bien vieilli que la <em>Divine Com\u00e9die, <\/em>mais ils furent presque aussi populaire et l&#8217;on en a de nombreux manuscrits enlumin\u00e9s. Sur l&#8217;un d&#8217;entre eux, <a rel=\"noreferrer noopener\" href=\"https:\/\/gallica.bnf.fr\/ark:\/12148\/btv1b84702013?rk=21459;2\" target=\"_blank\">le fran\u00e7ais 376 de la Biblioth\u00e8que Nationale<\/a>, copi\u00e9 vers 1350, l\u2019enlumineur a fait le choix, peut-\u00eatre pour donner \u00e0 son manuscrit un cachet particulier, de repr\u00e9senter la plupart de ses d\u00e9mons, et ils sont nombreux, avec une corne unique, brune et spiral\u00e9e.<\/p>\n\n\n\n<div class=\"wp-block-jetpack-slideshow aligncenter\" data-effect=\"slide\" style=\"--aspect-ratio:calc(1402 \/ 1364)\"><div class=\"wp-block-jetpack-slideshow_container swiper\"><ul class=\"wp-block-jetpack-slideshow_swiper-wrapper swiper-wrapper\"><li class=\"wp-block-jetpack-slideshow_slide swiper-slide\"><figure><img loading=\"lazy\" decoding=\"async\" width=\"1402\" height=\"1364\" alt=\"\" class=\"wp-block-jetpack-slideshow_image wp-image-2450\" data-id=\"2450\" data-aspect-ratio=\"1402 \/ 1364\" src=\"https:\/\/faidutti.com\/blog\/licornes\/wp-content\/uploads\/sites\/2\/2021\/05\/BN-ms-fr-376-fol-124v-Guillaume-de-Diguleville.jpg\" srcset=\"https:\/\/faidutti.com\/blog\/licornes\/wp-content\/uploads\/sites\/2\/2021\/05\/BN-ms-fr-376-fol-124v-Guillaume-de-Diguleville.jpg 1402w, https:\/\/faidutti.com\/blog\/licornes\/wp-content\/uploads\/sites\/2\/2021\/05\/BN-ms-fr-376-fol-124v-Guillaume-de-Diguleville-300x292.jpg 300w, https:\/\/faidutti.com\/blog\/licornes\/wp-content\/uploads\/sites\/2\/2021\/05\/BN-ms-fr-376-fol-124v-Guillaume-de-Diguleville-768x747.jpg 768w, https:\/\/faidutti.com\/blog\/licornes\/wp-content\/uploads\/sites\/2\/2021\/05\/BN-ms-fr-376-fol-124v-Guillaume-de-Diguleville-308x300.jpg 308w\" sizes=\"(max-width: 1402px) 100vw, 1402px\" \/><figcaption class=\"wp-block-jetpack-slideshow_caption gallery-caption\">Le ch\u00e2timent des <i>deshonnestes gens<\/i>. <br \/>Guillaume de Diguleville, <i>Le p\u00e8lerinage de l\u2019\u00e2me, <\/i>XIVe si\u00e8cle.<br \/>\nBNF, ms fr 376, fol 124v<\/figcaption><\/figure><\/li><li class=\"wp-block-jetpack-slideshow_slide swiper-slide\"><figure><img loading=\"lazy\" decoding=\"async\" width=\"1438\" height=\"1353\" alt=\"\" class=\"wp-block-jetpack-slideshow_image wp-image-2449\" data-id=\"2449\" data-aspect-ratio=\"1438 \/ 1353\" src=\"https:\/\/faidutti.com\/blog\/licornes\/wp-content\/uploads\/sites\/2\/2021\/05\/BN-ms-fr-376-fol-124r-Guillaume-de-Diguleville.jpg\" srcset=\"https:\/\/faidutti.com\/blog\/licornes\/wp-content\/uploads\/sites\/2\/2021\/05\/BN-ms-fr-376-fol-124r-Guillaume-de-Diguleville.jpg 1438w, https:\/\/faidutti.com\/blog\/licornes\/wp-content\/uploads\/sites\/2\/2021\/05\/BN-ms-fr-376-fol-124r-Guillaume-de-Diguleville-300x282.jpg 300w, https:\/\/faidutti.com\/blog\/licornes\/wp-content\/uploads\/sites\/2\/2021\/05\/BN-ms-fr-376-fol-124r-Guillaume-de-Diguleville-768x723.jpg 768w, https:\/\/faidutti.com\/blog\/licornes\/wp-content\/uploads\/sites\/2\/2021\/05\/BN-ms-fr-376-fol-124r-Guillaume-de-Diguleville-319x300.jpg 319w\" sizes=\"(max-width: 1438px) 100vw, 1438px\" \/><figcaption class=\"wp-block-jetpack-slideshow_caption gallery-caption\">Le ch\u00e2timent des fourbes, l\u00e2ches et peureux.<br \/>\nGuillaume de Diguleville, <i>Le p\u00e8lerinage de l\u2019\u00e2me, <\/i>XIVe si\u00e8cle.<br \/>\nBNF, ms fr 376, fol 124r.<\/figcaption><\/figure><\/li><li class=\"wp-block-jetpack-slideshow_slide swiper-slide\"><figure><img loading=\"lazy\" decoding=\"async\" width=\"1400\" height=\"1239\" alt=\"\" class=\"wp-block-jetpack-slideshow_image wp-image-2448\" data-id=\"2448\" data-aspect-ratio=\"1400 \/ 1239\" src=\"https:\/\/faidutti.com\/blog\/licornes\/wp-content\/uploads\/sites\/2\/2021\/05\/BN-ms-fr-376-fol-122v-Guillaume-de-Diguleville.jpg\" srcset=\"https:\/\/faidutti.com\/blog\/licornes\/wp-content\/uploads\/sites\/2\/2021\/05\/BN-ms-fr-376-fol-122v-Guillaume-de-Diguleville.jpg 1400w, https:\/\/faidutti.com\/blog\/licornes\/wp-content\/uploads\/sites\/2\/2021\/05\/BN-ms-fr-376-fol-122v-Guillaume-de-Diguleville-300x266.jpg 300w, https:\/\/faidutti.com\/blog\/licornes\/wp-content\/uploads\/sites\/2\/2021\/05\/BN-ms-fr-376-fol-122v-Guillaume-de-Diguleville-768x680.jpg 768w, https:\/\/faidutti.com\/blog\/licornes\/wp-content\/uploads\/sites\/2\/2021\/05\/BN-ms-fr-376-fol-122v-Guillaume-de-Diguleville-339x300.jpg 339w\" sizes=\"(max-width: 1400px) 100vw, 1400px\" \/><figcaption class=\"wp-block-jetpack-slideshow_caption gallery-caption\">Le ch\u00e2timent de la larronnaille.\n<br \/>\nGuillaume de Diguleville, <i>Le p\u00e8lerinage de l\u2019\u00e2me, <\/i>XIVe si\u00e8cle.<br \/>\nBNF, ms fr 376, fol 122v.<\/figcaption><\/figure><\/li><li class=\"wp-block-jetpack-slideshow_slide swiper-slide\"><figure><img loading=\"lazy\" decoding=\"async\" width=\"1484\" height=\"1310\" alt=\"\" class=\"wp-block-jetpack-slideshow_image wp-image-2447\" data-id=\"2447\" data-aspect-ratio=\"1484 \/ 1310\" src=\"https:\/\/faidutti.com\/blog\/licornes\/wp-content\/uploads\/sites\/2\/2021\/05\/BN-ms-fr-376-fol-109v-Guillaume-de-Diguleville.jpg\" srcset=\"https:\/\/faidutti.com\/blog\/licornes\/wp-content\/uploads\/sites\/2\/2021\/05\/BN-ms-fr-376-fol-109v-Guillaume-de-Diguleville.jpg 1484w, https:\/\/faidutti.com\/blog\/licornes\/wp-content\/uploads\/sites\/2\/2021\/05\/BN-ms-fr-376-fol-109v-Guillaume-de-Diguleville-300x265.jpg 300w, https:\/\/faidutti.com\/blog\/licornes\/wp-content\/uploads\/sites\/2\/2021\/05\/BN-ms-fr-376-fol-109v-Guillaume-de-Diguleville-768x678.jpg 768w, https:\/\/faidutti.com\/blog\/licornes\/wp-content\/uploads\/sites\/2\/2021\/05\/BN-ms-fr-376-fol-109v-Guillaume-de-Diguleville-340x300.jpg 340w\" sizes=\"(max-width: 1484px) 100vw, 1484px\" \/><figcaption class=\"wp-block-jetpack-slideshow_caption gallery-caption\">Un d\u00e9mon \u00ab moult malotru \u00bb arborant une corne noire mais spiral\u00e9e comme celle de la licorne.<br \/>\nGuillaume de Diguleville, <i>Le p\u00e8lerinage de l\u2019\u00e2me, <\/i>XIVe si\u00e8cle.<br \/>\nBNF, ms fr 376, fol 109v\n<\/figcaption><\/figure><\/li><li class=\"wp-block-jetpack-slideshow_slide swiper-slide\"><figure><img loading=\"lazy\" decoding=\"async\" width=\"1825\" height=\"1578\" alt=\"\" class=\"wp-block-jetpack-slideshow_image wp-image-2446\" data-id=\"2446\" data-aspect-ratio=\"1825 \/ 1578\" src=\"https:\/\/faidutti.com\/blog\/licornes\/wp-content\/uploads\/sites\/2\/2021\/05\/BN-ms-fr-376-fol-108r-Guillaume-de-Diguleville.jpg\" srcset=\"https:\/\/faidutti.com\/blog\/licornes\/wp-content\/uploads\/sites\/2\/2021\/05\/BN-ms-fr-376-fol-108r-Guillaume-de-Diguleville.jpg 1825w, https:\/\/faidutti.com\/blog\/licornes\/wp-content\/uploads\/sites\/2\/2021\/05\/BN-ms-fr-376-fol-108r-Guillaume-de-Diguleville-300x259.jpg 300w, https:\/\/faidutti.com\/blog\/licornes\/wp-content\/uploads\/sites\/2\/2021\/05\/BN-ms-fr-376-fol-108r-Guillaume-de-Diguleville-768x664.jpg 768w, https:\/\/faidutti.com\/blog\/licornes\/wp-content\/uploads\/sites\/2\/2021\/05\/BN-ms-fr-376-fol-108r-Guillaume-de-Diguleville-1536x1328.jpg 1536w, https:\/\/faidutti.com\/blog\/licornes\/wp-content\/uploads\/sites\/2\/2021\/05\/BN-ms-fr-376-fol-108r-Guillaume-de-Diguleville-347x300.jpg 347w\" sizes=\"(max-width: 1825px) 100vw, 1825px\" \/><figcaption class=\"wp-block-jetpack-slideshow_caption gallery-caption\">Guillaume de Diguleville, <i>Le p\u00e8lerinage de l\u2019\u00e2me, <\/i>XIVe si\u00e8cle.<br \/>\nBNF, ms fr 376, fol 108r.<\/figcaption><\/figure><\/li><li class=\"wp-block-jetpack-slideshow_slide swiper-slide\"><figure><img loading=\"lazy\" decoding=\"async\" width=\"1456\" height=\"1332\" alt=\"\" class=\"wp-block-jetpack-slideshow_image wp-image-2445\" data-id=\"2445\" data-aspect-ratio=\"1456 \/ 1332\" src=\"https:\/\/faidutti.com\/blog\/licornes\/wp-content\/uploads\/sites\/2\/2021\/05\/BN-ms-fr-376-fol-89r-Guillaume-de-Diguleville.jpg\" srcset=\"https:\/\/faidutti.com\/blog\/licornes\/wp-content\/uploads\/sites\/2\/2021\/05\/BN-ms-fr-376-fol-89r-Guillaume-de-Diguleville.jpg 1456w, https:\/\/faidutti.com\/blog\/licornes\/wp-content\/uploads\/sites\/2\/2021\/05\/BN-ms-fr-376-fol-89r-Guillaume-de-Diguleville-300x274.jpg 300w, https:\/\/faidutti.com\/blog\/licornes\/wp-content\/uploads\/sites\/2\/2021\/05\/BN-ms-fr-376-fol-89r-Guillaume-de-Diguleville-768x703.jpg 768w, https:\/\/faidutti.com\/blog\/licornes\/wp-content\/uploads\/sites\/2\/2021\/05\/BN-ms-fr-376-fol-89r-Guillaume-de-Diguleville-328x300.jpg 328w\" sizes=\"(max-width: 1456px) 100vw, 1456px\" \/><figcaption class=\"wp-block-jetpack-slideshow_caption gallery-caption\">Guillaume de Diguleville, <i>Le p\u00e8lerinage de l\u2019\u00e2me, <\/i>XIVe si\u00e8cle.<br \/>\nBNF, ms fr 376, fol 89r.<\/figcaption><\/figure><\/li><li class=\"wp-block-jetpack-slideshow_slide swiper-slide\"><figure><img loading=\"lazy\" decoding=\"async\" width=\"1146\" height=\"1011\" alt=\"\" class=\"wp-block-jetpack-slideshow_image wp-image-2456\" data-id=\"2456\" data-aspect-ratio=\"1146 \/ 1011\" src=\"https:\/\/faidutti.com\/blog\/licornes\/wp-content\/uploads\/sites\/2\/2021\/05\/BN-NAF-15942-fol-25v-Vincent-de-Beauvais-Speculum-Historiale.jpg\" srcset=\"https:\/\/faidutti.com\/blog\/licornes\/wp-content\/uploads\/sites\/2\/2021\/05\/BN-NAF-15942-fol-25v-Vincent-de-Beauvais-Speculum-Historiale.jpg 1146w, https:\/\/faidutti.com\/blog\/licornes\/wp-content\/uploads\/sites\/2\/2021\/05\/BN-NAF-15942-fol-25v-Vincent-de-Beauvais-Speculum-Historiale-300x265.jpg 300w, https:\/\/faidutti.com\/blog\/licornes\/wp-content\/uploads\/sites\/2\/2021\/05\/BN-NAF-15942-fol-25v-Vincent-de-Beauvais-Speculum-Historiale-768x678.jpg 768w, https:\/\/faidutti.com\/blog\/licornes\/wp-content\/uploads\/sites\/2\/2021\/05\/BN-NAF-15942-fol-25v-Vincent-de-Beauvais-Speculum-Historiale-340x300.jpg 340w\" sizes=\"(max-width: 1146px) 100vw, 1146px\" \/><figcaption class=\"wp-block-jetpack-slideshow_caption gallery-caption\">Vincent de Beauvais, <i>Speculum Historiale, <\/i>XIVe si\u00e8cle.<br \/>\nBNF, ms NAF 15942, fol 25v.<\/figcaption><\/figure><\/li><li class=\"wp-block-jetpack-slideshow_slide swiper-slide\"><figure><img loading=\"lazy\" decoding=\"async\" width=\"2048\" height=\"1142\" alt=\"\" class=\"wp-block-jetpack-slideshow_image wp-image-2821\" data-id=\"2821\" data-aspect-ratio=\"584 \/ 326\" src=\"https:\/\/faidutti.com\/blog\/licornes\/wp-content\/uploads\/sites\/2\/2021\/05\/Bodleian-Library-MS-Douce-305_00036_fol-037v-2048x1142.jpg\" srcset=\"https:\/\/faidutti.com\/blog\/licornes\/wp-content\/uploads\/sites\/2\/2021\/05\/Bodleian-Library-MS-Douce-305_00036_fol-037v-2048x1142.jpg 2048w, https:\/\/faidutti.com\/blog\/licornes\/wp-content\/uploads\/sites\/2\/2021\/05\/Bodleian-Library-MS-Douce-305_00036_fol-037v-300x167.jpg 300w, https:\/\/faidutti.com\/blog\/licornes\/wp-content\/uploads\/sites\/2\/2021\/05\/Bodleian-Library-MS-Douce-305_00036_fol-037v-768x428.jpg 768w, https:\/\/faidutti.com\/blog\/licornes\/wp-content\/uploads\/sites\/2\/2021\/05\/Bodleian-Library-MS-Douce-305_00036_fol-037v-1536x856.jpg 1536w, https:\/\/faidutti.com\/blog\/licornes\/wp-content\/uploads\/sites\/2\/2021\/05\/Bodleian-Library-MS-Douce-305_00036_fol-037v-500x279.jpg 500w\" sizes=\"(max-width: 2048px) 100vw, 2048px\" \/><figcaption class=\"wp-block-jetpack-slideshow_caption gallery-caption\">Un autre manuscrit du <i>P\u00e9lerinage de l&#8217;\u00e2me<\/i> o\u00f9 nombre d\u00e9mons sont unicornes.<br \/>\nOxford, Bodleian Library, ms Douce 305, fol 37v.<\/figcaption><\/figure><\/li><li class=\"wp-block-jetpack-slideshow_slide swiper-slide\"><figure><img loading=\"lazy\" decoding=\"async\" width=\"2048\" height=\"1121\" alt=\"\" class=\"wp-block-jetpack-slideshow_image wp-image-2823\" data-id=\"2823\" data-aspect-ratio=\"584 \/ 320\" src=\"https:\/\/faidutti.com\/blog\/licornes\/wp-content\/uploads\/sites\/2\/2021\/05\/Bodleian-Library-MS-Douce-305_00047_fol-044v-2048x1121.jpg\" srcset=\"https:\/\/faidutti.com\/blog\/licornes\/wp-content\/uploads\/sites\/2\/2021\/05\/Bodleian-Library-MS-Douce-305_00047_fol-044v-2048x1121.jpg 2048w, https:\/\/faidutti.com\/blog\/licornes\/wp-content\/uploads\/sites\/2\/2021\/05\/Bodleian-Library-MS-Douce-305_00047_fol-044v-300x164.jpg 300w, https:\/\/faidutti.com\/blog\/licornes\/wp-content\/uploads\/sites\/2\/2021\/05\/Bodleian-Library-MS-Douce-305_00047_fol-044v-768x420.jpg 768w, https:\/\/faidutti.com\/blog\/licornes\/wp-content\/uploads\/sites\/2\/2021\/05\/Bodleian-Library-MS-Douce-305_00047_fol-044v-1536x841.jpg 1536w, https:\/\/faidutti.com\/blog\/licornes\/wp-content\/uploads\/sites\/2\/2021\/05\/Bodleian-Library-MS-Douce-305_00047_fol-044v-500x274.jpg 500w\" sizes=\"(max-width: 2048px) 100vw, 2048px\" \/><figcaption class=\"wp-block-jetpack-slideshow_caption gallery-caption\">Un d\u00e9mon \u00e0 la corne en scie, comme nombre de licornes m\u00e9di\u00e9vales.<br \/>Guillaume de Diguleville, <i>Le p\u00e9lerinage de l&#8217;\u00e2me,<\/i>, 1435.<br \/>Oxford, Bodleian Library, ms Douce 305, fol 44vv.<\/figcaption><\/figure><\/li><li class=\"wp-block-jetpack-slideshow_slide swiper-slide\"><figure><img loading=\"lazy\" decoding=\"async\" width=\"2048\" height=\"1117\" alt=\"\" class=\"wp-block-jetpack-slideshow_image wp-image-2822\" data-id=\"2822\" data-aspect-ratio=\"584 \/ 319\" src=\"https:\/\/faidutti.com\/blog\/licornes\/wp-content\/uploads\/sites\/2\/2021\/05\/Bodleian-Library-MS-Douce-305_00045_fol-044r-2048x1117.jpg\" srcset=\"https:\/\/faidutti.com\/blog\/licornes\/wp-content\/uploads\/sites\/2\/2021\/05\/Bodleian-Library-MS-Douce-305_00045_fol-044r-2048x1117.jpg 2048w, https:\/\/faidutti.com\/blog\/licornes\/wp-content\/uploads\/sites\/2\/2021\/05\/Bodleian-Library-MS-Douce-305_00045_fol-044r-300x164.jpg 300w, https:\/\/faidutti.com\/blog\/licornes\/wp-content\/uploads\/sites\/2\/2021\/05\/Bodleian-Library-MS-Douce-305_00045_fol-044r-768x419.jpg 768w, https:\/\/faidutti.com\/blog\/licornes\/wp-content\/uploads\/sites\/2\/2021\/05\/Bodleian-Library-MS-Douce-305_00045_fol-044r-1536x838.jpg 1536w, https:\/\/faidutti.com\/blog\/licornes\/wp-content\/uploads\/sites\/2\/2021\/05\/Bodleian-Library-MS-Douce-305_00045_fol-044r-500x273.jpg 500w\" sizes=\"(max-width: 2048px) 100vw, 2048px\" \/><figcaption class=\"wp-block-jetpack-slideshow_caption gallery-caption\">Guillaume de Diguleville, <i>Le p\u00e9lerinage de l&#8217;\u00e2me,<\/i>, 1435.<br \/>Oxford, Bodleian Library, ms Douce 305, fol 44r.<\/figcaption><\/figure><\/li><li class=\"wp-block-jetpack-slideshow_slide swiper-slide\"><figure><img loading=\"lazy\" decoding=\"async\" width=\"1528\" height=\"1592\" alt=\"\" class=\"wp-block-jetpack-slideshow_image wp-image-9097\" data-id=\"9097\" data-aspect-ratio=\"1528 \/ 1592\" src=\"https:\/\/faidutti.com\/blog\/licornes\/wp-content\/uploads\/sites\/2\/2026\/04\/Diguleville-pelerinage-de-vie-humaine-et-pelerinage-de-lame-collection-privee-circa-1440.jpg\" srcset=\"https:\/\/faidutti.com\/blog\/licornes\/wp-content\/uploads\/sites\/2\/2026\/04\/Diguleville-pelerinage-de-vie-humaine-et-pelerinage-de-lame-collection-privee-circa-1440.jpg 1528w, https:\/\/faidutti.com\/blog\/licornes\/wp-content\/uploads\/sites\/2\/2026\/04\/Diguleville-pelerinage-de-vie-humaine-et-pelerinage-de-lame-collection-privee-circa-1440-288x300.jpg 288w, https:\/\/faidutti.com\/blog\/licornes\/wp-content\/uploads\/sites\/2\/2026\/04\/Diguleville-pelerinage-de-vie-humaine-et-pelerinage-de-lame-collection-privee-circa-1440-768x800.jpg 768w, https:\/\/faidutti.com\/blog\/licornes\/wp-content\/uploads\/sites\/2\/2026\/04\/Diguleville-pelerinage-de-vie-humaine-et-pelerinage-de-lame-collection-privee-circa-1440-1474x1536.jpg 1474w\" sizes=\"(max-width: 1528px) 100vw, 1528px\" \/><figcaption class=\"wp-block-jetpack-slideshow_caption gallery-caption\">Guillaume de Diguleville, <i>Le p\u00e8lerinage de l\u2019\u00e2me, <\/i>XVe si\u00e8cle. Collection priv\u00e9e.<\/figcaption><\/figure><\/li><\/ul><a class=\"wp-block-jetpack-slideshow_button-prev swiper-button-prev swiper-button-white\" role=\"button\"><\/a><a class=\"wp-block-jetpack-slideshow_button-next swiper-button-next swiper-button-white\" role=\"button\"><\/a><a aria-label=\"Pause Slideshow\" class=\"wp-block-jetpack-slideshow_button-pause\" role=\"button\"><\/a><div class=\"wp-block-jetpack-slideshow_pagination swiper-pagination swiper-pagination-white\"><\/div><\/div><\/div>\n\n\n\n<p>Le <em>Livre de la vigne Notre Seigneur<\/em> est un texte curieux, qui d\u00e9crit de mani\u00e8re d\u00e9taill\u00e9e mais un peu d\u00e9sordonn\u00e9e les \u00e9v\u00e9nements pr\u00e9c\u00e9dant l&#8217;Apocalypse<a href=\"https:\/\/faidutti.com\/blog\/licornes\/#_ftn1\">[1]<\/a>. <a rel=\"noreferrer noopener\" href=\"https:\/\/digital.bodleian.ox.ac.uk\/objects\/171e2f9a-37fa-4d0b-ac70-9cab486f7ace\/\" data-type=\"URL\" data-id=\"https:\/\/digital.bodleian.ox.ac.uk\/objects\/171e2f9a-37fa-4d0b-ac70-9cab486f7ace\/\" target=\"_blank\">L&#8217;unique manuscrit conserv\u00e9<\/a>, copi\u00e9 vers 1450 et magnifiquement illustr\u00e9, se trouve \u00e0 Oxford, \u00e0 la Bodl\u00e9ienne. La majorit\u00e9 des d\u00e9mons y sont arm\u00e9s de deux corne, mais ceux \u00e0 une corne ne sont pas rares et leur corne, souvent de couleur verte, y est toujours spiral\u00e9e.<\/p>\n\n\n\n<div class=\"wp-block-jetpack-slideshow aligncenter\" data-effect=\"slide\"><div class=\"wp-block-jetpack-slideshow_container swiper\"><ul class=\"wp-block-jetpack-slideshow_swiper-wrapper swiper-wrapper\"><li class=\"wp-block-jetpack-slideshow_slide swiper-slide\"><figure><img loading=\"lazy\" decoding=\"async\" width=\"1458\" height=\"2048\" alt=\"\" class=\"wp-block-jetpack-slideshow_image wp-image-2810\" data-id=\"2810\" src=\"https:\/\/faidutti.com\/blog\/licornes\/wp-content\/uploads\/sites\/2\/2021\/05\/Bodleian-Library-MS-Douce-134_00146_fol-67v-1458x2048.jpg\" srcset=\"https:\/\/faidutti.com\/blog\/licornes\/wp-content\/uploads\/sites\/2\/2021\/05\/Bodleian-Library-MS-Douce-134_00146_fol-67v-1458x2048.jpg 1458w, https:\/\/faidutti.com\/blog\/licornes\/wp-content\/uploads\/sites\/2\/2021\/05\/Bodleian-Library-MS-Douce-134_00146_fol-67v-214x300.jpg 214w, https:\/\/faidutti.com\/blog\/licornes\/wp-content\/uploads\/sites\/2\/2021\/05\/Bodleian-Library-MS-Douce-134_00146_fol-67v-768x1079.jpg 768w, https:\/\/faidutti.com\/blog\/licornes\/wp-content\/uploads\/sites\/2\/2021\/05\/Bodleian-Library-MS-Douce-134_00146_fol-67v-1094x1536.jpg 1094w, https:\/\/faidutti.com\/blog\/licornes\/wp-content\/uploads\/sites\/2\/2021\/05\/Bodleian-Library-MS-Douce-134_00146_fol-67v-scaled.jpg 1823w\" sizes=\"(max-width: 1458px) 100vw, 1458px\" \/><figcaption class=\"wp-block-jetpack-slideshow_caption gallery-caption\">Lucifer, au centre, attend le Jugement dernier.<br \/><i>Le Livre de la vigne nostre Seigneur<\/i>, XVe si\u00e8cle.<br \/>\nOxford, Bodleian Library, ms Douce 134, fol 67v.\n<\/figcaption><\/figure><\/li><li class=\"wp-block-jetpack-slideshow_slide swiper-slide\"><figure><img loading=\"lazy\" decoding=\"async\" width=\"2048\" height=\"1324\" alt=\"\" class=\"wp-block-jetpack-slideshow_image wp-image-2462\" data-id=\"2462\" src=\"https:\/\/faidutti.com\/blog\/licornes\/wp-content\/uploads\/sites\/2\/2021\/05\/Bodleian-ms-Douce-134-fol-82v-2048x1324.jpg\" srcset=\"https:\/\/faidutti.com\/blog\/licornes\/wp-content\/uploads\/sites\/2\/2021\/05\/Bodleian-ms-Douce-134-fol-82v-2048x1324.jpg 2048w, https:\/\/faidutti.com\/blog\/licornes\/wp-content\/uploads\/sites\/2\/2021\/05\/Bodleian-ms-Douce-134-fol-82v-300x194.jpg 300w, https:\/\/faidutti.com\/blog\/licornes\/wp-content\/uploads\/sites\/2\/2021\/05\/Bodleian-ms-Douce-134-fol-82v-768x496.jpg 768w, https:\/\/faidutti.com\/blog\/licornes\/wp-content\/uploads\/sites\/2\/2021\/05\/Bodleian-ms-Douce-134-fol-82v-1536x993.jpg 1536w, https:\/\/faidutti.com\/blog\/licornes\/wp-content\/uploads\/sites\/2\/2021\/05\/Bodleian-ms-Douce-134-fol-82v-464x300.jpg 464w\" sizes=\"(max-width: 2048px) 100vw, 2048px\" \/><figcaption class=\"wp-block-jetpack-slideshow_caption gallery-caption\"><i>Pour ce que avons tr\u00e9pass\u00e9s<br \/>De Dieu les saints commandements<br \/>\nEn cette fournaise entass\u00e9s<br \/>Sommes en horribles tourments\u2026<br \/>\nLe livre de la vigne Nostre Seigneur<\/i>, circa 1460.<br \/>\nOxford, Bodleian Library, ms Douce 134, fol 98r.\n<\/figcaption><\/figure><\/li><li class=\"wp-block-jetpack-slideshow_slide swiper-slide\"><figure><img loading=\"lazy\" decoding=\"async\" width=\"2048\" height=\"1971\" alt=\"\" class=\"wp-block-jetpack-slideshow_image wp-image-2816\" data-id=\"2816\" src=\"https:\/\/faidutti.com\/blog\/licornes\/wp-content\/uploads\/sites\/2\/2021\/05\/Bodleian-Library-MS-Douce-134_00187_fol-88r-2048x1971.jpg\" srcset=\"https:\/\/faidutti.com\/blog\/licornes\/wp-content\/uploads\/sites\/2\/2021\/05\/Bodleian-Library-MS-Douce-134_00187_fol-88r-2048x1971.jpg 2048w, https:\/\/faidutti.com\/blog\/licornes\/wp-content\/uploads\/sites\/2\/2021\/05\/Bodleian-Library-MS-Douce-134_00187_fol-88r-300x289.jpg 300w, https:\/\/faidutti.com\/blog\/licornes\/wp-content\/uploads\/sites\/2\/2021\/05\/Bodleian-Library-MS-Douce-134_00187_fol-88r-768x739.jpg 768w, https:\/\/faidutti.com\/blog\/licornes\/wp-content\/uploads\/sites\/2\/2021\/05\/Bodleian-Library-MS-Douce-134_00187_fol-88r-1536x1478.jpg 1536w, https:\/\/faidutti.com\/blog\/licornes\/wp-content\/uploads\/sites\/2\/2021\/05\/Bodleian-Library-MS-Douce-134_00187_fol-88r-312x300.jpg 312w\" sizes=\"(max-width: 2048px) 100vw, 2048px\" \/><figcaption class=\"wp-block-jetpack-slideshow_caption gallery-caption\">Le Lethe et le Cocyte, deux fleuves des enfers grecs, se retrouvent dans ce texte chr\u00e9tien. <br \/><i>Le Livre de la vigne nostre Seigneur<\/i>, XVe si\u00e8cle.<br \/>\nOxford, Bodleian Library, ms Douce 134, fol 88r.\n<\/figcaption><\/figure><\/li><li class=\"wp-block-jetpack-slideshow_slide swiper-slide\"><figure><img loading=\"lazy\" decoding=\"async\" width=\"2048\" height=\"1508\" alt=\"\" class=\"wp-block-jetpack-slideshow_image wp-image-2818\" data-id=\"2818\" src=\"https:\/\/faidutti.com\/blog\/licornes\/wp-content\/uploads\/sites\/2\/2021\/05\/Bodleian-Library-MS-Douce-134_00185_fol-87r-2048x1508.jpg\" srcset=\"https:\/\/faidutti.com\/blog\/licornes\/wp-content\/uploads\/sites\/2\/2021\/05\/Bodleian-Library-MS-Douce-134_00185_fol-87r-2048x1508.jpg 2048w, https:\/\/faidutti.com\/blog\/licornes\/wp-content\/uploads\/sites\/2\/2021\/05\/Bodleian-Library-MS-Douce-134_00185_fol-87r-300x221.jpg 300w, https:\/\/faidutti.com\/blog\/licornes\/wp-content\/uploads\/sites\/2\/2021\/05\/Bodleian-Library-MS-Douce-134_00185_fol-87r-768x566.jpg 768w, https:\/\/faidutti.com\/blog\/licornes\/wp-content\/uploads\/sites\/2\/2021\/05\/Bodleian-Library-MS-Douce-134_00185_fol-87r-1536x1131.jpg 1536w, https:\/\/faidutti.com\/blog\/licornes\/wp-content\/uploads\/sites\/2\/2021\/05\/Bodleian-Library-MS-Douce-134_00185_fol-87r-407x300.jpg 407w\" sizes=\"(max-width: 2048px) 100vw, 2048px\" \/><figcaption class=\"wp-block-jetpack-slideshow_caption gallery-caption\">La bouche des enfers.<i>Le Livre de la vigne nostre Seigneur<\/i>, XVe si\u00e8cle.<br \/>\nOxford, Bodleian Library, ms Douce 134, fol 87r.\n<\/figcaption><\/figure><\/li><li class=\"wp-block-jetpack-slideshow_slide swiper-slide\"><figure><img loading=\"lazy\" decoding=\"async\" width=\"2048\" height=\"1684\" alt=\"\" class=\"wp-block-jetpack-slideshow_image wp-image-2817\" data-id=\"2817\" src=\"https:\/\/faidutti.com\/blog\/licornes\/wp-content\/uploads\/sites\/2\/2021\/05\/Bodleian-Library-MS-Douce-134_00166_fol-77v-2048x1684.jpg\" srcset=\"https:\/\/faidutti.com\/blog\/licornes\/wp-content\/uploads\/sites\/2\/2021\/05\/Bodleian-Library-MS-Douce-134_00166_fol-77v-2048x1684.jpg 2048w, https:\/\/faidutti.com\/blog\/licornes\/wp-content\/uploads\/sites\/2\/2021\/05\/Bodleian-Library-MS-Douce-134_00166_fol-77v-300x247.jpg 300w, https:\/\/faidutti.com\/blog\/licornes\/wp-content\/uploads\/sites\/2\/2021\/05\/Bodleian-Library-MS-Douce-134_00166_fol-77v-768x632.jpg 768w, https:\/\/faidutti.com\/blog\/licornes\/wp-content\/uploads\/sites\/2\/2021\/05\/Bodleian-Library-MS-Douce-134_00166_fol-77v-1536x1263.jpg 1536w, https:\/\/faidutti.com\/blog\/licornes\/wp-content\/uploads\/sites\/2\/2021\/05\/Bodleian-Library-MS-Douce-134_00166_fol-77v-365x300.jpg 365w\" sizes=\"(max-width: 2048px) 100vw, 2048px\" \/><figcaption class=\"wp-block-jetpack-slideshow_caption gallery-caption\">Lucifer, au centre, attend le Jugement dernier.<br \/><i>Le Livre de la vigne nostre Seigneur<\/i>, XVe si\u00e8cle.<br \/>\nOxford, Bodleian Library, ms Douce 134, fol 77v.\n<\/figcaption><\/figure><\/li><li class=\"wp-block-jetpack-slideshow_slide swiper-slide\"><figure><img loading=\"lazy\" decoding=\"async\" width=\"1396\" height=\"2048\" alt=\"\" class=\"wp-block-jetpack-slideshow_image wp-image-2819\" data-id=\"2819\" src=\"https:\/\/faidutti.com\/blog\/licornes\/wp-content\/uploads\/sites\/2\/2021\/05\/Bodleian-Library-MS-Douce-134_00205_fol-98r-1396x2048.jpg\" srcset=\"https:\/\/faidutti.com\/blog\/licornes\/wp-content\/uploads\/sites\/2\/2021\/05\/Bodleian-Library-MS-Douce-134_00205_fol-98r-1396x2048.jpg 1396w, https:\/\/faidutti.com\/blog\/licornes\/wp-content\/uploads\/sites\/2\/2021\/05\/Bodleian-Library-MS-Douce-134_00205_fol-98r-205x300.jpg 205w, https:\/\/faidutti.com\/blog\/licornes\/wp-content\/uploads\/sites\/2\/2021\/05\/Bodleian-Library-MS-Douce-134_00205_fol-98r-768x1126.jpg 768w, https:\/\/faidutti.com\/blog\/licornes\/wp-content\/uploads\/sites\/2\/2021\/05\/Bodleian-Library-MS-Douce-134_00205_fol-98r-1047x1536.jpg 1047w, https:\/\/faidutti.com\/blog\/licornes\/wp-content\/uploads\/sites\/2\/2021\/05\/Bodleian-Library-MS-Douce-134_00205_fol-98r-scaled.jpg 1746w\" sizes=\"(max-width: 1396px) 100vw, 1396px\" \/><figcaption class=\"wp-block-jetpack-slideshow_caption gallery-caption\">Une repr\u00e9sentation assez inhabituelle de la b\u00eate de l&#8217;Apocalypse, avec ses sept t\u00eates et ses dix cornes.<br \/><i>Le Livre de la vigne nostre Seigneur<\/i>, XVe si\u00e8cle.<br \/>\nOxford, Bodleian Library, ms Douce 134, fol 98r.\n<\/figcaption><\/figure><\/li><\/ul><a class=\"wp-block-jetpack-slideshow_button-prev swiper-button-prev swiper-button-white\" role=\"button\"><\/a><a class=\"wp-block-jetpack-slideshow_button-next swiper-button-next swiper-button-white\" role=\"button\"><\/a><a aria-label=\"Pause Slideshow\" class=\"wp-block-jetpack-slideshow_button-pause\" role=\"button\"><\/a><div class=\"wp-block-jetpack-slideshow_pagination swiper-pagination swiper-pagination-white\"><\/div><\/div><\/div>\n\n\n\n<p>Au XVe si\u00e8cle, sur <a rel=\"noreferrer noopener\" href=\"https:\/\/gallica.bnf.fr\/ark:\/12148\/btv1b8451109t?rk=21459;2#\" target=\"_blank\">un tr\u00e8s beau manuscrit des <em>Miracles de Notre Dame<\/em><\/a> d\u00e9cor\u00e9 de miniatures flamandes en grisaille, d\u00e9mons et sorciers peuvent avoir une, deux ou trois cornes. Les d\u00e9mons unicornes, mais aussi les tricornes et m\u00eame quelques bicornes, surtout lorsqu&#8217;ils portent leurs cornes l&#8217;une derri\u00e8re l&#8217;autre, semblent arm\u00e9s de cornes de licornes, longues, droites, blanches et spiral\u00e9es.<\/p>\n\n\n\n<div class=\"wp-block-jetpack-slideshow aligncenter\" data-effect=\"slide\"><div class=\"wp-block-jetpack-slideshow_container swiper\"><ul class=\"wp-block-jetpack-slideshow_swiper-wrapper swiper-wrapper\"><li class=\"wp-block-jetpack-slideshow_slide swiper-slide\"><figure><img loading=\"lazy\" decoding=\"async\" width=\"2048\" height=\"1035\" alt=\"\" class=\"wp-block-jetpack-slideshow_image wp-image-2466\" data-id=\"2466\" src=\"https:\/\/faidutti.com\/blog\/licornes\/wp-content\/uploads\/sites\/2\/2021\/05\/BN-ms-fr-9198-Miracles-de-Notre-Dame-fol-47r-2048x1035.jpg\" srcset=\"https:\/\/faidutti.com\/blog\/licornes\/wp-content\/uploads\/sites\/2\/2021\/05\/BN-ms-fr-9198-Miracles-de-Notre-Dame-fol-47r-2048x1035.jpg 2048w, https:\/\/faidutti.com\/blog\/licornes\/wp-content\/uploads\/sites\/2\/2021\/05\/BN-ms-fr-9198-Miracles-de-Notre-Dame-fol-47r-300x152.jpg 300w, https:\/\/faidutti.com\/blog\/licornes\/wp-content\/uploads\/sites\/2\/2021\/05\/BN-ms-fr-9198-Miracles-de-Notre-Dame-fol-47r-768x388.jpg 768w, https:\/\/faidutti.com\/blog\/licornes\/wp-content\/uploads\/sites\/2\/2021\/05\/BN-ms-fr-9198-Miracles-de-Notre-Dame-fol-47r-1536x776.jpg 1536w, https:\/\/faidutti.com\/blog\/licornes\/wp-content\/uploads\/sites\/2\/2021\/05\/BN-ms-fr-9198-Miracles-de-Notre-Dame-fol-47r-500x253.jpg 500w\" sizes=\"(max-width: 2048px) 100vw, 2048px\" \/><figcaption class=\"wp-block-jetpack-slideshow_caption gallery-caption\"><i>Vie et miracles de Notre Dame,<\/i> fin du XVe si\u00e8cle. Remarquez aussi les cornes de Mo\u00efse, \u00e0 gauche.<br \/>BNF, ms fr 9198, fol 47r.<\/figcaption><\/figure><\/li><li class=\"wp-block-jetpack-slideshow_slide swiper-slide\"><figure><img loading=\"lazy\" decoding=\"async\" width=\"1149\" height=\"998\" alt=\"\" class=\"wp-block-jetpack-slideshow_image wp-image-2736\" data-id=\"2736\" src=\"https:\/\/faidutti.com\/blog\/licornes\/wp-content\/uploads\/sites\/2\/2021\/05\/Corne-du-diable-11-BN-ms-fr-9198-Miracles-de-Notre-Dame-fol-47r.jpg\" srcset=\"https:\/\/faidutti.com\/blog\/licornes\/wp-content\/uploads\/sites\/2\/2021\/05\/Corne-du-diable-11-BN-ms-fr-9198-Miracles-de-Notre-Dame-fol-47r.jpg 1149w, https:\/\/faidutti.com\/blog\/licornes\/wp-content\/uploads\/sites\/2\/2021\/05\/Corne-du-diable-11-BN-ms-fr-9198-Miracles-de-Notre-Dame-fol-47r-300x261.jpg 300w, https:\/\/faidutti.com\/blog\/licornes\/wp-content\/uploads\/sites\/2\/2021\/05\/Corne-du-diable-11-BN-ms-fr-9198-Miracles-de-Notre-Dame-fol-47r-768x667.jpg 768w, https:\/\/faidutti.com\/blog\/licornes\/wp-content\/uploads\/sites\/2\/2021\/05\/Corne-du-diable-11-BN-ms-fr-9198-Miracles-de-Notre-Dame-fol-47r-345x300.jpg 345w\" sizes=\"(max-width: 1149px) 100vw, 1149px\" \/><\/figure><\/li><li class=\"wp-block-jetpack-slideshow_slide swiper-slide\"><figure><img loading=\"lazy\" decoding=\"async\" width=\"2048\" height=\"1288\" alt=\"\" class=\"wp-block-jetpack-slideshow_image wp-image-2467\" data-id=\"2467\" src=\"https:\/\/faidutti.com\/blog\/licornes\/wp-content\/uploads\/sites\/2\/2021\/05\/BN-ms-fr-9198-Miracles-de-Notre-Dame-fol-51r-2048x1288.jpg\" srcset=\"https:\/\/faidutti.com\/blog\/licornes\/wp-content\/uploads\/sites\/2\/2021\/05\/BN-ms-fr-9198-Miracles-de-Notre-Dame-fol-51r-2048x1288.jpg 2048w, https:\/\/faidutti.com\/blog\/licornes\/wp-content\/uploads\/sites\/2\/2021\/05\/BN-ms-fr-9198-Miracles-de-Notre-Dame-fol-51r-300x189.jpg 300w, https:\/\/faidutti.com\/blog\/licornes\/wp-content\/uploads\/sites\/2\/2021\/05\/BN-ms-fr-9198-Miracles-de-Notre-Dame-fol-51r-768x483.jpg 768w, https:\/\/faidutti.com\/blog\/licornes\/wp-content\/uploads\/sites\/2\/2021\/05\/BN-ms-fr-9198-Miracles-de-Notre-Dame-fol-51r-1536x966.jpg 1536w, https:\/\/faidutti.com\/blog\/licornes\/wp-content\/uploads\/sites\/2\/2021\/05\/BN-ms-fr-9198-Miracles-de-Notre-Dame-fol-51r-477x300.jpg 477w\" sizes=\"(max-width: 2048px) 100vw, 2048px\" \/><figcaption class=\"wp-block-jetpack-slideshow_caption gallery-caption\"><i>Vie et miracles de Notre Dame,<\/i> fin du XVe si\u00e8cle.<br \/>BNF, ms fr 9198, fol 51r.<\/figcaption><\/figure><\/li><li class=\"wp-block-jetpack-slideshow_slide swiper-slide\"><figure><img loading=\"lazy\" decoding=\"async\" width=\"1407\" height=\"967\" alt=\"\" class=\"wp-block-jetpack-slideshow_image wp-image-2734\" data-id=\"2734\" src=\"https:\/\/faidutti.com\/blog\/licornes\/wp-content\/uploads\/sites\/2\/2021\/05\/BN-ms-fr-9198-Miracles-de-Notre-Dame-fol-51r-1.jpg\" srcset=\"https:\/\/faidutti.com\/blog\/licornes\/wp-content\/uploads\/sites\/2\/2021\/05\/BN-ms-fr-9198-Miracles-de-Notre-Dame-fol-51r-1.jpg 1407w, https:\/\/faidutti.com\/blog\/licornes\/wp-content\/uploads\/sites\/2\/2021\/05\/BN-ms-fr-9198-Miracles-de-Notre-Dame-fol-51r-1-300x206.jpg 300w, https:\/\/faidutti.com\/blog\/licornes\/wp-content\/uploads\/sites\/2\/2021\/05\/BN-ms-fr-9198-Miracles-de-Notre-Dame-fol-51r-1-768x528.jpg 768w, https:\/\/faidutti.com\/blog\/licornes\/wp-content\/uploads\/sites\/2\/2021\/05\/BN-ms-fr-9198-Miracles-de-Notre-Dame-fol-51r-1-437x300.jpg 437w\" sizes=\"(max-width: 1407px) 100vw, 1407px\" \/><\/figure><\/li><li class=\"wp-block-jetpack-slideshow_slide swiper-slide\"><figure><img loading=\"lazy\" decoding=\"async\" width=\"2048\" height=\"1205\" alt=\"\" class=\"wp-block-jetpack-slideshow_image wp-image-2468\" data-id=\"2468\" src=\"https:\/\/faidutti.com\/blog\/licornes\/wp-content\/uploads\/sites\/2\/2021\/05\/BN-ms-fr-9198-Miracles-de-Notre-Dame-fol-96r-2048x1205.jpg\" srcset=\"https:\/\/faidutti.com\/blog\/licornes\/wp-content\/uploads\/sites\/2\/2021\/05\/BN-ms-fr-9198-Miracles-de-Notre-Dame-fol-96r-2048x1205.jpg 2048w, https:\/\/faidutti.com\/blog\/licornes\/wp-content\/uploads\/sites\/2\/2021\/05\/BN-ms-fr-9198-Miracles-de-Notre-Dame-fol-96r-300x177.jpg 300w, https:\/\/faidutti.com\/blog\/licornes\/wp-content\/uploads\/sites\/2\/2021\/05\/BN-ms-fr-9198-Miracles-de-Notre-Dame-fol-96r-768x452.jpg 768w, https:\/\/faidutti.com\/blog\/licornes\/wp-content\/uploads\/sites\/2\/2021\/05\/BN-ms-fr-9198-Miracles-de-Notre-Dame-fol-96r-1536x904.jpg 1536w, https:\/\/faidutti.com\/blog\/licornes\/wp-content\/uploads\/sites\/2\/2021\/05\/BN-ms-fr-9198-Miracles-de-Notre-Dame-fol-96r-500x294.jpg 500w\" sizes=\"(max-width: 2048px) 100vw, 2048px\" \/><figcaption class=\"wp-block-jetpack-slideshow_caption gallery-caption\"><i>Vie et miracles de Notre Dame,<\/i> fin du XVe si\u00e8cle.<br \/>BNF, ms fr 9198, fol 96r.<\/figcaption><\/figure><\/li><li class=\"wp-block-jetpack-slideshow_slide swiper-slide\"><figure><img loading=\"lazy\" decoding=\"async\" width=\"1291\" height=\"809\" alt=\"\" class=\"wp-block-jetpack-slideshow_image wp-image-2735\" data-id=\"2735\" src=\"https:\/\/faidutti.com\/blog\/licornes\/wp-content\/uploads\/sites\/2\/2021\/05\/BN-ms-fr-9198-Miracles-de-Notre-Dame-fol-96r-1.jpg\" srcset=\"https:\/\/faidutti.com\/blog\/licornes\/wp-content\/uploads\/sites\/2\/2021\/05\/BN-ms-fr-9198-Miracles-de-Notre-Dame-fol-96r-1.jpg 1291w, https:\/\/faidutti.com\/blog\/licornes\/wp-content\/uploads\/sites\/2\/2021\/05\/BN-ms-fr-9198-Miracles-de-Notre-Dame-fol-96r-1-300x188.jpg 300w, https:\/\/faidutti.com\/blog\/licornes\/wp-content\/uploads\/sites\/2\/2021\/05\/BN-ms-fr-9198-Miracles-de-Notre-Dame-fol-96r-1-768x481.jpg 768w, https:\/\/faidutti.com\/blog\/licornes\/wp-content\/uploads\/sites\/2\/2021\/05\/BN-ms-fr-9198-Miracles-de-Notre-Dame-fol-96r-1-479x300.jpg 479w\" sizes=\"(max-width: 1291px) 100vw, 1291px\" \/><\/figure><\/li><\/ul><a class=\"wp-block-jetpack-slideshow_button-prev swiper-button-prev swiper-button-white\" role=\"button\"><\/a><a class=\"wp-block-jetpack-slideshow_button-next swiper-button-next swiper-button-white\" role=\"button\"><\/a><a aria-label=\"Pause Slideshow\" class=\"wp-block-jetpack-slideshow_button-pause\" role=\"button\"><\/a><div class=\"wp-block-jetpack-slideshow_pagination swiper-pagination swiper-pagination-white\"><\/div><\/div><\/div>\n\n\n\n<p>Une \u00e9dition de 1481 de la Divine Com\u00e9die de Dante est illustr\u00e9e de gravures peut-\u00eatre copi\u00e9es sur des dessins de Botticelli. On y entr\u2019aper\u00e7oit, perdus dans la foule infernale, quelques diables unicornes. Quelques ann\u00e9es plus tard, un riche italien, sans doute un Medicis, commanda \u00e0 Botticelli des dessins pour un luxueux exemplaire manuscrit, rest\u00e9 inachev\u00e9&nbsp;; seuls quelques dessins ont \u00e9t\u00e9 encr\u00e9 et un seul a \u00e9t\u00e9 colori\u00e9. Je n\u2019y ai pas vu de d\u00e9mon unicorne, mais je n\u2019ai pas consult\u00e9 tous les feuillets, qui sont \u00e9parpill\u00e9s entre plusieurs biblioth\u00e8ques, et les dessins sont si foisonnants que j\u2019ai fort bien pu passer \u00e0 c\u00f4t\u00e9. La plupart des d\u00e9mons de cet enfer sont tr\u00e8s classiquement arm\u00e9s de deux courtes cornes incurv\u00e9es, parfois annel\u00e9es comme celles d\u2019un bouc, parfois lisses comme celles d\u2019un taureau. Quelques diables cependant, qui semblent avoir un rang hi\u00e9rarchique relativement \u00e9lev\u00e9, sont tricornes. Ils portent tout \u00e0 la fois deux cornes lat\u00e9rales courbes et lisses comme celles des taureaux et une corne centrale de licorne bien droite et spiral\u00e9e. <\/p>\n\n\n\n<div class=\"wp-block-jetpack-slideshow aligncenter\" data-effect=\"slide\"><div class=\"wp-block-jetpack-slideshow_container swiper\"><ul class=\"wp-block-jetpack-slideshow_swiper-wrapper swiper-wrapper\"><li class=\"wp-block-jetpack-slideshow_slide swiper-slide\"><figure><img loading=\"lazy\" decoding=\"async\" width=\"2048\" height=\"1585\" alt=\"\" class=\"wp-block-jetpack-slideshow_image wp-image-2470\" data-id=\"2470\" src=\"https:\/\/faidutti.com\/blog\/licornes\/wp-content\/uploads\/sites\/2\/2021\/05\/Demons-Botticelli-2048x1585.jpg\" srcset=\"https:\/\/faidutti.com\/blog\/licornes\/wp-content\/uploads\/sites\/2\/2021\/05\/Demons-Botticelli-2048x1585.jpg 2048w, https:\/\/faidutti.com\/blog\/licornes\/wp-content\/uploads\/sites\/2\/2021\/05\/Demons-Botticelli-300x232.jpg 300w, https:\/\/faidutti.com\/blog\/licornes\/wp-content\/uploads\/sites\/2\/2021\/05\/Demons-Botticelli-768x594.jpg 768w, https:\/\/faidutti.com\/blog\/licornes\/wp-content\/uploads\/sites\/2\/2021\/05\/Demons-Botticelli-1536x1188.jpg 1536w, https:\/\/faidutti.com\/blog\/licornes\/wp-content\/uploads\/sites\/2\/2021\/05\/Demons-Botticelli-388x300.jpg 388w\" sizes=\"(max-width: 2048px) 100vw, 2048px\" \/><figcaption class=\"wp-block-jetpack-slideshow_caption gallery-caption\">Dessin de Sandro Botticelli illustrant le chant XIX de l\u2019enfer de la <i>Divine Com\u00e9die <\/i>de Dante, circa 1485.\nBerlin, Staatliche Museen, Kupferstichkabinett.\n<\/figcaption><\/figure><\/li><li class=\"wp-block-jetpack-slideshow_slide swiper-slide\"><figure><img loading=\"lazy\" decoding=\"async\" width=\"2048\" height=\"1581\" alt=\"\" class=\"wp-block-jetpack-slideshow_image wp-image-2469\" data-id=\"2469\" src=\"https:\/\/faidutti.com\/blog\/licornes\/wp-content\/uploads\/sites\/2\/2021\/05\/Demons-Botticelli-detail-2048x1581.jpg\" srcset=\"https:\/\/faidutti.com\/blog\/licornes\/wp-content\/uploads\/sites\/2\/2021\/05\/Demons-Botticelli-detail-2048x1581.jpg 2048w, https:\/\/faidutti.com\/blog\/licornes\/wp-content\/uploads\/sites\/2\/2021\/05\/Demons-Botticelli-detail-300x232.jpg 300w, https:\/\/faidutti.com\/blog\/licornes\/wp-content\/uploads\/sites\/2\/2021\/05\/Demons-Botticelli-detail-768x593.jpg 768w, https:\/\/faidutti.com\/blog\/licornes\/wp-content\/uploads\/sites\/2\/2021\/05\/Demons-Botticelli-detail-1536x1185.jpg 1536w, https:\/\/faidutti.com\/blog\/licornes\/wp-content\/uploads\/sites\/2\/2021\/05\/Demons-Botticelli-detail-389x300.jpg 389w\" sizes=\"(max-width: 2048px) 100vw, 2048px\" \/><\/figure><\/li><li class=\"wp-block-jetpack-slideshow_slide swiper-slide\"><figure><img loading=\"lazy\" decoding=\"async\" width=\"1847\" height=\"1918\" alt=\"\" class=\"wp-block-jetpack-slideshow_image wp-image-2477\" data-id=\"2477\" src=\"https:\/\/faidutti.com\/blog\/licornes\/wp-content\/uploads\/sites\/2\/2021\/05\/Rouen-ms-1139-fol-134r-Job-eprouve-par-diable-Histoire-ancienne-jusqua-Cesar-XVe.jpg\" srcset=\"https:\/\/faidutti.com\/blog\/licornes\/wp-content\/uploads\/sites\/2\/2021\/05\/Rouen-ms-1139-fol-134r-Job-eprouve-par-diable-Histoire-ancienne-jusqua-Cesar-XVe.jpg 1847w, https:\/\/faidutti.com\/blog\/licornes\/wp-content\/uploads\/sites\/2\/2021\/05\/Rouen-ms-1139-fol-134r-Job-eprouve-par-diable-Histoire-ancienne-jusqua-Cesar-XVe-289x300.jpg 289w, https:\/\/faidutti.com\/blog\/licornes\/wp-content\/uploads\/sites\/2\/2021\/05\/Rouen-ms-1139-fol-134r-Job-eprouve-par-diable-Histoire-ancienne-jusqua-Cesar-XVe-768x798.jpg 768w, https:\/\/faidutti.com\/blog\/licornes\/wp-content\/uploads\/sites\/2\/2021\/05\/Rouen-ms-1139-fol-134r-Job-eprouve-par-diable-Histoire-ancienne-jusqua-Cesar-XVe-1479x1536.jpg 1479w\" sizes=\"(max-width: 1847px) 100vw, 1847px\" \/><figcaption class=\"wp-block-jetpack-slideshow_caption gallery-caption\">Job \u00e9prouv\u00e9 par le diable.<br \/>\nBiblioth\u00e8que municipale de Rouen, ms 1139, fol 134r.<\/figcaption><\/figure><\/li><li class=\"wp-block-jetpack-slideshow_slide swiper-slide\"><figure><img loading=\"lazy\" decoding=\"async\" width=\"1838\" height=\"2048\" alt=\"\" class=\"wp-block-jetpack-slideshow_image wp-image-3096\" data-id=\"3096\" src=\"https:\/\/faidutti.com\/blog\/licornes\/wp-content\/uploads\/sites\/2\/2021\/09\/BL-Yates-Thompson-ms-31-fol-44r-Matfre-Ermengaux-Breviari-dAmor-XIVe--1838x2048.jpg\" srcset=\"https:\/\/faidutti.com\/blog\/licornes\/wp-content\/uploads\/sites\/2\/2021\/09\/BL-Yates-Thompson-ms-31-fol-44r-Matfre-Ermengaux-Breviari-dAmor-XIVe--1838x2048.jpg 1838w, https:\/\/faidutti.com\/blog\/licornes\/wp-content\/uploads\/sites\/2\/2021\/09\/BL-Yates-Thompson-ms-31-fol-44r-Matfre-Ermengaux-Breviari-dAmor-XIVe--269x300.jpg 269w, https:\/\/faidutti.com\/blog\/licornes\/wp-content\/uploads\/sites\/2\/2021\/09\/BL-Yates-Thompson-ms-31-fol-44r-Matfre-Ermengaux-Breviari-dAmor-XIVe--768x856.jpg 768w, https:\/\/faidutti.com\/blog\/licornes\/wp-content\/uploads\/sites\/2\/2021\/09\/BL-Yates-Thompson-ms-31-fol-44r-Matfre-Ermengaux-Breviari-dAmor-XIVe--1379x1536.jpg 1379w\" sizes=\"(max-width: 1838px) 100vw, 1838px\" \/><figcaption class=\"wp-block-jetpack-slideshow_caption gallery-caption\">Matfre Ermengaux, <i>Breviari d&#8217;Amor<\/i>, XIVe si\u00e8cle.<br \/>\nBritish Library, Yates Thompson ms 31, fol 44r.<\/figcaption><\/figure><\/li><\/ul><a class=\"wp-block-jetpack-slideshow_button-prev swiper-button-prev swiper-button-white\" role=\"button\"><\/a><a class=\"wp-block-jetpack-slideshow_button-next swiper-button-next swiper-button-white\" role=\"button\"><\/a><a aria-label=\"Pause Slideshow\" class=\"wp-block-jetpack-slideshow_button-pause\" role=\"button\"><\/a><div class=\"wp-block-jetpack-slideshow_pagination swiper-pagination swiper-pagination-white\"><\/div><\/div><\/div>\n\n\n\n<p>Dans les univers fantastiques d\u2019aujourd\u2019hui, la corne unique de certaines cr\u00e9atures du mal n\u2019a pas grand-chose \u00e0 voir avec la longue corne de la licorne. Sur le front des diables et des d\u00e9mons, et m\u00eame sur celui des quelques mauvaises licornes, elle est encore noire ou brune, courte, \u00e9paisse et recourb\u00e9e comme une corne de bouc.<\/p>\n\n\n\n<p class=\"has-small-font-size\"> <a href=\"#_ftnref2\">[1]<\/a> Sur tous ces manuscrits, lire l&#8217;\u00e9tude de Dagmar Eichberger, <em>The Visions of Tondal and the depictions of hell and purgatory in XVth century manuscripts<\/em>, 1992<\/p>\n\n\n<div class=\"wp-block-image\">\n<figure class=\"aligncenter size-full\"><img loading=\"lazy\" decoding=\"async\" width=\"560\" height=\"315\" src=\"https:\/\/faidutti.com\/blog\/licornes\/wp-content\/uploads\/sites\/2\/2022\/03\/momotaro1.jpg\" alt=\"\" class=\"wp-image-8586\" srcset=\"https:\/\/faidutti.com\/blog\/licornes\/wp-content\/uploads\/sites\/2\/2022\/03\/momotaro1.jpg 560w, https:\/\/faidutti.com\/blog\/licornes\/wp-content\/uploads\/sites\/2\/2022\/03\/momotaro1-300x169.jpg 300w, https:\/\/faidutti.com\/blog\/licornes\/wp-content\/uploads\/sites\/2\/2022\/03\/momotaro1-500x281.jpg 500w\" sizes=\"auto, (max-width: 560px) 100vw, 560px\" \/><\/figure>\n<\/div>\n\n\n<p class=\"has-small-font-size\"><em>Momotaro, Umi no Shinpei,<\/em> 1945. Dans ce dessin anim\u00e9 de propagande japonais, les am\u00e9ricains sont repr\u00e9sent\u00e9s comme des d\u00e9mons unicornes.<\/p>\n","protected":false},"excerpt":{"rendered":"<p>Les diables peints ou sculpt\u00e9s ont le plus souvent deux cornes, dessin\u00e9es \u00e0 l&#8217;image de celles du bouc ou du taureau. Quelques d\u00e9mons n&#8217;en ont qu&#8217;une, et elle ressemble alors un peu, en plus court cependant, \u00e0 celle de la &hellip; <a href=\"https:\/\/faidutti.com\/blog\/licornes\/2021\/09\/01\/la-corne-du-diable\/\">Continue reading <span class=\"meta-nav\">&rarr;<\/span><\/a><\/p>\n","protected":false},"author":2,"featured_media":2462,"comment_status":"open","ping_status":"open","sticky":false,"template":"","format":"standard","meta":{"_jetpack_memberships_contains_paid_content":false,"footnotes":""},"categories":[5],"tags":[],"class_list":["post-2434","post","type-post","status-publish","format-standard","has-post-thumbnail","hentry","category-demons-et-merveilles-du-monde"],"jetpack_featured_media_url":"https:\/\/faidutti.com\/blog\/licornes\/wp-content\/uploads\/sites\/2\/2021\/05\/Bodleian-ms-Douce-134-fol-82v.jpg","jetpack_sharing_enabled":true,"_links":{"self":[{"href":"https:\/\/faidutti.com\/blog\/licornes\/wp-json\/wp\/v2\/posts\/2434","targetHints":{"allow":["GET"]}}],"collection":[{"href":"https:\/\/faidutti.com\/blog\/licornes\/wp-json\/wp\/v2\/posts"}],"about":[{"href":"https:\/\/faidutti.com\/blog\/licornes\/wp-json\/wp\/v2\/types\/post"}],"author":[{"embeddable":true,"href":"https:\/\/faidutti.com\/blog\/licornes\/wp-json\/wp\/v2\/users\/2"}],"replies":[{"embeddable":true,"href":"https:\/\/faidutti.com\/blog\/licornes\/wp-json\/wp\/v2\/comments?post=2434"}],"version-history":[{"count":46,"href":"https:\/\/faidutti.com\/blog\/licornes\/wp-json\/wp\/v2\/posts\/2434\/revisions"}],"predecessor-version":[{"id":9122,"href":"https:\/\/faidutti.com\/blog\/licornes\/wp-json\/wp\/v2\/posts\/2434\/revisions\/9122"}],"wp:featuredmedia":[{"embeddable":true,"href":"https:\/\/faidutti.com\/blog\/licornes\/wp-json\/wp\/v2\/media\/2462"}],"wp:attachment":[{"href":"https:\/\/faidutti.com\/blog\/licornes\/wp-json\/wp\/v2\/media?parent=2434"}],"wp:term":[{"taxonomy":"category","embeddable":true,"href":"https:\/\/faidutti.com\/blog\/licornes\/wp-json\/wp\/v2\/categories?post=2434"},{"taxonomy":"post_tag","embeddable":true,"href":"https:\/\/faidutti.com\/blog\/licornes\/wp-json\/wp\/v2\/tags?post=2434"}],"curies":[{"name":"wp","href":"https:\/\/api.w.org\/{rel}","templated":true}]}}