{"id":10,"date":"2021-05-18T19:43:00","date_gmt":"2021-05-18T19:43:00","guid":{"rendered":"http:\/\/faidutti.com\/blog\/licornes\/?p=10"},"modified":"2026-04-13T16:16:45","modified_gmt":"2026-04-13T16:16:45","slug":"les-saints-orphee-et-les-licornes","status":"publish","type":"post","link":"https:\/\/faidutti.com\/blog\/licornes\/2021\/05\/18\/les-saints-orphee-et-les-licornes\/","title":{"rendered":"\u2795 La licorne, les saints et Orph\u00e9e"},"content":{"rendered":"\n<p class=\"has-text-color\" style=\"color:#247e38\"><strong>Bien des saints ermites, manquant de compagnie, ont tent\u00e9 d\u2019\u00e9vang\u00e9liser les animaux sauvages. Orph\u00e9e se contentait de jouer de la lyre pour les charmer. Et toujours, la licorne \u00e9tait l\u00e0, souvent au premier rang, comme devant Adam.<\/strong><\/p>\n\n\n<div class=\"wp-block-image is-resized\">\n<figure class=\"aligncenter size-full\"><img loading=\"lazy\" decoding=\"async\" width=\"1325\" height=\"1720\" src=\"https:\/\/faidutti.com\/blog\/licornes\/wp-content\/uploads\/sites\/2\/2021\/05\/bav_pal_lat_1726-fol-49r-Sainte-Flore-.jpg\" alt=\"\" class=\"wp-image-2589\" srcset=\"https:\/\/faidutti.com\/blog\/licornes\/wp-content\/uploads\/sites\/2\/2021\/05\/bav_pal_lat_1726-fol-49r-Sainte-Flore-.jpg 1325w, https:\/\/faidutti.com\/blog\/licornes\/wp-content\/uploads\/sites\/2\/2021\/05\/bav_pal_lat_1726-fol-49r-Sainte-Flore--231x300.jpg 231w, https:\/\/faidutti.com\/blog\/licornes\/wp-content\/uploads\/sites\/2\/2021\/05\/bav_pal_lat_1726-fol-49r-Sainte-Flore--768x997.jpg 768w, https:\/\/faidutti.com\/blog\/licornes\/wp-content\/uploads\/sites\/2\/2021\/05\/bav_pal_lat_1726-fol-49r-Sainte-Flore--1183x1536.jpg 1183w\" sizes=\"auto, (max-width: 1325px) 100vw, 1325px\" \/><figcaption class=\"wp-element-caption\">Sainte Flore pr\u00eachant les animaux sauvages, XVe si\u00e8cle.\nHeidelberg, Universit\u00e4tsbibliothek, ms bav pal lat 1726, fol 49r.\n<\/figcaption><\/figure>\n<\/div>\n\n\n<p>Le statut ontologique de l\u2019animal, plus qu\u2019une chose et moins qu\u2019un homme, \u00e9tait aussi ambigu \u00e0 la fin du Moyen \u00c2ge et \u00e0 la Renaissance qu\u2019il l\u2019est aujourd\u2019hui. D\u2019un c\u00f4t\u00e9, la th\u00e9ologie chr\u00e9tienne fond\u00e9e sur le texte de la Gen\u00e8se distinguait soigneusement l\u2019homme et les b\u00eates, et soumettait celles-ci \u00e0 celui-l\u00e0, comme illustr\u00e9 par les nombreuses repr\u00e9sentations d\u2019Adam, fier et debout, nommant les animaux. Parall\u00e8lement, un autre courant de pens\u00e9e qui trouvait son origine chez Aristote et dans les l\u00e9gendes d\u2019Europe du Nord, insistait sur la continuit\u00e9 entre l\u2019homme et les cr\u00e9atures vivantes et se glissait aussi parfois dans les textes chr\u00e9tiens, notamment les vies de saints.<\/p>\n\n\n<div class=\"wp-block-image is-resized\">\n<figure class=\"aligncenter size-large\"><img loading=\"lazy\" decoding=\"async\" width=\"1539\" height=\"1971\" src=\"https:\/\/faidutti.com\/blog\/licornes\/wp-content\/uploads\/sites\/2\/2021\/05\/BN-ms-latin-9473-fol-176v-Heures-de-Louise-de-Savoie-vers-1450-Saint-Blaise-prechant-aux-animaux.jpg\" alt=\"\" class=\"wp-image-1372\" srcset=\"https:\/\/faidutti.com\/blog\/licornes\/wp-content\/uploads\/sites\/2\/2021\/05\/BN-ms-latin-9473-fol-176v-Heures-de-Louise-de-Savoie-vers-1450-Saint-Blaise-prechant-aux-animaux.jpg 1539w, https:\/\/faidutti.com\/blog\/licornes\/wp-content\/uploads\/sites\/2\/2021\/05\/BN-ms-latin-9473-fol-176v-Heures-de-Louise-de-Savoie-vers-1450-Saint-Blaise-prechant-aux-animaux-234x300.jpg 234w, https:\/\/faidutti.com\/blog\/licornes\/wp-content\/uploads\/sites\/2\/2021\/05\/BN-ms-latin-9473-fol-176v-Heures-de-Louise-de-Savoie-vers-1450-Saint-Blaise-prechant-aux-animaux-768x984.jpg 768w, https:\/\/faidutti.com\/blog\/licornes\/wp-content\/uploads\/sites\/2\/2021\/05\/BN-ms-latin-9473-fol-176v-Heures-de-Louise-de-Savoie-vers-1450-Saint-Blaise-prechant-aux-animaux-1199x1536.jpg 1199w\" sizes=\"auto, (max-width: 1539px) 100vw, 1539px\" \/><figcaption class=\"wp-element-caption\">La vie et le martyre de saint Blaise, Heures de Louise de Savoie, circa 1450. En haut \u00e0 gauche, les animaux, au premier rang desquels la blanche licorne, s\u2019assemblent \u00e0 l\u2019entr\u00e9e de la caverne du saint pour qu\u2019il les nourrisse et soigne ceux d\u2019entre eux qui sont malades. <br \/><span style=\"color:#9e9e9e\" class=\"tadv-color\">BNF, ms latin 9473, fol 176v.    <\/span>      <\/figcaption><\/figure>\n<\/div>\n\n\n<p>Le mod\u00e8le iconographique de Dieu cr\u00e9ant les animaux, puis d\u2019Adam les nommant, a \u00e9t\u00e9 appliqu\u00e9 \u00e0 d\u2019autres sc\u00e8nes chr\u00e9tiennes, mais non bibliques, faisant intervenir des b\u00eates sauvages mais pacifi\u00e9es. Elles prot\u00e8gent Sainte Marie d\u2019\u00c9gypte dans le d\u00e9sert, veillent sereinement le corps du premier martyr Saint \u00c9tienne, et surtout \u00e9coutent avec passion Saint Jean-Baptiste, Saint Blaise, Saint Roch, Saint Mamm\u00e8s de C\u00e9sar\u00e9e, Sainte Flore et quelques autres leur pr\u00eacher l\u2019\u00c9vangile, qui dans le d\u00e9sert, qui dans la for\u00eat.<\/p>\n\n\n\n<div class=\"wp-block-jetpack-slideshow aligncenter\" data-effect=\"slide\" style=\"--aspect-ratio:calc(2560 \/ 2255)\"><div class=\"wp-block-jetpack-slideshow_container swiper\"><ul class=\"wp-block-jetpack-slideshow_swiper-wrapper swiper-wrapper\"><li class=\"wp-block-jetpack-slideshow_slide swiper-slide\"><figure><img loading=\"lazy\" decoding=\"async\" width=\"2560\" height=\"2255\" alt=\"\" class=\"wp-block-jetpack-slideshow_image wp-image-7925\" data-id=\"7925\" data-aspect-ratio=\"2560 \/ 2255\" src=\"https:\/\/faidutti.com\/blog\/licornes\/wp-content\/uploads\/sites\/2\/2022\/03\/Langres-saint-mammes-scaled.jpg\" srcset=\"https:\/\/faidutti.com\/blog\/licornes\/wp-content\/uploads\/sites\/2\/2022\/03\/Langres-saint-mammes-scaled.jpg 2560w, https:\/\/faidutti.com\/blog\/licornes\/wp-content\/uploads\/sites\/2\/2022\/03\/Langres-saint-mammes-300x264.jpg 300w, https:\/\/faidutti.com\/blog\/licornes\/wp-content\/uploads\/sites\/2\/2022\/03\/Langres-saint-mammes-2048x1804.jpg 2048w, https:\/\/faidutti.com\/blog\/licornes\/wp-content\/uploads\/sites\/2\/2022\/03\/Langres-saint-mammes-768x676.jpg 768w, https:\/\/faidutti.com\/blog\/licornes\/wp-content\/uploads\/sites\/2\/2022\/03\/Langres-saint-mammes-1536x1353.jpg 1536w, https:\/\/faidutti.com\/blog\/licornes\/wp-content\/uploads\/sites\/2\/2022\/03\/Langres-saint-mammes-341x300.jpg 341w\" sizes=\"(max-width: 2560px) 100vw, 2560px\" \/><figcaption class=\"wp-block-jetpack-slideshow_caption gallery-caption\"><i>Saint Mamm\u00e8s pr\u00eachant les animaux<\/i>, tapisseri de Jean Couzin, circa 1550. Cath\u00e9drale Saint-Mamm\u00e8s de Langres.<\/figcaption><\/figure><\/li><li class=\"wp-block-jetpack-slideshow_slide swiper-slide\"><figure><img loading=\"lazy\" decoding=\"async\" width=\"1688\" height=\"2048\" alt=\"\" class=\"wp-block-jetpack-slideshow_image wp-image-2569\" data-id=\"2569\" data-aspect-ratio=\"1688 \/ 2048\" src=\"https:\/\/faidutti.com\/blog\/licornes\/wp-content\/uploads\/sites\/2\/2021\/05\/BL-Royal-2-B-XIII-f.ol-19v-Evangiles-Saint-Jean-Baptiste-1688x2048-2.jpg\" srcset=\"https:\/\/faidutti.com\/blog\/licornes\/wp-content\/uploads\/sites\/2\/2021\/05\/BL-Royal-2-B-XIII-f.ol-19v-Evangiles-Saint-Jean-Baptiste-1688x2048-2.jpg 1688w, https:\/\/faidutti.com\/blog\/licornes\/wp-content\/uploads\/sites\/2\/2021\/05\/BL-Royal-2-B-XIII-f.ol-19v-Evangiles-Saint-Jean-Baptiste-1688x2048-2-247x300.jpg 247w, https:\/\/faidutti.com\/blog\/licornes\/wp-content\/uploads\/sites\/2\/2021\/05\/BL-Royal-2-B-XIII-f.ol-19v-Evangiles-Saint-Jean-Baptiste-1688x2048-2-768x932.jpg 768w, https:\/\/faidutti.com\/blog\/licornes\/wp-content\/uploads\/sites\/2\/2021\/05\/BL-Royal-2-B-XIII-f.ol-19v-Evangiles-Saint-Jean-Baptiste-1688x2048-2-1266x1536.jpg 1266w\" sizes=\"(max-width: 1688px) 100vw, 1688px\" \/><figcaption class=\"wp-block-jetpack-slideshow_caption gallery-caption\">Saint Jean-Baptiste pr\u00eachant aux animaux. <br \/>Lectionnaire, circa 1508. <br \/>British Library, Royal ms 2 B XIII, fol 27r.<\/figcaption><\/figure><\/li><li class=\"wp-block-jetpack-slideshow_slide swiper-slide\"><figure><img loading=\"lazy\" decoding=\"async\" width=\"1180\" height=\"2048\" alt=\"\" class=\"wp-block-jetpack-slideshow_image wp-image-2587\" data-id=\"2587\" data-aspect-ratio=\"1180 \/ 2048\" src=\"https:\/\/faidutti.com\/blog\/licornes\/wp-content\/uploads\/sites\/2\/2021\/05\/Sacra-di-San-Michele-Saint-Jean-Baptiste-1180x2048-1.jpg\" srcset=\"https:\/\/faidutti.com\/blog\/licornes\/wp-content\/uploads\/sites\/2\/2021\/05\/Sacra-di-San-Michele-Saint-Jean-Baptiste-1180x2048-1.jpg 1180w, https:\/\/faidutti.com\/blog\/licornes\/wp-content\/uploads\/sites\/2\/2021\/05\/Sacra-di-San-Michele-Saint-Jean-Baptiste-1180x2048-1-173x300.jpg 173w, https:\/\/faidutti.com\/blog\/licornes\/wp-content\/uploads\/sites\/2\/2021\/05\/Sacra-di-San-Michele-Saint-Jean-Baptiste-1180x2048-1-768x1333.jpg 768w, https:\/\/faidutti.com\/blog\/licornes\/wp-content\/uploads\/sites\/2\/2021\/05\/Sacra-di-San-Michele-Saint-Jean-Baptiste-1180x2048-1-885x1536.jpg 885w\" sizes=\"(max-width: 1180px) 100vw, 1180px\" \/><figcaption class=\"wp-block-jetpack-slideshow_caption gallery-caption\">Saint Jean Baptiste pr\u00eachant aux animaux, XVIe si\u00e8cle.<br \/>Fresque de l\u2019abbaye Saint-Michel-de-la-Cluse, o\u00f9 Umberto Eco a situ\u00e9 l\u2019action du Nom de la Rose.<\/figcaption><\/figure><\/li><li class=\"wp-block-jetpack-slideshow_slide swiper-slide\"><figure><img loading=\"lazy\" decoding=\"async\" width=\"600\" height=\"800\" alt=\"\" class=\"wp-block-jetpack-slideshow_image wp-image-4878\" data-id=\"4878\" data-aspect-ratio=\"600 \/ 800\" src=\"https:\/\/faidutti.com\/blog\/licornes\/wp-content\/uploads\/sites\/2\/2021\/05\/Eglise-ND-de-lAsomption-Rosnay-lhopital-.jpg\" srcset=\"https:\/\/faidutti.com\/blog\/licornes\/wp-content\/uploads\/sites\/2\/2021\/05\/Eglise-ND-de-lAsomption-Rosnay-lhopital-.jpg 600w, https:\/\/faidutti.com\/blog\/licornes\/wp-content\/uploads\/sites\/2\/2021\/05\/Eglise-ND-de-lAsomption-Rosnay-lhopital--225x300.jpg 225w\" sizes=\"(max-width: 600px) 100vw, 600px\" \/><figcaption class=\"wp-block-jetpack-slideshow_caption gallery-caption\">Saint Jean-Baptiste pr\u00eachant aux animaux, vitrail du XVIe si\u00e8cle.<br \/>\n\u00c9glise Notre Dame de l&#8217;Assomption, Rosnay l&#8217;H\u00f4pital.<\/figcaption><\/figure><\/li><li class=\"wp-block-jetpack-slideshow_slide swiper-slide\"><figure><img loading=\"lazy\" decoding=\"async\" width=\"2560\" height=\"2560\" alt=\"\" class=\"wp-block-jetpack-slideshow_image wp-image-6892\" data-id=\"6892\" data-aspect-ratio=\"2560 \/ 2560\" src=\"https:\/\/faidutti.com\/blog\/licornes\/wp-content\/uploads\/sites\/2\/2022\/03\/Saint-Jean-Baptiste-au-desert-Musee-M-Leuven-Belgique.jpg\" srcset=\"https:\/\/faidutti.com\/blog\/licornes\/wp-content\/uploads\/sites\/2\/2022\/03\/Saint-Jean-Baptiste-au-desert-Musee-M-Leuven-Belgique.jpg 2560w, https:\/\/faidutti.com\/blog\/licornes\/wp-content\/uploads\/sites\/2\/2022\/03\/Saint-Jean-Baptiste-au-desert-Musee-M-Leuven-Belgique-300x300.jpg 300w, https:\/\/faidutti.com\/blog\/licornes\/wp-content\/uploads\/sites\/2\/2022\/03\/Saint-Jean-Baptiste-au-desert-Musee-M-Leuven-Belgique-2048x2048.jpg 2048w, https:\/\/faidutti.com\/blog\/licornes\/wp-content\/uploads\/sites\/2\/2022\/03\/Saint-Jean-Baptiste-au-desert-Musee-M-Leuven-Belgique-150x150.jpg 150w, https:\/\/faidutti.com\/blog\/licornes\/wp-content\/uploads\/sites\/2\/2022\/03\/Saint-Jean-Baptiste-au-desert-Musee-M-Leuven-Belgique-768x768.jpg 768w, https:\/\/faidutti.com\/blog\/licornes\/wp-content\/uploads\/sites\/2\/2022\/03\/Saint-Jean-Baptiste-au-desert-Musee-M-Leuven-Belgique-1536x1536.jpg 1536w\" sizes=\"(max-width: 2560px) 100vw, 2560px\" \/><figcaption class=\"wp-block-jetpack-slideshow_caption gallery-caption\">Jean Baptiste partant pr\u00eacher dans le d\u00e9sert. Vitrail flamand, circa 1540. <br \/>\nMus\u00e9e M, Leuven.<\/figcaption><\/figure><\/li><li class=\"wp-block-jetpack-slideshow_slide swiper-slide\"><figure><img loading=\"lazy\" decoding=\"async\" width=\"1715\" height=\"1885\" alt=\"\" class=\"wp-block-jetpack-slideshow_image wp-image-6893\" data-id=\"6893\" data-aspect-ratio=\"1715 \/ 1885\" src=\"https:\/\/faidutti.com\/blog\/licornes\/wp-content\/uploads\/sites\/2\/2022\/03\/Saint-Jean-Baptiste-au-desert-Musee-M-Leuven-Belgique-detail.jpg\" srcset=\"https:\/\/faidutti.com\/blog\/licornes\/wp-content\/uploads\/sites\/2\/2022\/03\/Saint-Jean-Baptiste-au-desert-Musee-M-Leuven-Belgique-detail.jpg 1715w, https:\/\/faidutti.com\/blog\/licornes\/wp-content\/uploads\/sites\/2\/2022\/03\/Saint-Jean-Baptiste-au-desert-Musee-M-Leuven-Belgique-detail-273x300.jpg 273w, https:\/\/faidutti.com\/blog\/licornes\/wp-content\/uploads\/sites\/2\/2022\/03\/Saint-Jean-Baptiste-au-desert-Musee-M-Leuven-Belgique-detail-768x844.jpg 768w, https:\/\/faidutti.com\/blog\/licornes\/wp-content\/uploads\/sites\/2\/2022\/03\/Saint-Jean-Baptiste-au-desert-Musee-M-Leuven-Belgique-detail-1397x1536.jpg 1397w\" sizes=\"(max-width: 1715px) 100vw, 1715px\" \/><\/figure><\/li><li class=\"wp-block-jetpack-slideshow_slide swiper-slide\"><figure><img loading=\"lazy\" decoding=\"async\" width=\"2000\" height=\"1143\" alt=\"\" class=\"wp-block-jetpack-slideshow_image wp-image-8828\" data-id=\"8828\" data-aspect-ratio=\"2000 \/ 1143\" src=\"https:\/\/faidutti.com\/blog\/licornes\/wp-content\/uploads\/sites\/2\/2026\/02\/Retablo_de-San-Blas-1530-1540-Museo_Diocesano_de_Arte_Antiguo_de_Siguenza_3-detail.jpg\" srcset=\"https:\/\/faidutti.com\/blog\/licornes\/wp-content\/uploads\/sites\/2\/2026\/02\/Retablo_de-San-Blas-1530-1540-Museo_Diocesano_de_Arte_Antiguo_de_Siguenza_3-detail.jpg 2000w, https:\/\/faidutti.com\/blog\/licornes\/wp-content\/uploads\/sites\/2\/2026\/02\/Retablo_de-San-Blas-1530-1540-Museo_Diocesano_de_Arte_Antiguo_de_Siguenza_3-detail-300x171.jpg 300w, https:\/\/faidutti.com\/blog\/licornes\/wp-content\/uploads\/sites\/2\/2026\/02\/Retablo_de-San-Blas-1530-1540-Museo_Diocesano_de_Arte_Antiguo_de_Siguenza_3-detail-768x439.jpg 768w, https:\/\/faidutti.com\/blog\/licornes\/wp-content\/uploads\/sites\/2\/2026\/02\/Retablo_de-San-Blas-1530-1540-Museo_Diocesano_de_Arte_Antiguo_de_Siguenza_3-detail-1536x878.jpg 1536w, https:\/\/faidutti.com\/blog\/licornes\/wp-content\/uploads\/sites\/2\/2026\/02\/Retablo_de-San-Blas-1530-1540-Museo_Diocesano_de_Arte_Antiguo_de_Siguenza_3-detail-500x286.jpg 500w\" sizes=\"(max-width: 2000px) 100vw, 2000px\" \/><figcaption class=\"wp-block-jetpack-slideshow_caption gallery-caption\"><i>Saint Blaise pr\u00eachant aux animaux,<\/i> circa 1540, Mus\u00e9e de la cath\u00e9drale de Siguenza, Espagne.<\/figcaption><\/figure><\/li><li class=\"wp-block-jetpack-slideshow_slide swiper-slide\"><figure><img loading=\"lazy\" decoding=\"async\" width=\"1395\" height=\"2200\" alt=\"\" class=\"wp-block-jetpack-slideshow_image wp-image-9108\" data-id=\"9108\" data-aspect-ratio=\"1395 \/ 2200\" src=\"https:\/\/faidutti.com\/blog\/licornes\/wp-content\/uploads\/sites\/2\/2026\/04\/Saint-Blaise-musee-diocesain-de-Siguenza.jpg\" srcset=\"https:\/\/faidutti.com\/blog\/licornes\/wp-content\/uploads\/sites\/2\/2026\/04\/Saint-Blaise-musee-diocesain-de-Siguenza.jpg 1395w, https:\/\/faidutti.com\/blog\/licornes\/wp-content\/uploads\/sites\/2\/2026\/04\/Saint-Blaise-musee-diocesain-de-Siguenza-190x300.jpg 190w, https:\/\/faidutti.com\/blog\/licornes\/wp-content\/uploads\/sites\/2\/2026\/04\/Saint-Blaise-musee-diocesain-de-Siguenza-1299x2048.jpg 1299w, https:\/\/faidutti.com\/blog\/licornes\/wp-content\/uploads\/sites\/2\/2026\/04\/Saint-Blaise-musee-diocesain-de-Siguenza-768x1211.jpg 768w, https:\/\/faidutti.com\/blog\/licornes\/wp-content\/uploads\/sites\/2\/2026\/04\/Saint-Blaise-musee-diocesain-de-Siguenza-974x1536.jpg 974w\" sizes=\"(max-width: 1395px) 100vw, 1395px\" \/><\/figure><\/li><\/ul><a class=\"wp-block-jetpack-slideshow_button-prev swiper-button-prev swiper-button-white\" role=\"button\"><\/a><a class=\"wp-block-jetpack-slideshow_button-next swiper-button-next swiper-button-white\" role=\"button\"><\/a><a aria-label=\"Pause Slideshow\" class=\"wp-block-jetpack-slideshow_button-pause\" role=\"button\"><\/a><div class=\"wp-block-jetpack-slideshow_pagination swiper-pagination swiper-pagination-white\"><\/div><\/div><\/div>\n\n\n\n<p>La pr\u00e9dication aux b\u00eates sauvages, qui les rapproche de l\u2019homme, est un classique de l\u2019hagiographie l\u00e9gendaire m\u00e9di\u00e9vale. Sur les miniatures, le lion, le cerf et la licorne, les plus christiques des animaux, sont souvent au premier rang, donnant \u00e0 la sc\u00e8ne un caract\u00e8re all\u00e9gorique qui att\u00e9nue ce qu\u2019il pouvait y avoir de th\u00e9ologiquement probl\u00e9matique \u00e0 trop assimiler l\u2019animal \u00e0 l\u2019homme.<br \/>Si Saint Fran\u00e7ois d\u2019Assise, patron des animaux, n\u2019a gu\u00e8re \u00e9t\u00e9 repr\u00e9sent\u00e9 avec une licorne, c\u2019est parce qu\u2019il parlait surtout aux oiseaux et est sans doute venu trop tard dans une Italie o\u00f9 les quadrup\u00e8des unicornes \u00e9taient rares. Je n&#8217;ai trouv\u00e9 qu&#8217;un tableau du XVIIIe si\u00e8cle, donc tardif, o\u00f9 une licorne de mer figure parmi ses auditeurs.<\/p>\n\n\n\n<div class=\"wp-block-jetpack-slideshow aligncenter\" data-effect=\"slide\"><div class=\"wp-block-jetpack-slideshow_container swiper\"><ul class=\"wp-block-jetpack-slideshow_swiper-wrapper swiper-wrapper\"><li class=\"wp-block-jetpack-slideshow_slide swiper-slide\"><figure><img loading=\"lazy\" decoding=\"async\" width=\"2048\" height=\"1675\" alt=\"\" class=\"wp-block-jetpack-slideshow_image wp-image-3836\" data-id=\"3836\" src=\"https:\/\/faidutti.com\/blog\/licornes\/wp-content\/uploads\/sites\/2\/2021\/05\/Johan-Sadeler-Saint-Macaire-dAlexandrie-circa-1585-2048x1675.jpg\" srcset=\"https:\/\/faidutti.com\/blog\/licornes\/wp-content\/uploads\/sites\/2\/2021\/05\/Johan-Sadeler-Saint-Macaire-dAlexandrie-circa-1585-2048x1675.jpg 2048w, https:\/\/faidutti.com\/blog\/licornes\/wp-content\/uploads\/sites\/2\/2021\/05\/Johan-Sadeler-Saint-Macaire-dAlexandrie-circa-1585-300x245.jpg 300w, https:\/\/faidutti.com\/blog\/licornes\/wp-content\/uploads\/sites\/2\/2021\/05\/Johan-Sadeler-Saint-Macaire-dAlexandrie-circa-1585-768x628.jpg 768w, https:\/\/faidutti.com\/blog\/licornes\/wp-content\/uploads\/sites\/2\/2021\/05\/Johan-Sadeler-Saint-Macaire-dAlexandrie-circa-1585-1536x1256.jpg 1536w, https:\/\/faidutti.com\/blog\/licornes\/wp-content\/uploads\/sites\/2\/2021\/05\/Johan-Sadeler-Saint-Macaire-dAlexandrie-circa-1585-367x300.jpg 367w\" sizes=\"(max-width: 2048px) 100vw, 2048px\" \/><figcaption class=\"wp-block-jetpack-slideshow_caption gallery-caption\">Johan Sadeler, <i>Saint Macaire d&#8217;Alexandrie<\/i>, circa 1585.<\/figcaption><\/figure><\/li><li class=\"wp-block-jetpack-slideshow_slide swiper-slide\"><figure><img loading=\"lazy\" decoding=\"async\" width=\"2048\" height=\"1068\" alt=\"\" class=\"wp-block-jetpack-slideshow_image wp-image-6079\" data-id=\"6079\" src=\"https:\/\/faidutti.com\/blog\/licornes\/wp-content\/uploads\/sites\/2\/2022\/03\/St-Jean-Baptiste-pre\u0302chant-aux-animaux-avec-le-fondateur-du-college-Merton-Walter-Merton-Oxford-Merton-College-XVe-photo-Robin-Stevens-2048x1068.jpg\" srcset=\"https:\/\/faidutti.com\/blog\/licornes\/wp-content\/uploads\/sites\/2\/2022\/03\/St-Jean-Baptiste-pre\u0302chant-aux-animaux-avec-le-fondateur-du-college-Merton-Walter-Merton-Oxford-Merton-College-XVe-photo-Robin-Stevens-2048x1068.jpg 2048w, https:\/\/faidutti.com\/blog\/licornes\/wp-content\/uploads\/sites\/2\/2022\/03\/St-Jean-Baptiste-pre\u0302chant-aux-animaux-avec-le-fondateur-du-college-Merton-Walter-Merton-Oxford-Merton-College-XVe-photo-Robin-Stevens-300x156.jpg 300w, https:\/\/faidutti.com\/blog\/licornes\/wp-content\/uploads\/sites\/2\/2022\/03\/St-Jean-Baptiste-pre\u0302chant-aux-animaux-avec-le-fondateur-du-college-Merton-Walter-Merton-Oxford-Merton-College-XVe-photo-Robin-Stevens-768x400.jpg 768w, https:\/\/faidutti.com\/blog\/licornes\/wp-content\/uploads\/sites\/2\/2022\/03\/St-Jean-Baptiste-pre\u0302chant-aux-animaux-avec-le-fondateur-du-college-Merton-Walter-Merton-Oxford-Merton-College-XVe-photo-Robin-Stevens-1536x801.jpg 1536w, https:\/\/faidutti.com\/blog\/licornes\/wp-content\/uploads\/sites\/2\/2022\/03\/St-Jean-Baptiste-pre\u0302chant-aux-animaux-avec-le-fondateur-du-college-Merton-Walter-Merton-Oxford-Merton-College-XVe-photo-Robin-Stevens-500x261.jpg 500w\" sizes=\"(max-width: 2048px) 100vw, 2048px\" \/><figcaption class=\"wp-block-jetpack-slideshow_caption gallery-caption\">Saint Jean baptiste pr\u00eachant aux animaux, panneau sculpt\u00e9 du XVe si\u00e8cle.  Le personnage avec la mitre est Walter Merton, fondateur du coll\u00e8ge.<br \/>Oxford, Merton College.<\/figcaption><\/figure><\/li><li class=\"wp-block-jetpack-slideshow_slide swiper-slide\"><figure><img loading=\"lazy\" decoding=\"async\" width=\"2048\" height=\"695\" alt=\"\" class=\"wp-block-jetpack-slideshow_image wp-image-4866\" data-id=\"4866\" src=\"https:\/\/faidutti.com\/blog\/licornes\/wp-content\/uploads\/sites\/2\/2021\/05\/san-roque-scaled-1-2048x695.jpg\" srcset=\"https:\/\/faidutti.com\/blog\/licornes\/wp-content\/uploads\/sites\/2\/2021\/05\/san-roque-scaled-1-2048x695.jpg 2048w, https:\/\/faidutti.com\/blog\/licornes\/wp-content\/uploads\/sites\/2\/2021\/05\/san-roque-scaled-1-300x102.jpg 300w, https:\/\/faidutti.com\/blog\/licornes\/wp-content\/uploads\/sites\/2\/2021\/05\/san-roque-scaled-1-768x261.jpg 768w, https:\/\/faidutti.com\/blog\/licornes\/wp-content\/uploads\/sites\/2\/2021\/05\/san-roque-scaled-1-1536x521.jpg 1536w, https:\/\/faidutti.com\/blog\/licornes\/wp-content\/uploads\/sites\/2\/2021\/05\/san-roque-scaled-1-500x170.jpg 500w\" sizes=\"(max-width: 2048px) 100vw, 2048px\" \/><figcaption class=\"wp-block-jetpack-slideshow_caption gallery-caption\">Le Tintoret, <i>Saint Roch gu\u00e9rit les animaux malades<\/i>, 1559.<br \/>\n\u00c9glise Saint-Roch, Venise.<\/figcaption><\/figure><\/li><li class=\"wp-block-jetpack-slideshow_slide swiper-slide\"><figure><img loading=\"lazy\" decoding=\"async\" width=\"1425\" height=\"1853\" alt=\"\" class=\"wp-block-jetpack-slideshow_image wp-image-7013\" data-id=\"7013\" src=\"https:\/\/faidutti.com\/blog\/licornes\/wp-content\/uploads\/sites\/2\/2022\/03\/Johan-Baptist-Enderle-preche-de-Saint-Francois-1760-Prediger-Museum-Schwabisch-Gmund.jpg\" srcset=\"https:\/\/faidutti.com\/blog\/licornes\/wp-content\/uploads\/sites\/2\/2022\/03\/Johan-Baptist-Enderle-preche-de-Saint-Francois-1760-Prediger-Museum-Schwabisch-Gmund.jpg 1425w, https:\/\/faidutti.com\/blog\/licornes\/wp-content\/uploads\/sites\/2\/2022\/03\/Johan-Baptist-Enderle-preche-de-Saint-Francois-1760-Prediger-Museum-Schwabisch-Gmund-231x300.jpg 231w, https:\/\/faidutti.com\/blog\/licornes\/wp-content\/uploads\/sites\/2\/2022\/03\/Johan-Baptist-Enderle-preche-de-Saint-Francois-1760-Prediger-Museum-Schwabisch-Gmund-768x999.jpg 768w, https:\/\/faidutti.com\/blog\/licornes\/wp-content\/uploads\/sites\/2\/2022\/03\/Johan-Baptist-Enderle-preche-de-Saint-Francois-1760-Prediger-Museum-Schwabisch-Gmund-1181x1536.jpg 1181w\" sizes=\"(max-width: 1425px) 100vw, 1425px\" \/><figcaption class=\"wp-block-jetpack-slideshow_caption gallery-caption\">Johan Baptist Enderle, <i>Pr\u00e9dication de Saint Fran\u00e7ois<\/i>, 1760. Prediger Museum, Schw\u00e4bisch Gm\u00fcnd.<\/figcaption><\/figure><\/li><li class=\"wp-block-jetpack-slideshow_slide swiper-slide\"><figure><img loading=\"lazy\" decoding=\"async\" width=\"758\" height=\"588\" alt=\"\" class=\"wp-block-jetpack-slideshow_image wp-image-7936\" data-id=\"7936\" src=\"https:\/\/faidutti.com\/blog\/licornes\/wp-content\/uploads\/sites\/2\/2022\/03\/Saint-Macaire-peinture-anonyme-circa-1600-Musee-Cerralbo-Madrid-1-1.jpg\" srcset=\"https:\/\/faidutti.com\/blog\/licornes\/wp-content\/uploads\/sites\/2\/2022\/03\/Saint-Macaire-peinture-anonyme-circa-1600-Musee-Cerralbo-Madrid-1-1.jpg 758w, https:\/\/faidutti.com\/blog\/licornes\/wp-content\/uploads\/sites\/2\/2022\/03\/Saint-Macaire-peinture-anonyme-circa-1600-Musee-Cerralbo-Madrid-1-1-300x233.jpg 300w, https:\/\/faidutti.com\/blog\/licornes\/wp-content\/uploads\/sites\/2\/2022\/03\/Saint-Macaire-peinture-anonyme-circa-1600-Musee-Cerralbo-Madrid-1-1-387x300.jpg 387w\" sizes=\"(max-width: 758px) 100vw, 758px\" \/><figcaption class=\"wp-block-jetpack-slideshow_caption gallery-caption\"><i>Saint Macaire d&#8217;Alexandrie<\/i>, peinture flamande, circa 1600.<br \/>Mus\u00e9e Cerralbo, Madrid.<\/figcaption><\/figure><\/li><\/ul><a class=\"wp-block-jetpack-slideshow_button-prev swiper-button-prev swiper-button-white\" role=\"button\"><\/a><a class=\"wp-block-jetpack-slideshow_button-next swiper-button-next swiper-button-white\" role=\"button\"><\/a><a aria-label=\"Pause Slideshow\" class=\"wp-block-jetpack-slideshow_button-pause\" role=\"button\"><\/a><div class=\"wp-block-jetpack-slideshow_pagination swiper-pagination swiper-pagination-white\"><\/div><\/div><\/div>\n\n\n\n<hr class=\"wp-block-separator has-css-opacity is-style-wide\"\/>\n\n\n\n<p>Les <em>M\u00e9tamorphoses<\/em> d\u2019Ovide sont un long po\u00e8me latin, suite de r\u00e9cits allant de la cr\u00e9ation du monde \u00e0 l\u2019\u00e9poque d\u2019Auguste, dans un univers mythologique gr\u00e9co-latin, donc pa\u00efen. Nul, bien s\u00fbr, n&#8217;y est jamais chang\u00e9 en licorne. R\u00e9dig\u00e9es au d\u00e9but du XIVe si\u00e8cle, <em>Les M\u00e9tamorphoses d\u2019Ovide moralis\u00e9es<\/em> en reprennent la structure dans un contexte plus chr\u00e9tien et furent un des textes les plus recopi\u00e9s, et les plus enlumin\u00e9s, de la fin du Moyen \u00c2ge.<\/p>\n\n\n\n<div class=\"wp-block-jetpack-slideshow aligncenter\" data-effect=\"slide\"><div class=\"wp-block-jetpack-slideshow_container swiper\"><ul class=\"wp-block-jetpack-slideshow_swiper-wrapper swiper-wrapper\"><li class=\"wp-block-jetpack-slideshow_slide swiper-slide\"><figure><img loading=\"lazy\" decoding=\"async\" width=\"2048\" height=\"1300\" alt=\"\" class=\"wp-block-jetpack-slideshow_image wp-image-2586\" data-id=\"2586\" src=\"https:\/\/faidutti.com\/blog\/licornes\/wp-content\/uploads\/sites\/2\/2021\/05\/Lyon-ms-742-fol-4r.jpg\" srcset=\"https:\/\/faidutti.com\/blog\/licornes\/wp-content\/uploads\/sites\/2\/2021\/05\/Lyon-ms-742-fol-4r.jpg 2048w, https:\/\/faidutti.com\/blog\/licornes\/wp-content\/uploads\/sites\/2\/2021\/05\/Lyon-ms-742-fol-4r-300x190.jpg 300w, https:\/\/faidutti.com\/blog\/licornes\/wp-content\/uploads\/sites\/2\/2021\/05\/Lyon-ms-742-fol-4r-768x488.jpg 768w, https:\/\/faidutti.com\/blog\/licornes\/wp-content\/uploads\/sites\/2\/2021\/05\/Lyon-ms-742-fol-4r-1536x975.jpg 1536w, https:\/\/faidutti.com\/blog\/licornes\/wp-content\/uploads\/sites\/2\/2021\/05\/Lyon-ms-742-fol-4r-473x300.jpg 473w\" sizes=\"(max-width: 2048px) 100vw, 2048px\" \/><figcaption class=\"wp-block-jetpack-slideshow_caption gallery-caption\">Cette miniature d&#8217;un manuscrit de la fin du XIVe si\u00e8cle illustre bien le mic mac th\u00e9ologique des M\u00e9tamorphoses moralis\u00e9es.  \u00c0 gauche, Dieu cr\u00e9e le monde \u00e0 partir du chaos. \u00c0 droite, Prom\u00e9th\u00e9e insuffle le feu de la vie dans l\u2019homme. La licorne et ses potes, au milieu, ne savent plus tr\u00e8s bien \u00e0 qui se vouer.\nBiblioth\u00e8que de Lyon, ms 742 B, fol 167r.<\/figcaption><\/figure><\/li><li class=\"wp-block-jetpack-slideshow_slide swiper-slide\"><figure><img loading=\"lazy\" decoding=\"async\" width=\"2048\" height=\"1726\" alt=\"\" class=\"wp-block-jetpack-slideshow_image wp-image-2565\" data-id=\"2565\" src=\"https:\/\/faidutti.com\/blog\/licornes\/wp-content\/uploads\/sites\/2\/2021\/05\/Lyon-ms-742-B-fol-167.jpg\" srcset=\"https:\/\/faidutti.com\/blog\/licornes\/wp-content\/uploads\/sites\/2\/2021\/05\/Lyon-ms-742-B-fol-167.jpg 2048w, https:\/\/faidutti.com\/blog\/licornes\/wp-content\/uploads\/sites\/2\/2021\/05\/Lyon-ms-742-B-fol-167-300x253.jpg 300w, https:\/\/faidutti.com\/blog\/licornes\/wp-content\/uploads\/sites\/2\/2021\/05\/Lyon-ms-742-B-fol-167-768x647.jpg 768w, https:\/\/faidutti.com\/blog\/licornes\/wp-content\/uploads\/sites\/2\/2021\/05\/Lyon-ms-742-B-fol-167-1536x1295.jpg 1536w, https:\/\/faidutti.com\/blog\/licornes\/wp-content\/uploads\/sites\/2\/2021\/05\/Lyon-ms-742-B-fol-167-356x300.jpg 356w\" sizes=\"(max-width: 2048px) 100vw, 2048px\" \/><figcaption class=\"wp-block-jetpack-slideshow_caption gallery-caption\">Plus loin sur le m\u00eame lmanuscrit, Orph\u00e9e charme les animaux.\n<\/figcaption><\/figure><\/li><\/ul><a class=\"wp-block-jetpack-slideshow_button-prev swiper-button-prev swiper-button-white\" role=\"button\"><\/a><a class=\"wp-block-jetpack-slideshow_button-next swiper-button-next swiper-button-white\" role=\"button\"><\/a><a aria-label=\"Pause Slideshow\" class=\"wp-block-jetpack-slideshow_button-pause\" role=\"button\"><\/a><div class=\"wp-block-jetpack-slideshow_pagination swiper-pagination swiper-pagination-white\"><\/div><\/div><\/div>\n\n\n\n<p>Apr\u00e8s son retour des enfers, le po\u00e8te Orph\u00e9e, triste et vieux, m\u00e8ne une vie solitaire que seule la musique \u00e9gaie parfois. Le chant de sa lyre est si beau qu\u2019il captive m\u00eame les b\u00eates f\u00e9roces, qui se r\u00e9unissent en paix autour de l\u2019artiste. Dieu cr\u00e9ait les animaux, Adam les nommait, Saint Jean-Baptiste et quelques autres leur pr\u00eachaient l\u2019\u00c9vangile, Orph\u00e9e les charme, mais la composition sc\u00e9nique reste la m\u00eame, un personnage central entour\u00e9 d\u2019animaux calmes et attentifs. Revenu des enfers, Orph\u00e9e devient dans <em>l\u2019Ovide moralis\u00e9 <\/em>m\u00e9di\u00e9val une figure christique, et la blanche licorne conserve donc sa place, souvent au premier rang des auditeurs<a id=\"_ftnref1\" href=\"#_ftn1\">[1]<\/a>.<\/p>\n\n\n\n<hr class=\"wp-block-separator has-css-opacity is-style-wide\"\/>\n\n\n\n<p>.<\/p>\n\n\n\n<div class=\"wp-block-jetpack-slideshow aligncenter\" data-effect=\"slide\"><div class=\"wp-block-jetpack-slideshow_container swiper\"><ul class=\"wp-block-jetpack-slideshow_swiper-wrapper swiper-wrapper\"><li class=\"wp-block-jetpack-slideshow_slide swiper-slide\"><figure><img loading=\"lazy\" decoding=\"async\" width=\"2023\" height=\"1453\" alt=\"\" class=\"wp-block-jetpack-slideshow_image wp-image-1995\" data-id=\"1995\" src=\"https:\/\/faidutti.com\/blog\/licornes\/wp-content\/uploads\/sites\/2\/2021\/05\/BN-ms-fr-871-fol-1r96v-metamorphoses-dOvide.jpg\" srcset=\"https:\/\/faidutti.com\/blog\/licornes\/wp-content\/uploads\/sites\/2\/2021\/05\/BN-ms-fr-871-fol-1r96v-metamorphoses-dOvide.jpg 2023w, https:\/\/faidutti.com\/blog\/licornes\/wp-content\/uploads\/sites\/2\/2021\/05\/BN-ms-fr-871-fol-1r96v-metamorphoses-dOvide-300x215.jpg 300w, https:\/\/faidutti.com\/blog\/licornes\/wp-content\/uploads\/sites\/2\/2021\/05\/BN-ms-fr-871-fol-1r96v-metamorphoses-dOvide-768x552.jpg 768w, https:\/\/faidutti.com\/blog\/licornes\/wp-content\/uploads\/sites\/2\/2021\/05\/BN-ms-fr-871-fol-1r96v-metamorphoses-dOvide-1536x1103.jpg 1536w, https:\/\/faidutti.com\/blog\/licornes\/wp-content\/uploads\/sites\/2\/2021\/05\/BN-ms-fr-871-fol-1r96v-metamorphoses-dOvide-418x300.jpg 418w\" sizes=\"(max-width: 2023px) 100vw, 2023px\" \/><figcaption class=\"wp-block-jetpack-slideshow_caption gallery-caption\"><i>Les m\u00e9tamorphoses d&#8217;Ovide traduites et all\u00e9goris\u00e9e<\/i>, XVe si\u00e8cle.<br \/>\nBNF, ms fr 871, fol 196v.<\/figcaption><\/figure><\/li><li class=\"wp-block-jetpack-slideshow_slide swiper-slide\"><figure><img loading=\"lazy\" decoding=\"async\" width=\"2048\" height=\"1251\" alt=\"\" class=\"wp-block-jetpack-slideshow_image wp-image-2580\" data-id=\"2580\" src=\"https:\/\/faidutti.com\/blog\/licornes\/wp-content\/uploads\/sites\/2\/2021\/05\/Metamorphoseon.jpg\" srcset=\"https:\/\/faidutti.com\/blog\/licornes\/wp-content\/uploads\/sites\/2\/2021\/05\/Metamorphoseon.jpg 2048w, https:\/\/faidutti.com\/blog\/licornes\/wp-content\/uploads\/sites\/2\/2021\/05\/Metamorphoseon-300x183.jpg 300w, https:\/\/faidutti.com\/blog\/licornes\/wp-content\/uploads\/sites\/2\/2021\/05\/Metamorphoseon-768x469.jpg 768w, https:\/\/faidutti.com\/blog\/licornes\/wp-content\/uploads\/sites\/2\/2021\/05\/Metamorphoseon-1536x938.jpg 1536w, https:\/\/faidutti.com\/blog\/licornes\/wp-content\/uploads\/sites\/2\/2021\/05\/Metamorphoseon-491x300.jpg 491w\" sizes=\"(max-width: 2048px) 100vw, 2048px\" \/><figcaption class=\"wp-block-jetpack-slideshow_caption gallery-caption\"><i>Orph\u00e9e charmant les animaux,<\/i> gravure de Crispin de Passe, 1602<\/figcaption><\/figure><\/li><li class=\"wp-block-jetpack-slideshow_slide swiper-slide\"><figure><img loading=\"lazy\" decoding=\"async\" width=\"1600\" height=\"1087\" alt=\"\" class=\"wp-block-jetpack-slideshow_image wp-image-2584\" data-id=\"2584\" src=\"https:\/\/faidutti.com\/blog\/licornes\/wp-content\/uploads\/sites\/2\/2021\/05\/Viirgil_Solis_-_Ovidii_Metamorphoses.jpg\" srcset=\"https:\/\/faidutti.com\/blog\/licornes\/wp-content\/uploads\/sites\/2\/2021\/05\/Viirgil_Solis_-_Ovidii_Metamorphoses.jpg 1600w, https:\/\/faidutti.com\/blog\/licornes\/wp-content\/uploads\/sites\/2\/2021\/05\/Viirgil_Solis_-_Ovidii_Metamorphoses-300x204.jpg 300w, https:\/\/faidutti.com\/blog\/licornes\/wp-content\/uploads\/sites\/2\/2021\/05\/Viirgil_Solis_-_Ovidii_Metamorphoses-768x522.jpg 768w, https:\/\/faidutti.com\/blog\/licornes\/wp-content\/uploads\/sites\/2\/2021\/05\/Viirgil_Solis_-_Ovidii_Metamorphoses-1536x1044.jpg 1536w, https:\/\/faidutti.com\/blog\/licornes\/wp-content\/uploads\/sites\/2\/2021\/05\/Viirgil_Solis_-_Ovidii_Metamorphoses-442x300.jpg 442w\" sizes=\"(max-width: 1600px) 100vw, 1600px\" \/><figcaption class=\"wp-block-jetpack-slideshow_caption gallery-caption\"><i>Orph\u00e9e charmant les animaux,<\/i> gravure de Virgil Solis, circa 1450.<br \/>\nWikimedia Commons, Photo Fran\u00e7ois de Dijon\n<\/figcaption><\/figure><\/li><li class=\"wp-block-jetpack-slideshow_slide swiper-slide\"><figure><img loading=\"lazy\" decoding=\"async\" width=\"2048\" height=\"1539\" alt=\"\" class=\"wp-block-jetpack-slideshow_image wp-image-4857\" data-id=\"4857\" src=\"https:\/\/faidutti.com\/blog\/licornes\/wp-content\/uploads\/sites\/2\/2021\/05\/Angelo-Poliziano-La-rappresentatione-della-fauola-dOrfeo-1550-2048x1539.jpg\" srcset=\"https:\/\/faidutti.com\/blog\/licornes\/wp-content\/uploads\/sites\/2\/2021\/05\/Angelo-Poliziano-La-rappresentatione-della-fauola-dOrfeo-1550-2048x1539.jpg 2048w, https:\/\/faidutti.com\/blog\/licornes\/wp-content\/uploads\/sites\/2\/2021\/05\/Angelo-Poliziano-La-rappresentatione-della-fauola-dOrfeo-1550-300x225.jpg 300w, https:\/\/faidutti.com\/blog\/licornes\/wp-content\/uploads\/sites\/2\/2021\/05\/Angelo-Poliziano-La-rappresentatione-della-fauola-dOrfeo-1550-768x577.jpg 768w, https:\/\/faidutti.com\/blog\/licornes\/wp-content\/uploads\/sites\/2\/2021\/05\/Angelo-Poliziano-La-rappresentatione-della-fauola-dOrfeo-1550-1536x1154.jpg 1536w, https:\/\/faidutti.com\/blog\/licornes\/wp-content\/uploads\/sites\/2\/2021\/05\/Angelo-Poliziano-La-rappresentatione-della-fauola-dOrfeo-1550-399x300.jpg 399w\" sizes=\"(max-width: 2048px) 100vw, 2048px\" \/><figcaption class=\"wp-block-jetpack-slideshow_caption gallery-caption\">Angelo Poliziano, <i>La representazione della favola d&#8217;Orfeo<\/i>, 1550.<\/figcaption><\/figure><\/li><li class=\"wp-block-jetpack-slideshow_slide swiper-slide\"><figure><img loading=\"lazy\" decoding=\"async\" width=\"2048\" height=\"1673\" alt=\"\" class=\"wp-block-jetpack-slideshow_image wp-image-2576\" data-id=\"2576\" src=\"https:\/\/faidutti.com\/blog\/licornes\/wp-content\/uploads\/sites\/2\/2021\/05\/Met-Broderie-anglaise-.jpg\" srcset=\"https:\/\/faidutti.com\/blog\/licornes\/wp-content\/uploads\/sites\/2\/2021\/05\/Met-Broderie-anglaise-.jpg 2048w, https:\/\/faidutti.com\/blog\/licornes\/wp-content\/uploads\/sites\/2\/2021\/05\/Met-Broderie-anglaise--300x245.jpg 300w, https:\/\/faidutti.com\/blog\/licornes\/wp-content\/uploads\/sites\/2\/2021\/05\/Met-Broderie-anglaise--768x627.jpg 768w, https:\/\/faidutti.com\/blog\/licornes\/wp-content\/uploads\/sites\/2\/2021\/05\/Met-Broderie-anglaise--1536x1255.jpg 1536w, https:\/\/faidutti.com\/blog\/licornes\/wp-content\/uploads\/sites\/2\/2021\/05\/Met-Broderie-anglaise--367x300.jpg 367w\" sizes=\"(max-width: 2048px) 100vw, 2048px\" \/><figcaption class=\"wp-block-jetpack-slideshow_caption gallery-caption\"><i>Orph\u00e9e charmant les animaux,<\/i> broderie anglaise du XVIIe si\u00e8cle.<br \/>\nMetropolitan Museum, New York.<\/figcaption><\/figure><\/li><li class=\"wp-block-jetpack-slideshow_slide swiper-slide\"><figure><img loading=\"lazy\" decoding=\"async\" width=\"2048\" height=\"1596\" alt=\"\" class=\"wp-block-jetpack-slideshow_image wp-image-8547\" data-id=\"8547\" src=\"https:\/\/faidutti.com\/blog\/licornes\/wp-content\/uploads\/sites\/2\/2022\/03\/Louvre-inv-19112-Orphee-jouant-du-violon-entoure-danimaux-maitre-SK-1583-2048x1596.jpg\" srcset=\"https:\/\/faidutti.com\/blog\/licornes\/wp-content\/uploads\/sites\/2\/2022\/03\/Louvre-inv-19112-Orphee-jouant-du-violon-entoure-danimaux-maitre-SK-1583-2048x1596.jpg 2048w, https:\/\/faidutti.com\/blog\/licornes\/wp-content\/uploads\/sites\/2\/2022\/03\/Louvre-inv-19112-Orphee-jouant-du-violon-entoure-danimaux-maitre-SK-1583-300x234.jpg 300w, https:\/\/faidutti.com\/blog\/licornes\/wp-content\/uploads\/sites\/2\/2022\/03\/Louvre-inv-19112-Orphee-jouant-du-violon-entoure-danimaux-maitre-SK-1583-768x599.jpg 768w, https:\/\/faidutti.com\/blog\/licornes\/wp-content\/uploads\/sites\/2\/2022\/03\/Louvre-inv-19112-Orphee-jouant-du-violon-entoure-danimaux-maitre-SK-1583-1536x1197.jpg 1536w, https:\/\/faidutti.com\/blog\/licornes\/wp-content\/uploads\/sites\/2\/2022\/03\/Louvre-inv-19112-Orphee-jouant-du-violon-entoure-danimaux-maitre-SK-1583-385x300.jpg 385w\" sizes=\"(max-width: 2048px) 100vw, 2048px\" \/><figcaption class=\"wp-block-jetpack-slideshow_caption gallery-caption\">Ma\u00eetre S.K., <i>Orph\u00e9e jouant du violon entour\u00e9 d&#8217;animaux<\/i>, 1583. Mus\u00e9e du Louvre.<\/figcaption><\/figure><\/li><li class=\"wp-block-jetpack-slideshow_slide swiper-slide\"><figure><img loading=\"lazy\" decoding=\"async\" width=\"1972\" height=\"1907\" alt=\"\" class=\"wp-block-jetpack-slideshow_image wp-image-4075\" data-id=\"4075\" src=\"https:\/\/faidutti.com\/blog\/licornes\/wp-content\/uploads\/sites\/2\/2021\/05\/Orpheus-Playing-to-the-Animals-The-Metropolitan-Museum-of-Art.jpg\" srcset=\"https:\/\/faidutti.com\/blog\/licornes\/wp-content\/uploads\/sites\/2\/2021\/05\/Orpheus-Playing-to-the-Animals-The-Metropolitan-Museum-of-Art.jpg 1972w, https:\/\/faidutti.com\/blog\/licornes\/wp-content\/uploads\/sites\/2\/2021\/05\/Orpheus-Playing-to-the-Animals-The-Metropolitan-Museum-of-Art-300x290.jpg 300w, https:\/\/faidutti.com\/blog\/licornes\/wp-content\/uploads\/sites\/2\/2021\/05\/Orpheus-Playing-to-the-Animals-The-Metropolitan-Museum-of-Art-768x743.jpg 768w, https:\/\/faidutti.com\/blog\/licornes\/wp-content\/uploads\/sites\/2\/2021\/05\/Orpheus-Playing-to-the-Animals-The-Metropolitan-Museum-of-Art-1536x1485.jpg 1536w, https:\/\/faidutti.com\/blog\/licornes\/wp-content\/uploads\/sites\/2\/2021\/05\/Orpheus-Playing-to-the-Animals-The-Metropolitan-Museum-of-Art-310x300.jpg 310w\" sizes=\"(max-width: 1972px) 100vw, 1972px\" \/><figcaption class=\"wp-block-jetpack-slideshow_caption gallery-caption\">M\u00e9daille de bronze, d\u00e9but du XVIe si\u00e8cle.<br \/>\nNew York, Metropolitan Museum.<\/figcaption><\/figure><\/li><\/ul><a class=\"wp-block-jetpack-slideshow_button-prev swiper-button-prev swiper-button-white\" role=\"button\"><\/a><a class=\"wp-block-jetpack-slideshow_button-next swiper-button-next swiper-button-white\" role=\"button\"><\/a><a aria-label=\"Pause Slideshow\" class=\"wp-block-jetpack-slideshow_button-pause\" role=\"button\"><\/a><div class=\"wp-block-jetpack-slideshow_pagination swiper-pagination swiper-pagination-white\"><\/div><\/div><\/div>\n\n\n\n<p>Lorsque, \u00e0 la Renaissance, l\u2019<em>Ovide moralis\u00e9<\/em> est d\u00e9laiss\u00e9 pour laisser la place aux <em>M\u00e9tamorphoses<\/em> red\u00e9couvertes, le mod\u00e8le iconographique reste inchang\u00e9. Comme dans les images de la Gen\u00e8se, dragons et griffons se font rares puis disparaissent, mais la licorne garde sa place.<\/p>\n\n\n\n<div class=\"wp-block-jetpack-slideshow aligncenter\" data-effect=\"slide\" style=\"--aspect-ratio:calc(584 \/ 720)\"><div class=\"wp-block-jetpack-slideshow_container swiper\"><ul class=\"wp-block-jetpack-slideshow_swiper-wrapper swiper-wrapper\"><li class=\"wp-block-jetpack-slideshow_slide swiper-slide\"><figure><img loading=\"lazy\" decoding=\"async\" width=\"1662\" height=\"2048\" alt=\"\" class=\"wp-block-jetpack-slideshow_image wp-image-380\" data-id=\"380\" data-aspect-ratio=\"584 \/ 720\" src=\"https:\/\/faidutti.com\/blog\/licornes\/wp-content\/uploads\/sites\/2\/2021\/05\/orpheus-charming-the-animals-Josias-Murer-II-vers-1600-Paul-Getty-Museum-1662x2048.jpg\" srcset=\"https:\/\/faidutti.com\/blog\/licornes\/wp-content\/uploads\/sites\/2\/2021\/05\/orpheus-charming-the-animals-Josias-Murer-II-vers-1600-Paul-Getty-Museum-1662x2048.jpg 1662w, https:\/\/faidutti.com\/blog\/licornes\/wp-content\/uploads\/sites\/2\/2021\/05\/orpheus-charming-the-animals-Josias-Murer-II-vers-1600-Paul-Getty-Museum-244x300.jpg 244w, https:\/\/faidutti.com\/blog\/licornes\/wp-content\/uploads\/sites\/2\/2021\/05\/orpheus-charming-the-animals-Josias-Murer-II-vers-1600-Paul-Getty-Museum-768x946.jpg 768w, https:\/\/faidutti.com\/blog\/licornes\/wp-content\/uploads\/sites\/2\/2021\/05\/orpheus-charming-the-animals-Josias-Murer-II-vers-1600-Paul-Getty-Museum-1247x1536.jpg 1247w, https:\/\/faidutti.com\/blog\/licornes\/wp-content\/uploads\/sites\/2\/2021\/05\/orpheus-charming-the-animals-Josias-Murer-II-vers-1600-Paul-Getty-Museum.jpg 1948w\" sizes=\"(max-width: 1662px) 100vw, 1662px\" \/><figcaption class=\"wp-block-jetpack-slideshow_caption gallery-caption\">Josias Murer, <i>Orph\u00e9e charmant les animaux,<\/i> circa 1600.<br \/>\nLos Angeles, Paul Getty Museum.<\/figcaption><\/figure><\/li><li class=\"wp-block-jetpack-slideshow_slide swiper-slide\"><figure><img loading=\"lazy\" decoding=\"async\" width=\"997\" height=\"1347\" alt=\"\" class=\"wp-block-jetpack-slideshow_image wp-image-2571\" data-id=\"2571\" data-aspect-ratio=\"997 \/ 1347\" src=\"https:\/\/faidutti.com\/blog\/licornes\/wp-content\/uploads\/sites\/2\/2021\/05\/Delaune.jpg\" srcset=\"https:\/\/faidutti.com\/blog\/licornes\/wp-content\/uploads\/sites\/2\/2021\/05\/Delaune.jpg 997w, https:\/\/faidutti.com\/blog\/licornes\/wp-content\/uploads\/sites\/2\/2021\/05\/Delaune-222x300.jpg 222w, https:\/\/faidutti.com\/blog\/licornes\/wp-content\/uploads\/sites\/2\/2021\/05\/Delaune-768x1038.jpg 768w\" sizes=\"(max-width: 997px) 100vw, 997px\" \/><figcaption class=\"wp-block-jetpack-slideshow_caption gallery-caption\">E\u0301tienne Delaune (1528-1583), <i>Orphe\u0301e charme les animaux<\/i><\/figcaption><\/figure><\/li><li class=\"wp-block-jetpack-slideshow_slide swiper-slide\"><figure><img loading=\"lazy\" decoding=\"async\" width=\"1306\" height=\"2048\" alt=\"\" class=\"wp-block-jetpack-slideshow_image wp-image-378\" data-id=\"378\" data-aspect-ratio=\"584 \/ 916\" src=\"https:\/\/faidutti.com\/blog\/licornes\/wp-content\/uploads\/sites\/2\/2021\/05\/Orfeo_y_los_animales_Padovanino-1306x2048.jpg\" srcset=\"https:\/\/faidutti.com\/blog\/licornes\/wp-content\/uploads\/sites\/2\/2021\/05\/Orfeo_y_los_animales_Padovanino-1306x2048.jpg 1306w, https:\/\/faidutti.com\/blog\/licornes\/wp-content\/uploads\/sites\/2\/2021\/05\/Orfeo_y_los_animales_Padovanino-191x300.jpg 191w, https:\/\/faidutti.com\/blog\/licornes\/wp-content\/uploads\/sites\/2\/2021\/05\/Orfeo_y_los_animales_Padovanino-768x1204.jpg 768w, https:\/\/faidutti.com\/blog\/licornes\/wp-content\/uploads\/sites\/2\/2021\/05\/Orfeo_y_los_animales_Padovanino-980x1536.jpg 980w, https:\/\/faidutti.com\/blog\/licornes\/wp-content\/uploads\/sites\/2\/2021\/05\/Orfeo_y_los_animales_Padovanino-scaled.jpg 1633w\" sizes=\"(max-width: 1306px) 100vw, 1306px\" \/><figcaption class=\"wp-block-jetpack-slideshow_caption gallery-caption\">Alessandro Varotari, <i>Orph\u00e9e charmant les animaux,<\/i> XVIIe si\u00e8cle.<br \/>\nMus\u00e9e du Prado, Madrid.<\/figcaption><\/figure><\/li><li class=\"wp-block-jetpack-slideshow_slide swiper-slide\"><figure><img loading=\"lazy\" decoding=\"async\" width=\"750\" height=\"938\" alt=\"\" class=\"wp-block-jetpack-slideshow_image wp-image-375\" data-id=\"375\" data-aspect-ratio=\"750 \/ 938\" src=\"https:\/\/faidutti.com\/blog\/licornes\/wp-content\/uploads\/sites\/2\/2021\/05\/Drawn-by-Tobias-Stimmer-Date-1570-circa-Orpheus-at-the-foot-of-a-tree-from-an-album-chiefly-containing-designs-for-glass-paintings.jpg\" srcset=\"https:\/\/faidutti.com\/blog\/licornes\/wp-content\/uploads\/sites\/2\/2021\/05\/Drawn-by-Tobias-Stimmer-Date-1570-circa-Orpheus-at-the-foot-of-a-tree-from-an-album-chiefly-containing-designs-for-glass-paintings.jpg 750w, https:\/\/faidutti.com\/blog\/licornes\/wp-content\/uploads\/sites\/2\/2021\/05\/Drawn-by-Tobias-Stimmer-Date-1570-circa-Orpheus-at-the-foot-of-a-tree-from-an-album-chiefly-containing-designs-for-glass-paintings-240x300.jpg 240w\" sizes=\"(max-width: 750px) 100vw, 750px\" \/><figcaption class=\"wp-block-jetpack-slideshow_caption gallery-caption\">Tobias Stimmer, <i>Orph\u00e9e charmant les animaux, <\/i>circa 1570.<\/figcaption><\/figure><\/li><li class=\"wp-block-jetpack-slideshow_slide swiper-slide\"><figure><img loading=\"lazy\" decoding=\"async\" width=\"1128\" height=\"1832\" alt=\"\" class=\"wp-block-jetpack-slideshow_image wp-image-1620\" data-id=\"1620\" data-aspect-ratio=\"1128 \/ 1832\" src=\"https:\/\/faidutti.com\/blog\/licornes\/wp-content\/uploads\/sites\/2\/2021\/05\/Les-metamorphoses-d-Ovide-figurees-1583.jpg\" srcset=\"https:\/\/faidutti.com\/blog\/licornes\/wp-content\/uploads\/sites\/2\/2021\/05\/Les-metamorphoses-d-Ovide-figurees-1583.jpg 1128w, https:\/\/faidutti.com\/blog\/licornes\/wp-content\/uploads\/sites\/2\/2021\/05\/Les-metamorphoses-d-Ovide-figurees-1583-185x300.jpg 185w, https:\/\/faidutti.com\/blog\/licornes\/wp-content\/uploads\/sites\/2\/2021\/05\/Les-metamorphoses-d-Ovide-figurees-1583-768x1247.jpg 768w, https:\/\/faidutti.com\/blog\/licornes\/wp-content\/uploads\/sites\/2\/2021\/05\/Les-metamorphoses-d-Ovide-figurees-1583-946x1536.jpg 946w\" sizes=\"(max-width: 1128px) 100vw, 1128px\" \/><figcaption class=\"wp-block-jetpack-slideshow_caption gallery-caption\"><i>Les m\u00e9tamorphoses d&#8217;Ovide figur\u00e9es, <\/i>1583<\/figcaption><\/figure><\/li><li class=\"wp-block-jetpack-slideshow_slide swiper-slide\"><figure><img loading=\"lazy\" decoding=\"async\" width=\"1703\" height=\"2048\" alt=\"\" class=\"wp-block-jetpack-slideshow_image wp-image-2572\" data-id=\"2572\" data-aspect-ratio=\"1703 \/ 2048\" src=\"https:\/\/faidutti.com\/blog\/licornes\/wp-content\/uploads\/sites\/2\/2021\/05\/Rijksmuseum-tapisserie-orphee.jpg\" srcset=\"https:\/\/faidutti.com\/blog\/licornes\/wp-content\/uploads\/sites\/2\/2021\/05\/Rijksmuseum-tapisserie-orphee.jpg 1703w, https:\/\/faidutti.com\/blog\/licornes\/wp-content\/uploads\/sites\/2\/2021\/05\/Rijksmuseum-tapisserie-orphee-249x300.jpg 249w, https:\/\/faidutti.com\/blog\/licornes\/wp-content\/uploads\/sites\/2\/2021\/05\/Rijksmuseum-tapisserie-orphee-768x924.jpg 768w, https:\/\/faidutti.com\/blog\/licornes\/wp-content\/uploads\/sites\/2\/2021\/05\/Rijksmuseum-tapisserie-orphee-1277x1536.jpg 1277w\" sizes=\"(max-width: 1703px) 100vw, 1703px\" \/><figcaption class=\"wp-block-jetpack-slideshow_caption gallery-caption\"><i>Orph\u00e9e charmant les animaux,<\/i> tapisserie flamande, XVIIe si\u00e8cle.<br \/>\nAmsterdam, Risjksmuseum.<\/figcaption><\/figure><\/li><li class=\"wp-block-jetpack-slideshow_slide swiper-slide\"><figure><img loading=\"lazy\" decoding=\"async\" width=\"1659\" height=\"2048\" alt=\"\" class=\"wp-block-jetpack-slideshow_image wp-image-7000\" data-id=\"7000\" data-aspect-ratio=\"584 \/ 721\" src=\"https:\/\/faidutti.com\/blog\/licornes\/wp-content\/uploads\/sites\/2\/2022\/03\/Orphee-charmant-les-animaux-tapisserie-flamande-XVIIe-siecle-collection-privee-1659x2048.jpg\" srcset=\"https:\/\/faidutti.com\/blog\/licornes\/wp-content\/uploads\/sites\/2\/2022\/03\/Orphee-charmant-les-animaux-tapisserie-flamande-XVIIe-siecle-collection-privee-1659x2048.jpg 1659w, https:\/\/faidutti.com\/blog\/licornes\/wp-content\/uploads\/sites\/2\/2022\/03\/Orphee-charmant-les-animaux-tapisserie-flamande-XVIIe-siecle-collection-privee-243x300.jpg 243w, https:\/\/faidutti.com\/blog\/licornes\/wp-content\/uploads\/sites\/2\/2022\/03\/Orphee-charmant-les-animaux-tapisserie-flamande-XVIIe-siecle-collection-privee-768x948.jpg 768w, https:\/\/faidutti.com\/blog\/licornes\/wp-content\/uploads\/sites\/2\/2022\/03\/Orphee-charmant-les-animaux-tapisserie-flamande-XVIIe-siecle-collection-privee-1244x1536.jpg 1244w\" sizes=\"(max-width: 1659px) 100vw, 1659px\" \/><figcaption class=\"wp-block-jetpack-slideshow_caption gallery-caption\">Presque la m\u00eame, mais la licorne s&#8217;est d\u00e9plac\u00e9e. Collection priv\u00e9e.<\/figcaption><\/figure><\/li><li class=\"wp-block-jetpack-slideshow_slide swiper-slide\"><figure><img loading=\"lazy\" decoding=\"async\" width=\"1629\" height=\"2048\" alt=\"\" class=\"wp-block-jetpack-slideshow_image wp-image-2574\" data-id=\"2574\" data-aspect-ratio=\"1629 \/ 2048\" src=\"https:\/\/faidutti.com\/blog\/licornes\/wp-content\/uploads\/sites\/2\/2021\/05\/Metamorphoses-Francfort-1631-1629x2048-1.jpg\" srcset=\"https:\/\/faidutti.com\/blog\/licornes\/wp-content\/uploads\/sites\/2\/2021\/05\/Metamorphoses-Francfort-1631-1629x2048-1.jpg 1629w, https:\/\/faidutti.com\/blog\/licornes\/wp-content\/uploads\/sites\/2\/2021\/05\/Metamorphoses-Francfort-1631-1629x2048-1-239x300.jpg 239w, https:\/\/faidutti.com\/blog\/licornes\/wp-content\/uploads\/sites\/2\/2021\/05\/Metamorphoses-Francfort-1631-1629x2048-1-768x966.jpg 768w, https:\/\/faidutti.com\/blog\/licornes\/wp-content\/uploads\/sites\/2\/2021\/05\/Metamorphoses-Francfort-1631-1629x2048-1-1222x1536.jpg 1222w\" sizes=\"(max-width: 1629px) 100vw, 1629px\" \/><figcaption class=\"wp-block-jetpack-slideshow_caption gallery-caption\"><i>Les m\u00e9tamorphoses d&#8217;Ovide moralis\u00e9es, <\/i>Francfort, 1631.<\/figcaption><\/figure><\/li><li class=\"wp-block-jetpack-slideshow_slide swiper-slide\"><figure><img loading=\"lazy\" decoding=\"async\" width=\"1531\" height=\"2048\" alt=\"\" class=\"wp-block-jetpack-slideshow_image wp-image-3139\" data-id=\"3139\" data-aspect-ratio=\"584 \/ 781\" src=\"https:\/\/faidutti.com\/blog\/licornes\/wp-content\/uploads\/sites\/2\/2021\/05\/Crispijn-de-Passe-Orpheus-1602-1531x2048.jpg\" srcset=\"https:\/\/faidutti.com\/blog\/licornes\/wp-content\/uploads\/sites\/2\/2021\/05\/Crispijn-de-Passe-Orpheus-1602-1531x2048.jpg 1531w, https:\/\/faidutti.com\/blog\/licornes\/wp-content\/uploads\/sites\/2\/2021\/05\/Crispijn-de-Passe-Orpheus-1602-224x300.jpg 224w, https:\/\/faidutti.com\/blog\/licornes\/wp-content\/uploads\/sites\/2\/2021\/05\/Crispijn-de-Passe-Orpheus-1602-768x1027.jpg 768w, https:\/\/faidutti.com\/blog\/licornes\/wp-content\/uploads\/sites\/2\/2021\/05\/Crispijn-de-Passe-Orpheus-1602-1148x1536.jpg 1148w, https:\/\/faidutti.com\/blog\/licornes\/wp-content\/uploads\/sites\/2\/2021\/05\/Crispijn-de-Passe-Orpheus-1602-scaled.jpg 1914w\" sizes=\"(max-width: 1531px) 100vw, 1531px\" \/><figcaption class=\"wp-block-jetpack-slideshow_caption gallery-caption\">Crispijn de Passe, <i>Orph\u00e9e charmant les animaux, <\/i>, circa 1600.<\/figcaption><\/figure><\/li><li class=\"wp-block-jetpack-slideshow_slide swiper-slide\"><figure><img loading=\"lazy\" decoding=\"async\" width=\"1092\" height=\"2048\" alt=\"\" class=\"wp-block-jetpack-slideshow_image wp-image-4108\" data-id=\"4108\" data-aspect-ratio=\"584 \/ 1095\" src=\"https:\/\/faidutti.com\/blog\/licornes\/wp-content\/uploads\/sites\/2\/2021\/05\/Orphee.-chateau-de-Buzzy-Rabouin-XVIIe-1092x2048.jpg\" srcset=\"https:\/\/faidutti.com\/blog\/licornes\/wp-content\/uploads\/sites\/2\/2021\/05\/Orphee.-chateau-de-Buzzy-Rabouin-XVIIe-1092x2048.jpg 1092w, https:\/\/faidutti.com\/blog\/licornes\/wp-content\/uploads\/sites\/2\/2021\/05\/Orphee.-chateau-de-Buzzy-Rabouin-XVIIe-160x300.jpg 160w, https:\/\/faidutti.com\/blog\/licornes\/wp-content\/uploads\/sites\/2\/2021\/05\/Orphee.-chateau-de-Buzzy-Rabouin-XVIIe-768x1441.jpg 768w, https:\/\/faidutti.com\/blog\/licornes\/wp-content\/uploads\/sites\/2\/2021\/05\/Orphee.-chateau-de-Buzzy-Rabouin-XVIIe-819x1536.jpg 819w\" sizes=\"(max-width: 1092px) 100vw, 1092px\" \/><figcaption class=\"wp-block-jetpack-slideshow_caption gallery-caption\">Orph\u00e9e, XVIIe si\u00e8cle.<br \/>\nCh\u00e2teau de Bussy-Rabutin.<\/figcaption><\/figure><\/li><li class=\"wp-block-jetpack-slideshow_slide swiper-slide\"><figure><img loading=\"lazy\" decoding=\"async\" width=\"1978\" height=\"2048\" alt=\"\" class=\"wp-block-jetpack-slideshow_image wp-image-3971\" data-id=\"3971\" data-aspect-ratio=\"584 \/ 605\" src=\"https:\/\/faidutti.com\/blog\/licornes\/wp-content\/uploads\/sites\/2\/2021\/05\/Crispijn-van-de-Passe-Terpsichore-circa-1600-1978x2048.jpg\" srcset=\"https:\/\/faidutti.com\/blog\/licornes\/wp-content\/uploads\/sites\/2\/2021\/05\/Crispijn-van-de-Passe-Terpsichore-circa-1600-1978x2048.jpg 1978w, https:\/\/faidutti.com\/blog\/licornes\/wp-content\/uploads\/sites\/2\/2021\/05\/Crispijn-van-de-Passe-Terpsichore-circa-1600-290x300.jpg 290w, https:\/\/faidutti.com\/blog\/licornes\/wp-content\/uploads\/sites\/2\/2021\/05\/Crispijn-van-de-Passe-Terpsichore-circa-1600-768x795.jpg 768w, https:\/\/faidutti.com\/blog\/licornes\/wp-content\/uploads\/sites\/2\/2021\/05\/Crispijn-van-de-Passe-Terpsichore-circa-1600-1483x1536.jpg 1483w\" sizes=\"(max-width: 1978px) 100vw, 1978px\" \/><figcaption class=\"wp-block-jetpack-slideshow_caption gallery-caption\">Crispijn de Passe, <i>Terpsichore<\/i>, circa 1600.<\/figcaption><\/figure><\/li><li class=\"wp-block-jetpack-slideshow_slide swiper-slide\"><figure><img loading=\"lazy\" decoding=\"async\" width=\"1345\" height=\"1480\" alt=\"\" class=\"wp-block-jetpack-slideshow_image wp-image-3970\" data-id=\"3970\" data-aspect-ratio=\"1345 \/ 1480\" src=\"https:\/\/faidutti.com\/blog\/licornes\/wp-content\/uploads\/sites\/2\/2021\/05\/Crispijn-van-de-Passe-Terpsichore-Orphee-circa-1600.jpg\" srcset=\"https:\/\/faidutti.com\/blog\/licornes\/wp-content\/uploads\/sites\/2\/2021\/05\/Crispijn-van-de-Passe-Terpsichore-Orphee-circa-1600.jpg 1345w, https:\/\/faidutti.com\/blog\/licornes\/wp-content\/uploads\/sites\/2\/2021\/05\/Crispijn-van-de-Passe-Terpsichore-Orphee-circa-1600-273x300.jpg 273w, https:\/\/faidutti.com\/blog\/licornes\/wp-content\/uploads\/sites\/2\/2021\/05\/Crispijn-van-de-Passe-Terpsichore-Orphee-circa-1600-768x845.jpg 768w\" sizes=\"(max-width: 1345px) 100vw, 1345px\" \/><figcaption class=\"wp-block-jetpack-slideshow_caption gallery-caption\">Orph\u00e9e est \u00e0 l&#8217;arri\u00e8re plan, avec les animaux.<\/figcaption><\/figure><\/li><li class=\"wp-block-jetpack-slideshow_slide swiper-slide\"><figure><img loading=\"lazy\" decoding=\"async\" width=\"1213\" height=\"1333\" alt=\"\" class=\"wp-block-jetpack-slideshow_image wp-image-8150\" data-id=\"8150\" data-aspect-ratio=\"1213 \/ 1333\" src=\"https:\/\/faidutti.com\/blog\/licornes\/wp-content\/uploads\/sites\/2\/2022\/03\/David-jouant-de-la-harpe-tapisserie-flamande-XVIIe-collection-privee.jpg\" srcset=\"https:\/\/faidutti.com\/blog\/licornes\/wp-content\/uploads\/sites\/2\/2022\/03\/David-jouant-de-la-harpe-tapisserie-flamande-XVIIe-collection-privee.jpg 1213w, https:\/\/faidutti.com\/blog\/licornes\/wp-content\/uploads\/sites\/2\/2022\/03\/David-jouant-de-la-harpe-tapisserie-flamande-XVIIe-collection-privee-273x300.jpg 273w, https:\/\/faidutti.com\/blog\/licornes\/wp-content\/uploads\/sites\/2\/2022\/03\/David-jouant-de-la-harpe-tapisserie-flamande-XVIIe-collection-privee-768x844.jpg 768w\" sizes=\"(max-width: 1213px) 100vw, 1213px\" \/><figcaption class=\"wp-block-jetpack-slideshow_caption gallery-caption\">Cette tapisserie flamande du XVIIe si\u00e8cle repr\u00e9sente le roi David jouant de la harpe, mais le mod\u00e8le iconographique dont elle s&#8217;inspire est bien s\u00fbr celui d&#8217;Orph\u00e9e jouant de la lyre devant les animaux sauvages. Collection priv\u00e9e.<\/figcaption><\/figure><\/li><li class=\"wp-block-jetpack-slideshow_slide swiper-slide\"><figure><img loading=\"lazy\" decoding=\"async\" width=\"1503\" height=\"1139\" alt=\"\" class=\"wp-block-jetpack-slideshow_image wp-image-8797\" data-id=\"8797\" data-aspect-ratio=\"1503 \/ 1139\" src=\"https:\/\/faidutti.com\/blog\/licornes\/wp-content\/uploads\/sites\/2\/2026\/02\/Daniel-Neuberger-Orphee-et-les-animaux-circa-1663-Kunsthistorisches-Museum-Wien.jpg\" srcset=\"https:\/\/faidutti.com\/blog\/licornes\/wp-content\/uploads\/sites\/2\/2026\/02\/Daniel-Neuberger-Orphee-et-les-animaux-circa-1663-Kunsthistorisches-Museum-Wien.jpg 1503w, https:\/\/faidutti.com\/blog\/licornes\/wp-content\/uploads\/sites\/2\/2026\/02\/Daniel-Neuberger-Orphee-et-les-animaux-circa-1663-Kunsthistorisches-Museum-Wien-300x227.jpg 300w, https:\/\/faidutti.com\/blog\/licornes\/wp-content\/uploads\/sites\/2\/2026\/02\/Daniel-Neuberger-Orphee-et-les-animaux-circa-1663-Kunsthistorisches-Museum-Wien-768x582.jpg 768w, https:\/\/faidutti.com\/blog\/licornes\/wp-content\/uploads\/sites\/2\/2026\/02\/Daniel-Neuberger-Orphee-et-les-animaux-circa-1663-Kunsthistorisches-Museum-Wien-396x300.jpg 396w\" sizes=\"(max-width: 1503px) 100vw, 1503px\" \/><figcaption class=\"wp-block-jetpack-slideshow_caption gallery-caption\">Daniel Neuberger, <i>Orph\u00e9e et les animaux<\/i>, circa 1663.<br \/>Kunsthistorisches Museum, Wien<\/figcaption><\/figure><\/li><\/ul><a class=\"wp-block-jetpack-slideshow_button-prev swiper-button-prev swiper-button-white\" role=\"button\"><\/a><a class=\"wp-block-jetpack-slideshow_button-next swiper-button-next swiper-button-white\" role=\"button\"><\/a><a aria-label=\"Pause Slideshow\" class=\"wp-block-jetpack-slideshow_button-pause\" role=\"button\"><\/a><div class=\"wp-block-jetpack-slideshow_pagination swiper-pagination swiper-pagination-white\"><\/div><\/div><\/div>\n\n\n\n<p><em>Orph\u00e9e charmant les animaux<\/em> resta, jusqu\u2019au XVIIIe si\u00e8cle, un exercice quasi-oblig\u00e9 du r\u00e9pertoire des peintres et graveurs, peut-\u00eatre parce que, les th\u00e8mes chr\u00e9tiens passant de mode, c\u2019\u00e9tait la seule sc\u00e8ne classique et profane \u00e0 la disposition d\u2019artistes qui devaient montrer, comme c\u2019est encore le cas aujourd\u2019hui, qu\u2019ils pouvaient repr\u00e9senter avec r\u00e9alisme toute la nature morte et surtout vivante. <\/p>\n\n\n\n<div class=\"wp-block-jetpack-slideshow aligncenter\" data-effect=\"slide\"><div class=\"wp-block-jetpack-slideshow_container swiper\"><ul class=\"wp-block-jetpack-slideshow_swiper-wrapper swiper-wrapper\"><li class=\"wp-block-jetpack-slideshow_slide swiper-slide\"><figure><img loading=\"lazy\" decoding=\"async\" width=\"2048\" height=\"678\" alt=\"\" class=\"wp-block-jetpack-slideshow_image wp-image-2581\" data-id=\"2581\" src=\"https:\/\/faidutti.com\/blog\/licornes\/wp-content\/uploads\/sites\/2\/2021\/05\/Jacopo_del_Sellaio_001-2048x678-1.jpg\" srcset=\"https:\/\/faidutti.com\/blog\/licornes\/wp-content\/uploads\/sites\/2\/2021\/05\/Jacopo_del_Sellaio_001-2048x678-1.jpg 2048w, https:\/\/faidutti.com\/blog\/licornes\/wp-content\/uploads\/sites\/2\/2021\/05\/Jacopo_del_Sellaio_001-2048x678-1-300x99.jpg 300w, https:\/\/faidutti.com\/blog\/licornes\/wp-content\/uploads\/sites\/2\/2021\/05\/Jacopo_del_Sellaio_001-2048x678-1-768x254.jpg 768w, https:\/\/faidutti.com\/blog\/licornes\/wp-content\/uploads\/sites\/2\/2021\/05\/Jacopo_del_Sellaio_001-2048x678-1-1536x509.jpg 1536w, https:\/\/faidutti.com\/blog\/licornes\/wp-content\/uploads\/sites\/2\/2021\/05\/Jacopo_del_Sellaio_001-2048x678-1-500x166.jpg 500w\" sizes=\"(max-width: 2048px) 100vw, 2048px\" \/><figcaption class=\"wp-block-jetpack-slideshow_caption gallery-caption\">Jacopo del Sellaio,<i> Orph\u00e9e charmant les animaux sauvages devant la porte des enfers,<\/i> circa 1480.<br \/>\nGriffon, centaure, dragons et licorne, le bestiaire de ce tableau est assez fantastique.<br \/>\nCracovie, Mus\u00e9e du Wavel\n<\/figcaption><\/figure><\/li><li class=\"wp-block-jetpack-slideshow_slide swiper-slide\"><figure><img loading=\"lazy\" decoding=\"async\" width=\"1773\" height=\"1036\" alt=\"\" class=\"wp-block-jetpack-slideshow_image wp-image-4071\" data-id=\"4071\" src=\"https:\/\/faidutti.com\/blog\/licornes\/wp-content\/uploads\/sites\/2\/2021\/05\/Jacopo_del_Sellaio_001.jpg\" srcset=\"https:\/\/faidutti.com\/blog\/licornes\/wp-content\/uploads\/sites\/2\/2021\/05\/Jacopo_del_Sellaio_001.jpg 1773w, https:\/\/faidutti.com\/blog\/licornes\/wp-content\/uploads\/sites\/2\/2021\/05\/Jacopo_del_Sellaio_001-300x175.jpg 300w, https:\/\/faidutti.com\/blog\/licornes\/wp-content\/uploads\/sites\/2\/2021\/05\/Jacopo_del_Sellaio_001-768x449.jpg 768w, https:\/\/faidutti.com\/blog\/licornes\/wp-content\/uploads\/sites\/2\/2021\/05\/Jacopo_del_Sellaio_001-1536x898.jpg 1536w, https:\/\/faidutti.com\/blog\/licornes\/wp-content\/uploads\/sites\/2\/2021\/05\/Jacopo_del_Sellaio_001-500x292.jpg 500w\" sizes=\"(max-width: 1773px) 100vw, 1773px\" \/><figcaption class=\"wp-block-jetpack-slideshow_caption gallery-caption\">Remarquez aussi le griffon \u00e0 l&#8217;arri\u00e8re plan.<\/figcaption><\/figure><\/li><li class=\"wp-block-jetpack-slideshow_slide swiper-slide\"><figure><img loading=\"lazy\" decoding=\"async\" width=\"2048\" height=\"799\" alt=\"\" class=\"wp-block-jetpack-slideshow_image wp-image-2583\" data-id=\"2583\" src=\"https:\/\/faidutti.com\/blog\/licornes\/wp-content\/uploads\/sites\/2\/2021\/05\/Jacob_Savery_Orpheus_charming_the_animals-2048x799-1.jpg\" srcset=\"https:\/\/faidutti.com\/blog\/licornes\/wp-content\/uploads\/sites\/2\/2021\/05\/Jacob_Savery_Orpheus_charming_the_animals-2048x799-1.jpg 2048w, https:\/\/faidutti.com\/blog\/licornes\/wp-content\/uploads\/sites\/2\/2021\/05\/Jacob_Savery_Orpheus_charming_the_animals-2048x799-1-300x117.jpg 300w, https:\/\/faidutti.com\/blog\/licornes\/wp-content\/uploads\/sites\/2\/2021\/05\/Jacob_Savery_Orpheus_charming_the_animals-2048x799-1-768x300.jpg 768w, https:\/\/faidutti.com\/blog\/licornes\/wp-content\/uploads\/sites\/2\/2021\/05\/Jacob_Savery_Orpheus_charming_the_animals-2048x799-1-1536x599.jpg 1536w, https:\/\/faidutti.com\/blog\/licornes\/wp-content\/uploads\/sites\/2\/2021\/05\/Jacob_Savery_Orpheus_charming_the_animals-2048x799-1-500x195.jpg 500w\" sizes=\"(max-width: 2048px) 100vw, 2048px\" \/><figcaption class=\"wp-block-jetpack-slideshow_caption gallery-caption\">Jacob Savery, <i>Orph\u00e9e charmant les animaux devant la porte des enfers, <\/i>XVIe si\u00e8cle. <br \/>\nOn distingue, en arri\u00e8re-plan, l\u2019entr\u00e9e des enfers.<br \/>\nCollection priv\u00e9e\n<\/figcaption><\/figure><\/li><li class=\"wp-block-jetpack-slideshow_slide swiper-slide\"><figure><img loading=\"lazy\" decoding=\"async\" width=\"1219\" height=\"708\" alt=\"\" class=\"wp-block-jetpack-slideshow_image wp-image-4073\" data-id=\"4073\" src=\"https:\/\/faidutti.com\/blog\/licornes\/wp-content\/uploads\/sites\/2\/2021\/05\/Jacob_Savery_Orpheus_charming_the_animals.png\" srcset=\"https:\/\/faidutti.com\/blog\/licornes\/wp-content\/uploads\/sites\/2\/2021\/05\/Jacob_Savery_Orpheus_charming_the_animals.png 1219w, https:\/\/faidutti.com\/blog\/licornes\/wp-content\/uploads\/sites\/2\/2021\/05\/Jacob_Savery_Orpheus_charming_the_animals-300x174.png 300w, https:\/\/faidutti.com\/blog\/licornes\/wp-content\/uploads\/sites\/2\/2021\/05\/Jacob_Savery_Orpheus_charming_the_animals-768x446.png 768w, https:\/\/faidutti.com\/blog\/licornes\/wp-content\/uploads\/sites\/2\/2021\/05\/Jacob_Savery_Orpheus_charming_the_animals-500x290.png 500w\" sizes=\"(max-width: 1219px) 100vw, 1219px\" \/><\/figure><\/li><li class=\"wp-block-jetpack-slideshow_slide swiper-slide\"><figure><img loading=\"lazy\" decoding=\"async\" width=\"2048\" height=\"1108\" alt=\"\" class=\"wp-block-jetpack-slideshow_image wp-image-390\" data-id=\"390\" src=\"https:\/\/faidutti.com\/blog\/licornes\/wp-content\/uploads\/sites\/2\/2021\/05\/Nicolaes_de_Bruyn_-_Orpheus_Charming_the_Animals_-_1923.741_-_Cleveland_Museum_of_Art-2048x1108.jpg\" srcset=\"https:\/\/faidutti.com\/blog\/licornes\/wp-content\/uploads\/sites\/2\/2021\/05\/Nicolaes_de_Bruyn_-_Orpheus_Charming_the_Animals_-_1923.741_-_Cleveland_Museum_of_Art-2048x1108.jpg 2048w, https:\/\/faidutti.com\/blog\/licornes\/wp-content\/uploads\/sites\/2\/2021\/05\/Nicolaes_de_Bruyn_-_Orpheus_Charming_the_Animals_-_1923.741_-_Cleveland_Museum_of_Art-300x162.jpg 300w, https:\/\/faidutti.com\/blog\/licornes\/wp-content\/uploads\/sites\/2\/2021\/05\/Nicolaes_de_Bruyn_-_Orpheus_Charming_the_Animals_-_1923.741_-_Cleveland_Museum_of_Art-768x416.jpg 768w, https:\/\/faidutti.com\/blog\/licornes\/wp-content\/uploads\/sites\/2\/2021\/05\/Nicolaes_de_Bruyn_-_Orpheus_Charming_the_Animals_-_1923.741_-_Cleveland_Museum_of_Art-1536x831.jpg 1536w, https:\/\/faidutti.com\/blog\/licornes\/wp-content\/uploads\/sites\/2\/2021\/05\/Nicolaes_de_Bruyn_-_Orpheus_Charming_the_Animals_-_1923.741_-_Cleveland_Museum_of_Art-500x271.jpg 500w\" sizes=\"(max-width: 2048px) 100vw, 2048px\" \/><figcaption class=\"wp-block-jetpack-slideshow_caption gallery-caption\">Nicolaas de Bruyn, <i>Orph\u00e9e charmant les animaux, <\/i>1594<\/figcaption><\/figure><\/li><li class=\"wp-block-jetpack-slideshow_slide swiper-slide\"><figure><img loading=\"lazy\" decoding=\"async\" width=\"1627\" height=\"909\" alt=\"\" class=\"wp-block-jetpack-slideshow_image wp-image-1622\" data-id=\"1622\" src=\"https:\/\/faidutti.com\/blog\/licornes\/wp-content\/uploads\/sites\/2\/2021\/05\/P.-Ouidij-Nasonis-dess-aller-sinnreichsten-Poeten-Metamorphosis-Mayence-1545.jpg\" srcset=\"https:\/\/faidutti.com\/blog\/licornes\/wp-content\/uploads\/sites\/2\/2021\/05\/P.-Ouidij-Nasonis-dess-aller-sinnreichsten-Poeten-Metamorphosis-Mayence-1545.jpg 1627w, https:\/\/faidutti.com\/blog\/licornes\/wp-content\/uploads\/sites\/2\/2021\/05\/P.-Ouidij-Nasonis-dess-aller-sinnreichsten-Poeten-Metamorphosis-Mayence-1545-300x168.jpg 300w, https:\/\/faidutti.com\/blog\/licornes\/wp-content\/uploads\/sites\/2\/2021\/05\/P.-Ouidij-Nasonis-dess-aller-sinnreichsten-Poeten-Metamorphosis-Mayence-1545-768x429.jpg 768w, https:\/\/faidutti.com\/blog\/licornes\/wp-content\/uploads\/sites\/2\/2021\/05\/P.-Ouidij-Nasonis-dess-aller-sinnreichsten-Poeten-Metamorphosis-Mayence-1545-1536x858.jpg 1536w, https:\/\/faidutti.com\/blog\/licornes\/wp-content\/uploads\/sites\/2\/2021\/05\/P.-Ouidij-Nasonis-dess-aller-sinnreichsten-Poeten-Metamorphosis-Mayence-1545-500x279.jpg 500w\" sizes=\"(max-width: 1627px) 100vw, 1627px\" \/><figcaption class=\"wp-block-jetpack-slideshow_caption gallery-caption\"><i>P. Ouidij Nasonis de\u00df aller sinnreichsten Poeten Metamorphosis<\/i>, Mayence, 1545<\/figcaption><\/figure><\/li><li class=\"wp-block-jetpack-slideshow_slide swiper-slide\"><figure><img loading=\"lazy\" decoding=\"async\" width=\"2048\" height=\"584\" alt=\"\" class=\"wp-block-jetpack-slideshow_image wp-image-2578\" data-id=\"2578\" src=\"https:\/\/faidutti.com\/blog\/licornes\/wp-content\/uploads\/sites\/2\/2021\/05\/Orpheus-Eurydice-Virgilius-Solis-1524-1562-2048x584-1.jpg\" srcset=\"https:\/\/faidutti.com\/blog\/licornes\/wp-content\/uploads\/sites\/2\/2021\/05\/Orpheus-Eurydice-Virgilius-Solis-1524-1562-2048x584-1.jpg 2048w, https:\/\/faidutti.com\/blog\/licornes\/wp-content\/uploads\/sites\/2\/2021\/05\/Orpheus-Eurydice-Virgilius-Solis-1524-1562-2048x584-1-300x86.jpg 300w, https:\/\/faidutti.com\/blog\/licornes\/wp-content\/uploads\/sites\/2\/2021\/05\/Orpheus-Eurydice-Virgilius-Solis-1524-1562-2048x584-1-768x219.jpg 768w, https:\/\/faidutti.com\/blog\/licornes\/wp-content\/uploads\/sites\/2\/2021\/05\/Orpheus-Eurydice-Virgilius-Solis-1524-1562-2048x584-1-1536x438.jpg 1536w, https:\/\/faidutti.com\/blog\/licornes\/wp-content\/uploads\/sites\/2\/2021\/05\/Orpheus-Eurydice-Virgilius-Solis-1524-1562-2048x584-1-500x143.jpg 500w\" sizes=\"(max-width: 2048px) 100vw, 2048px\" \/><figcaption class=\"wp-block-jetpack-slideshow_caption gallery-caption\"><i>Orph\u00e9e et Eurydice,<\/i> gravure de Virgil Solis, 1524.<\/figcaption><\/figure><\/li><li class=\"wp-block-jetpack-slideshow_slide swiper-slide\"><figure><img loading=\"lazy\" decoding=\"async\" width=\"2048\" height=\"498\" alt=\"\" class=\"wp-block-jetpack-slideshow_image wp-image-2577\" data-id=\"2577\" src=\"https:\/\/faidutti.com\/blog\/licornes\/wp-content\/uploads\/sites\/2\/2021\/05\/Orpheus-betovert-de-dieren-met-zijn-muziek-Virgilius-Solis-1524-1562-2048x498-1.jpg\" srcset=\"https:\/\/faidutti.com\/blog\/licornes\/wp-content\/uploads\/sites\/2\/2021\/05\/Orpheus-betovert-de-dieren-met-zijn-muziek-Virgilius-Solis-1524-1562-2048x498-1.jpg 2048w, https:\/\/faidutti.com\/blog\/licornes\/wp-content\/uploads\/sites\/2\/2021\/05\/Orpheus-betovert-de-dieren-met-zijn-muziek-Virgilius-Solis-1524-1562-2048x498-1-300x73.jpg 300w, https:\/\/faidutti.com\/blog\/licornes\/wp-content\/uploads\/sites\/2\/2021\/05\/Orpheus-betovert-de-dieren-met-zijn-muziek-Virgilius-Solis-1524-1562-2048x498-1-768x187.jpg 768w, https:\/\/faidutti.com\/blog\/licornes\/wp-content\/uploads\/sites\/2\/2021\/05\/Orpheus-betovert-de-dieren-met-zijn-muziek-Virgilius-Solis-1524-1562-2048x498-1-1536x374.jpg 1536w, https:\/\/faidutti.com\/blog\/licornes\/wp-content\/uploads\/sites\/2\/2021\/05\/Orpheus-betovert-de-dieren-met-zijn-muziek-Virgilius-Solis-1524-1562-2048x498-1-500x122.jpg 500w\" sizes=\"(max-width: 2048px) 100vw, 2048px\" \/><figcaption class=\"wp-block-jetpack-slideshow_caption gallery-caption\"><i>Orph\u00e9e charmant les animaux, <\/i>gravure de Virgil Solis, 1524.<\/figcaption><\/figure><\/li><li class=\"wp-block-jetpack-slideshow_slide swiper-slide\"><figure><img loading=\"lazy\" decoding=\"async\" width=\"1326\" height=\"774\" alt=\"\" class=\"wp-block-jetpack-slideshow_image wp-image-1625\" data-id=\"1625\" src=\"https:\/\/faidutti.com\/blog\/licornes\/wp-content\/uploads\/sites\/2\/2021\/05\/Di-Ovidio-le-metamorphosi-Venise-ed-Nicolo-degli-agostini-1547.jpg\" srcset=\"https:\/\/faidutti.com\/blog\/licornes\/wp-content\/uploads\/sites\/2\/2021\/05\/Di-Ovidio-le-metamorphosi-Venise-ed-Nicolo-degli-agostini-1547.jpg 1326w, https:\/\/faidutti.com\/blog\/licornes\/wp-content\/uploads\/sites\/2\/2021\/05\/Di-Ovidio-le-metamorphosi-Venise-ed-Nicolo-degli-agostini-1547-300x175.jpg 300w, https:\/\/faidutti.com\/blog\/licornes\/wp-content\/uploads\/sites\/2\/2021\/05\/Di-Ovidio-le-metamorphosi-Venise-ed-Nicolo-degli-agostini-1547-768x448.jpg 768w, https:\/\/faidutti.com\/blog\/licornes\/wp-content\/uploads\/sites\/2\/2021\/05\/Di-Ovidio-le-metamorphosi-Venise-ed-Nicolo-degli-agostini-1547-500x292.jpg 500w\" sizes=\"(max-width: 1326px) 100vw, 1326px\" \/><figcaption class=\"wp-block-jetpack-slideshow_caption gallery-caption\"><i>Di Ovidio le metamorphosi,<\/i> ed Nicolo degli agostini, Venise, 1547<\/figcaption><\/figure><\/li><li class=\"wp-block-jetpack-slideshow_slide swiper-slide\"><figure><img loading=\"lazy\" decoding=\"async\" width=\"2048\" height=\"863\" alt=\"\" class=\"wp-block-jetpack-slideshow_image wp-image-4068\" data-id=\"4068\" src=\"https:\/\/faidutti.com\/blog\/licornes\/wp-content\/uploads\/sites\/2\/2021\/05\/La-legande-dOrphee-circa-1560-anonyme-musee-de-Castelvecchio-Verone-2048x863.jpg\" srcset=\"https:\/\/faidutti.com\/blog\/licornes\/wp-content\/uploads\/sites\/2\/2021\/05\/La-legande-dOrphee-circa-1560-anonyme-musee-de-Castelvecchio-Verone-2048x863.jpg 2048w, https:\/\/faidutti.com\/blog\/licornes\/wp-content\/uploads\/sites\/2\/2021\/05\/La-legande-dOrphee-circa-1560-anonyme-musee-de-Castelvecchio-Verone-300x126.jpg 300w, https:\/\/faidutti.com\/blog\/licornes\/wp-content\/uploads\/sites\/2\/2021\/05\/La-legande-dOrphee-circa-1560-anonyme-musee-de-Castelvecchio-Verone-768x324.jpg 768w, https:\/\/faidutti.com\/blog\/licornes\/wp-content\/uploads\/sites\/2\/2021\/05\/La-legande-dOrphee-circa-1560-anonyme-musee-de-Castelvecchio-Verone-1536x648.jpg 1536w, https:\/\/faidutti.com\/blog\/licornes\/wp-content\/uploads\/sites\/2\/2021\/05\/La-legande-dOrphee-circa-1560-anonyme-musee-de-Castelvecchio-Verone-500x211.jpg 500w\" sizes=\"(max-width: 2048px) 100vw, 2048px\" \/><figcaption class=\"wp-block-jetpack-slideshow_caption gallery-caption\"><i>La l\u00e9gende d&#8217;Orph\u00e9e,<\/i>, circa 1550.<br \/>\nMus\u00e9e de Castelvecchio, V\u00e9rone.<\/figcaption><\/figure><\/li><li class=\"wp-block-jetpack-slideshow_slide swiper-slide\"><figure><img loading=\"lazy\" decoding=\"async\" width=\"2048\" height=\"1448\" alt=\"\" class=\"wp-block-jetpack-slideshow_image wp-image-4069\" data-id=\"4069\" src=\"https:\/\/faidutti.com\/blog\/licornes\/wp-content\/uploads\/sites\/2\/2021\/05\/La-legande-dOrphee-circa-1560-anonyme-musee-de-Castelvecchio-Verone-detail-2048x1448.jpg\" srcset=\"https:\/\/faidutti.com\/blog\/licornes\/wp-content\/uploads\/sites\/2\/2021\/05\/La-legande-dOrphee-circa-1560-anonyme-musee-de-Castelvecchio-Verone-detail-2048x1448.jpg 2048w, https:\/\/faidutti.com\/blog\/licornes\/wp-content\/uploads\/sites\/2\/2021\/05\/La-legande-dOrphee-circa-1560-anonyme-musee-de-Castelvecchio-Verone-detail-300x212.jpg 300w, https:\/\/faidutti.com\/blog\/licornes\/wp-content\/uploads\/sites\/2\/2021\/05\/La-legande-dOrphee-circa-1560-anonyme-musee-de-Castelvecchio-Verone-detail-768x543.jpg 768w, https:\/\/faidutti.com\/blog\/licornes\/wp-content\/uploads\/sites\/2\/2021\/05\/La-legande-dOrphee-circa-1560-anonyme-musee-de-Castelvecchio-Verone-detail-1536x1086.jpg 1536w, https:\/\/faidutti.com\/blog\/licornes\/wp-content\/uploads\/sites\/2\/2021\/05\/La-legande-dOrphee-circa-1560-anonyme-musee-de-Castelvecchio-Verone-detail-424x300.jpg 424w\" sizes=\"(max-width: 2048px) 100vw, 2048px\" \/><\/figure><\/li><li class=\"wp-block-jetpack-slideshow_slide swiper-slide\"><figure><img loading=\"lazy\" decoding=\"async\" width=\"2048\" height=\"576\" alt=\"\" class=\"wp-block-jetpack-slideshow_image wp-image-7243\" data-id=\"7243\" src=\"https:\/\/faidutti.com\/blog\/licornes\/wp-content\/uploads\/sites\/2\/2021\/05\/Abraham-de-Bruyn-Orphee-charmant-les-animaux-1578-2048x576.jpg\" srcset=\"https:\/\/faidutti.com\/blog\/licornes\/wp-content\/uploads\/sites\/2\/2021\/05\/Abraham-de-Bruyn-Orphee-charmant-les-animaux-1578-2048x576.jpg 2048w, https:\/\/faidutti.com\/blog\/licornes\/wp-content\/uploads\/sites\/2\/2021\/05\/Abraham-de-Bruyn-Orphee-charmant-les-animaux-1578-300x84.jpg 300w, https:\/\/faidutti.com\/blog\/licornes\/wp-content\/uploads\/sites\/2\/2021\/05\/Abraham-de-Bruyn-Orphee-charmant-les-animaux-1578-768x216.jpg 768w, https:\/\/faidutti.com\/blog\/licornes\/wp-content\/uploads\/sites\/2\/2021\/05\/Abraham-de-Bruyn-Orphee-charmant-les-animaux-1578-1536x432.jpg 1536w, https:\/\/faidutti.com\/blog\/licornes\/wp-content\/uploads\/sites\/2\/2021\/05\/Abraham-de-Bruyn-Orphee-charmant-les-animaux-1578-500x141.jpg 500w\" sizes=\"(max-width: 2048px) 100vw, 2048px\" \/><figcaption class=\"wp-block-jetpack-slideshow_caption gallery-caption\">Abraham de Bruyn, <i>Orph\u00e9e charmant les animaux<\/i>, 1578.<\/figcaption><\/figure><\/li><li class=\"wp-block-jetpack-slideshow_slide swiper-slide\"><figure><img loading=\"lazy\" decoding=\"async\" width=\"1277\" height=\"834\" alt=\"\" class=\"wp-block-jetpack-slideshow_image wp-image-4779\" data-id=\"4779\" src=\"https:\/\/faidutti.com\/blog\/licornes\/wp-content\/uploads\/sites\/2\/2021\/05\/P.Ovid_.Nasonis-XV-Metamorphoseon-Librorum-1607-gravures-de-Crispin-de-Passe.jpg\" srcset=\"https:\/\/faidutti.com\/blog\/licornes\/wp-content\/uploads\/sites\/2\/2021\/05\/P.Ovid_.Nasonis-XV-Metamorphoseon-Librorum-1607-gravures-de-Crispin-de-Passe.jpg 1277w, https:\/\/faidutti.com\/blog\/licornes\/wp-content\/uploads\/sites\/2\/2021\/05\/P.Ovid_.Nasonis-XV-Metamorphoseon-Librorum-1607-gravures-de-Crispin-de-Passe-300x196.jpg 300w, https:\/\/faidutti.com\/blog\/licornes\/wp-content\/uploads\/sites\/2\/2021\/05\/P.Ovid_.Nasonis-XV-Metamorphoseon-Librorum-1607-gravures-de-Crispin-de-Passe-768x502.jpg 768w, https:\/\/faidutti.com\/blog\/licornes\/wp-content\/uploads\/sites\/2\/2021\/05\/P.Ovid_.Nasonis-XV-Metamorphoseon-Librorum-1607-gravures-de-Crispin-de-Passe-459x300.jpg 459w\" sizes=\"(max-width: 1277px) 100vw, 1277px\" \/><figcaption class=\"wp-block-jetpack-slideshow_caption gallery-caption\">Gravure de Crispin de Passe pour une \u00e9dition des <i>M\u00e9tamorphoses<\/i>, 1607.<\/figcaption><\/figure><\/li><\/ul><a class=\"wp-block-jetpack-slideshow_button-prev swiper-button-prev swiper-button-white\" role=\"button\"><\/a><a class=\"wp-block-jetpack-slideshow_button-next swiper-button-next swiper-button-white\" role=\"button\"><\/a><a aria-label=\"Pause Slideshow\" class=\"wp-block-jetpack-slideshow_button-pause\" role=\"button\"><\/a><div class=\"wp-block-jetpack-slideshow_pagination swiper-pagination swiper-pagination-white\"><\/div><\/div><\/div>\n\n\n\n<p>Chaque mus\u00e9e europ\u00e9en a depuis, sur ses murs ou dans sa r\u00e9serve, au moins un tableau, une gravure, une m\u00e9daille repr\u00e9sentant l&#8217;a\u00e8de jouant de la lyre dans la for\u00eat, parfois devant la bouche fumante des enfers, pour un auditoire bestial et attentif. Les deux fr\u00e8res flamands Jacob et Rolandt Savery, ont bien d\u00fb peindre cette sc\u00e8ne une trentaine de fois, et la licorne est toujours l\u00e0, tandis que les autres cr\u00e9atures merveilleuses du bestiaire m\u00e9di\u00e9val tendent \u00e0 dispara\u00eetre des peintures. <\/p>\n\n\n\n<div class=\"wp-block-jetpack-slideshow aligncenter\" data-effect=\"slide\" style=\"--aspect-ratio:calc(584 \/ 376)\"><div class=\"wp-block-jetpack-slideshow_container swiper\"><ul class=\"wp-block-jetpack-slideshow_swiper-wrapper swiper-wrapper\"><li class=\"wp-block-jetpack-slideshow_slide swiper-slide\"><figure><img loading=\"lazy\" decoding=\"async\" width=\"2048\" height=\"1318\" alt=\"\" class=\"wp-block-jetpack-slideshow_image wp-image-372\" data-id=\"372\" data-aspect-ratio=\"584 \/ 376\" src=\"https:\/\/faidutti.com\/blog\/licornes\/wp-content\/uploads\/sites\/2\/2021\/05\/National-gallery-London-Orpheus-Rolandt-Savery1628--2048x1318.jpg\" srcset=\"https:\/\/faidutti.com\/blog\/licornes\/wp-content\/uploads\/sites\/2\/2021\/05\/National-gallery-London-Orpheus-Rolandt-Savery1628--2048x1318.jpg 2048w, https:\/\/faidutti.com\/blog\/licornes\/wp-content\/uploads\/sites\/2\/2021\/05\/National-gallery-London-Orpheus-Rolandt-Savery1628--300x193.jpg 300w, https:\/\/faidutti.com\/blog\/licornes\/wp-content\/uploads\/sites\/2\/2021\/05\/National-gallery-London-Orpheus-Rolandt-Savery1628--768x494.jpg 768w, https:\/\/faidutti.com\/blog\/licornes\/wp-content\/uploads\/sites\/2\/2021\/05\/National-gallery-London-Orpheus-Rolandt-Savery1628--1536x988.jpg 1536w, https:\/\/faidutti.com\/blog\/licornes\/wp-content\/uploads\/sites\/2\/2021\/05\/National-gallery-London-Orpheus-Rolandt-Savery1628--466x300.jpg 466w\" sizes=\"(max-width: 2048px) 100vw, 2048px\" \/><figcaption class=\"wp-block-jetpack-slideshow_caption gallery-caption\">Rolant Savery, <i>Orph\u00e9e charmant les animaux,<\/i> 1628.<br \/>\nNational Gallery, Londres.<\/figcaption><\/figure><\/li><li class=\"wp-block-jetpack-slideshow_slide swiper-slide\"><figure><img loading=\"lazy\" decoding=\"async\" width=\"2048\" height=\"1067\" alt=\"\" class=\"wp-block-jetpack-slideshow_image wp-image-371\" data-id=\"371\" data-aspect-ratio=\"584 \/ 304\" src=\"https:\/\/faidutti.com\/blog\/licornes\/wp-content\/uploads\/sites\/2\/2021\/05\/National-gallery-London-Orpheus-Rolandt-Savery1628-de\u0301tail-2048x1067.jpg\" srcset=\"https:\/\/faidutti.com\/blog\/licornes\/wp-content\/uploads\/sites\/2\/2021\/05\/National-gallery-London-Orpheus-Rolandt-Savery1628-de\u0301tail-2048x1067.jpg 2048w, https:\/\/faidutti.com\/blog\/licornes\/wp-content\/uploads\/sites\/2\/2021\/05\/National-gallery-London-Orpheus-Rolandt-Savery1628-de\u0301tail-300x156.jpg 300w, https:\/\/faidutti.com\/blog\/licornes\/wp-content\/uploads\/sites\/2\/2021\/05\/National-gallery-London-Orpheus-Rolandt-Savery1628-de\u0301tail-768x400.jpg 768w, https:\/\/faidutti.com\/blog\/licornes\/wp-content\/uploads\/sites\/2\/2021\/05\/National-gallery-London-Orpheus-Rolandt-Savery1628-de\u0301tail-1536x800.jpg 1536w, https:\/\/faidutti.com\/blog\/licornes\/wp-content\/uploads\/sites\/2\/2021\/05\/National-gallery-London-Orpheus-Rolandt-Savery1628-de\u0301tail-500x261.jpg 500w\" sizes=\"(max-width: 2048px) 100vw, 2048px\" \/><figcaption class=\"wp-block-jetpack-slideshow_caption gallery-caption\">Rolant Savery, <i>Orph\u00e9e charmant les animaux,<\/i> 1628.<br \/>\nNational Gallery, Londres.<\/figcaption><\/figure><\/li><li class=\"wp-block-jetpack-slideshow_slide swiper-slide\"><figure><img loading=\"lazy\" decoding=\"async\" width=\"2048\" height=\"1493\" alt=\"\" class=\"wp-block-jetpack-slideshow_image wp-image-1111\" data-id=\"1111\" data-aspect-ratio=\"584 \/ 426\" src=\"https:\/\/faidutti.com\/blog\/licornes\/wp-content\/uploads\/sites\/2\/2021\/05\/Bellue-02-Orpheus-en-de-dieren-Paulus-Potter-1650-SK-A-317-2048x1493.jpg\" srcset=\"https:\/\/faidutti.com\/blog\/licornes\/wp-content\/uploads\/sites\/2\/2021\/05\/Bellue-02-Orpheus-en-de-dieren-Paulus-Potter-1650-SK-A-317-2048x1493.jpg 2048w, https:\/\/faidutti.com\/blog\/licornes\/wp-content\/uploads\/sites\/2\/2021\/05\/Bellue-02-Orpheus-en-de-dieren-Paulus-Potter-1650-SK-A-317-300x219.jpg 300w, https:\/\/faidutti.com\/blog\/licornes\/wp-content\/uploads\/sites\/2\/2021\/05\/Bellue-02-Orpheus-en-de-dieren-Paulus-Potter-1650-SK-A-317-768x560.jpg 768w, https:\/\/faidutti.com\/blog\/licornes\/wp-content\/uploads\/sites\/2\/2021\/05\/Bellue-02-Orpheus-en-de-dieren-Paulus-Potter-1650-SK-A-317-1536x1120.jpg 1536w, https:\/\/faidutti.com\/blog\/licornes\/wp-content\/uploads\/sites\/2\/2021\/05\/Bellue-02-Orpheus-en-de-dieren-Paulus-Potter-1650-SK-A-317-412x300.jpg 412w\" sizes=\"(max-width: 2048px) 100vw, 2048px\" \/><figcaption class=\"wp-block-jetpack-slideshow_caption gallery-caption\">Paulus Potter, <i>Orph\u00e9e charlmant les animaux<\/i>, 1650<br \/>\nRijksmuseum, Amsterdam.<\/figcaption><\/figure><\/li><li class=\"wp-block-jetpack-slideshow_slide swiper-slide\"><figure><img loading=\"lazy\" decoding=\"async\" width=\"1024\" height=\"755\" alt=\"\" class=\"wp-block-jetpack-slideshow_image wp-image-1109\" data-id=\"1109\" data-aspect-ratio=\"1024 \/ 755\" src=\"https:\/\/faidutti.com\/blog\/licornes\/wp-content\/uploads\/sites\/2\/2021\/05\/Orpheus-en-de-dieren-Paulus-Potter-1650.jpg\" srcset=\"https:\/\/faidutti.com\/blog\/licornes\/wp-content\/uploads\/sites\/2\/2021\/05\/Orpheus-en-de-dieren-Paulus-Potter-1650.jpg 1024w, https:\/\/faidutti.com\/blog\/licornes\/wp-content\/uploads\/sites\/2\/2021\/05\/Orpheus-en-de-dieren-Paulus-Potter-1650-300x221.jpg 300w, https:\/\/faidutti.com\/blog\/licornes\/wp-content\/uploads\/sites\/2\/2021\/05\/Orpheus-en-de-dieren-Paulus-Potter-1650-768x566.jpg 768w, https:\/\/faidutti.com\/blog\/licornes\/wp-content\/uploads\/sites\/2\/2021\/05\/Orpheus-en-de-dieren-Paulus-Potter-1650-407x300.jpg 407w\" sizes=\"(max-width: 1024px) 100vw, 1024px\" \/><figcaption class=\"wp-block-jetpack-slideshow_caption gallery-caption\">Paulus Potter, <i>Orph\u00e9e charlmant les animaux<\/i>, 1650<br \/>\nRijksmuseum, Amsterdam.<\/figcaption><\/figure><\/li><li class=\"wp-block-jetpack-slideshow_slide swiper-slide\"><figure><img loading=\"lazy\" decoding=\"async\" width=\"2048\" height=\"1452\" alt=\"\" class=\"wp-block-jetpack-slideshow_image wp-image-4031\" data-id=\"4031\" data-aspect-ratio=\"584 \/ 414\" src=\"https:\/\/faidutti.com\/blog\/licornes\/wp-content\/uploads\/sites\/2\/2021\/05\/Orpheus-anonyme-flamand-XVIIe-coll-privee-2048x1452.jpg\" srcset=\"https:\/\/faidutti.com\/blog\/licornes\/wp-content\/uploads\/sites\/2\/2021\/05\/Orpheus-anonyme-flamand-XVIIe-coll-privee-2048x1452.jpg 2048w, https:\/\/faidutti.com\/blog\/licornes\/wp-content\/uploads\/sites\/2\/2021\/05\/Orpheus-anonyme-flamand-XVIIe-coll-privee-300x213.jpg 300w, https:\/\/faidutti.com\/blog\/licornes\/wp-content\/uploads\/sites\/2\/2021\/05\/Orpheus-anonyme-flamand-XVIIe-coll-privee-768x545.jpg 768w, https:\/\/faidutti.com\/blog\/licornes\/wp-content\/uploads\/sites\/2\/2021\/05\/Orpheus-anonyme-flamand-XVIIe-coll-privee-1536x1089.jpg 1536w, https:\/\/faidutti.com\/blog\/licornes\/wp-content\/uploads\/sites\/2\/2021\/05\/Orpheus-anonyme-flamand-XVIIe-coll-privee-423x300.jpg 423w\" sizes=\"(max-width: 2048px) 100vw, 2048px\" \/><figcaption class=\"wp-block-jetpack-slideshow_caption gallery-caption\">Anonyme flamand, XVIIe si\u00e8cle. Collection priv\u00e9e.<\/figcaption><\/figure><\/li><li class=\"wp-block-jetpack-slideshow_slide swiper-slide\"><figure><img loading=\"lazy\" decoding=\"async\" width=\"2048\" height=\"1401\" alt=\"\" class=\"wp-block-jetpack-slideshow_image wp-image-4030\" data-id=\"4030\" data-aspect-ratio=\"584 \/ 400\" src=\"https:\/\/faidutti.com\/blog\/licornes\/wp-content\/uploads\/sites\/2\/2021\/05\/Orpheus-anonyme-flamand-XVIIe-coll-privee-det-2048x1401.jpg\" srcset=\"https:\/\/faidutti.com\/blog\/licornes\/wp-content\/uploads\/sites\/2\/2021\/05\/Orpheus-anonyme-flamand-XVIIe-coll-privee-det-2048x1401.jpg 2048w, https:\/\/faidutti.com\/blog\/licornes\/wp-content\/uploads\/sites\/2\/2021\/05\/Orpheus-anonyme-flamand-XVIIe-coll-privee-det-300x205.jpg 300w, https:\/\/faidutti.com\/blog\/licornes\/wp-content\/uploads\/sites\/2\/2021\/05\/Orpheus-anonyme-flamand-XVIIe-coll-privee-det-768x525.jpg 768w, https:\/\/faidutti.com\/blog\/licornes\/wp-content\/uploads\/sites\/2\/2021\/05\/Orpheus-anonyme-flamand-XVIIe-coll-privee-det-1536x1051.jpg 1536w, https:\/\/faidutti.com\/blog\/licornes\/wp-content\/uploads\/sites\/2\/2021\/05\/Orpheus-anonyme-flamand-XVIIe-coll-privee-det-439x300.jpg 439w\" sizes=\"(max-width: 2048px) 100vw, 2048px\" \/><figcaption class=\"wp-block-jetpack-slideshow_caption gallery-caption\">Notez la pr\u00e9sence des deux griffons, plus rares que les licornes sur ce type de peinture animali\u00e8re. <\/figcaption><\/figure><\/li><li class=\"wp-block-jetpack-slideshow_slide swiper-slide\"><figure><img loading=\"lazy\" decoding=\"async\" width=\"1968\" height=\"1616\" alt=\"\" class=\"wp-block-jetpack-slideshow_image wp-image-1371\" data-id=\"1371\" data-aspect-ratio=\"1968 \/ 1616\" src=\"https:\/\/faidutti.com\/blog\/licornes\/wp-content\/uploads\/sites\/2\/2021\/05\/Francois_Boucher_-_Orphee_charmant_les_animaux_1740.jpg\" srcset=\"https:\/\/faidutti.com\/blog\/licornes\/wp-content\/uploads\/sites\/2\/2021\/05\/Francois_Boucher_-_Orphee_charmant_les_animaux_1740.jpg 1968w, https:\/\/faidutti.com\/blog\/licornes\/wp-content\/uploads\/sites\/2\/2021\/05\/Francois_Boucher_-_Orphee_charmant_les_animaux_1740-300x246.jpg 300w, https:\/\/faidutti.com\/blog\/licornes\/wp-content\/uploads\/sites\/2\/2021\/05\/Francois_Boucher_-_Orphee_charmant_les_animaux_1740-768x631.jpg 768w, https:\/\/faidutti.com\/blog\/licornes\/wp-content\/uploads\/sites\/2\/2021\/05\/Francois_Boucher_-_Orphee_charmant_les_animaux_1740-1536x1261.jpg 1536w, https:\/\/faidutti.com\/blog\/licornes\/wp-content\/uploads\/sites\/2\/2021\/05\/Francois_Boucher_-_Orphee_charmant_les_animaux_1740-365x300.jpg 365w\" sizes=\"(max-width: 1968px) 100vw, 1968px\" \/><figcaption class=\"wp-block-jetpack-slideshow_caption gallery-caption\">Fran\u00e7ois Boucher, <i>Orph\u00e9e charmant les animaux<\/i>, 1740.<br \/>\nMus\u00e9e d&#8217;art Roger Quilliot, Clermont Ferrand.<\/figcaption><\/figure><\/li><li class=\"wp-block-jetpack-slideshow_slide swiper-slide\"><figure><img loading=\"lazy\" decoding=\"async\" width=\"2048\" height=\"1410\" alt=\"\" class=\"wp-block-jetpack-slideshow_image wp-image-2567\" data-id=\"2567\" data-aspect-ratio=\"2048 \/ 1410\" src=\"https:\/\/faidutti.com\/blog\/licornes\/wp-content\/uploads\/sites\/2\/2021\/05\/Roelant-Savery-ou-disciple-.jpg\" srcset=\"https:\/\/faidutti.com\/blog\/licornes\/wp-content\/uploads\/sites\/2\/2021\/05\/Roelant-Savery-ou-disciple-.jpg 2048w, https:\/\/faidutti.com\/blog\/licornes\/wp-content\/uploads\/sites\/2\/2021\/05\/Roelant-Savery-ou-disciple--300x207.jpg 300w, https:\/\/faidutti.com\/blog\/licornes\/wp-content\/uploads\/sites\/2\/2021\/05\/Roelant-Savery-ou-disciple--768x529.jpg 768w, https:\/\/faidutti.com\/blog\/licornes\/wp-content\/uploads\/sites\/2\/2021\/05\/Roelant-Savery-ou-disciple--1536x1058.jpg 1536w, https:\/\/faidutti.com\/blog\/licornes\/wp-content\/uploads\/sites\/2\/2021\/05\/Roelant-Savery-ou-disciple--436x300.jpg 436w\" sizes=\"(max-width: 2048px) 100vw, 2048px\" \/><figcaption class=\"wp-block-jetpack-slideshow_caption gallery-caption\">Disciple de Roelant Savery, <i>Orph\u00e9e charmant les animaux<\/i>, circa 1630<br \/>Collection priv\u00e9e.<\/figcaption><\/figure><\/li><li class=\"wp-block-jetpack-slideshow_slide swiper-slide\"><figure><img loading=\"lazy\" decoding=\"async\" width=\"2048\" height=\"1365\" alt=\"\" class=\"wp-block-jetpack-slideshow_image wp-image-4770\" data-id=\"4770\" data-aspect-ratio=\"584 \/ 389\" src=\"https:\/\/faidutti.com\/blog\/licornes\/wp-content\/uploads\/sites\/2\/2021\/05\/Follower_of_jacob_bouttats_orpheus_charming_the_animals-XVIIe-2048x1365.jpg\" srcset=\"https:\/\/faidutti.com\/blog\/licornes\/wp-content\/uploads\/sites\/2\/2021\/05\/Follower_of_jacob_bouttats_orpheus_charming_the_animals-XVIIe-2048x1365.jpg 2048w, https:\/\/faidutti.com\/blog\/licornes\/wp-content\/uploads\/sites\/2\/2021\/05\/Follower_of_jacob_bouttats_orpheus_charming_the_animals-XVIIe-300x200.jpg 300w, https:\/\/faidutti.com\/blog\/licornes\/wp-content\/uploads\/sites\/2\/2021\/05\/Follower_of_jacob_bouttats_orpheus_charming_the_animals-XVIIe-768x512.jpg 768w, https:\/\/faidutti.com\/blog\/licornes\/wp-content\/uploads\/sites\/2\/2021\/05\/Follower_of_jacob_bouttats_orpheus_charming_the_animals-XVIIe-1536x1024.jpg 1536w, https:\/\/faidutti.com\/blog\/licornes\/wp-content\/uploads\/sites\/2\/2021\/05\/Follower_of_jacob_bouttats_orpheus_charming_the_animals-XVIIe-450x300.jpg 450w\" sizes=\"(max-width: 2048px) 100vw, 2048px\" \/><figcaption class=\"wp-block-jetpack-slideshow_caption gallery-caption\">Entourage de Jacob Bouttats, <i>Orph\u00e9e charmant les animaux<\/i>, fin XVIIe.<\/figcaption><\/figure><\/li><li class=\"wp-block-jetpack-slideshow_slide swiper-slide\"><figure><img loading=\"lazy\" decoding=\"async\" width=\"1000\" height=\"672\" alt=\"\" class=\"wp-block-jetpack-slideshow_image wp-image-9088\" data-id=\"9088\" data-aspect-ratio=\"1000 \/ 672\" src=\"https:\/\/faidutti.com\/blog\/licornes\/wp-content\/uploads\/sites\/2\/2026\/04\/Thomas_Ffrancis_active_1635-1679_attributed_to_-_Orpheus_Charming_the_Animals_-_1171167_-_National_Trust.jpg\" srcset=\"https:\/\/faidutti.com\/blog\/licornes\/wp-content\/uploads\/sites\/2\/2026\/04\/Thomas_Ffrancis_active_1635-1679_attributed_to_-_Orpheus_Charming_the_Animals_-_1171167_-_National_Trust.jpg 1000w, https:\/\/faidutti.com\/blog\/licornes\/wp-content\/uploads\/sites\/2\/2026\/04\/Thomas_Ffrancis_active_1635-1679_attributed_to_-_Orpheus_Charming_the_Animals_-_1171167_-_National_Trust-300x202.jpg 300w, https:\/\/faidutti.com\/blog\/licornes\/wp-content\/uploads\/sites\/2\/2026\/04\/Thomas_Ffrancis_active_1635-1679_attributed_to_-_Orpheus_Charming_the_Animals_-_1171167_-_National_Trust-768x516.jpg 768w, https:\/\/faidutti.com\/blog\/licornes\/wp-content\/uploads\/sites\/2\/2026\/04\/Thomas_Ffrancis_active_1635-1679_attributed_to_-_Orpheus_Charming_the_Animals_-_1171167_-_National_Trust-446x300.jpg 446w\" sizes=\"(max-width: 1000px) 100vw, 1000px\" \/><figcaption class=\"wp-block-jetpack-slideshow_caption gallery-caption\">Ffrancis, Thomas; Orpheus Charming the Animals; National Trust, Chirk Castle; http:\/\/www.artuk.org\/artworks\/orpheus-charming-the-animals-99490<\/figcaption><\/figure><\/li><\/ul><a class=\"wp-block-jetpack-slideshow_button-prev swiper-button-prev swiper-button-white\" role=\"button\"><\/a><a class=\"wp-block-jetpack-slideshow_button-next swiper-button-next swiper-button-white\" role=\"button\"><\/a><a aria-label=\"Pause Slideshow\" class=\"wp-block-jetpack-slideshow_button-pause\" role=\"button\"><\/a><div class=\"wp-block-jetpack-slideshow_pagination swiper-pagination swiper-pagination-white\"><\/div><\/div><\/div>\n\n\n\n<p><br \/>Elle est l\u00e0 aussi, tout comme le griffon, dans le po\u00e8me de Tristan l&#8217;Hermite, <em>L&#8217;Orph\u00e9e,<\/em> en 1641 :<\/p>\n\n\n\n<p class=\"has-background has-small-font-size\" style=\"background-color:#def9e8\"><em>L\u00e0 se viennent coucher en diverse posture<br \/>Cent animaux divers de forme &amp; de nature :<br \/>La frauduleuse Hy\u00e8ne, &amp; de qui la beaut\u00e9<br \/>Sous un port innocent cache sa cruaut\u00e9.<br \/>Le Cheval glorieux, simbole de la guerre,<br \/>Le Linx aux yeux perceants, dont l&#8217;eau se change en pierre.<br \/>L&#8217;Escurieu sautelant qui n&#8217;a point de repos,<br \/>La Marmote assoupie et le Singe dispos.<br \/>Le Castor y fait voir sa longue pane rousse,<br \/>Le Por espic ses trais dont luy-mesme est la trousse.<br \/>Le Tigre y met au jour son beau gris argent\u00e9<br \/>Qu&#8217;avec art la nature a si bien mouchet\u00e9.<br \/>[\u2026]<br \/>L\u00e0, se vient pr\u00e9senter la Martre Zibeline,<br \/>L\u00e0, se laisse ravir la pure et blanche Hermine.<br \/>Le chat que al Lybie enfante en ses ardeurs,<br \/>Y fait profusion de ses bonnes odeurs:<br \/>Le Grifon de son or, &amp; l&#8217;aimable Licorne.<br \/>Y donne pour tribut sa pr\u00e9cieuse corne.<\/em><\/p>\n\n\n\n<figure class=\"wp-block-image size-large\"><img loading=\"lazy\" decoding=\"async\" width=\"2048\" height=\"1225\" src=\"https:\/\/faidutti.com\/blog\/licornes\/wp-content\/uploads\/sites\/2\/2021\/05\/Met-Album-de-tournois-et-parades-de-Nuremberg-circa-1650-fol-117-Orphe-charmant-les-animaux-menade-2048x1225.jpg\" alt=\"\" class=\"wp-image-3352\" srcset=\"https:\/\/faidutti.com\/blog\/licornes\/wp-content\/uploads\/sites\/2\/2021\/05\/Met-Album-de-tournois-et-parades-de-Nuremberg-circa-1650-fol-117-Orphe-charmant-les-animaux-menade-2048x1225.jpg 2048w, https:\/\/faidutti.com\/blog\/licornes\/wp-content\/uploads\/sites\/2\/2021\/05\/Met-Album-de-tournois-et-parades-de-Nuremberg-circa-1650-fol-117-Orphe-charmant-les-animaux-menade-300x179.jpg 300w, https:\/\/faidutti.com\/blog\/licornes\/wp-content\/uploads\/sites\/2\/2021\/05\/Met-Album-de-tournois-et-parades-de-Nuremberg-circa-1650-fol-117-Orphe-charmant-les-animaux-menade-768x459.jpg 768w, https:\/\/faidutti.com\/blog\/licornes\/wp-content\/uploads\/sites\/2\/2021\/05\/Met-Album-de-tournois-et-parades-de-Nuremberg-circa-1650-fol-117-Orphe-charmant-les-animaux-menade-1536x919.jpg 1536w, https:\/\/faidutti.com\/blog\/licornes\/wp-content\/uploads\/sites\/2\/2021\/05\/Met-Album-de-tournois-et-parades-de-Nuremberg-circa-1650-fol-117-Orphe-charmant-les-animaux-menade-500x300.jpg 500w\" sizes=\"auto, (max-width: 2048px) 100vw, 2048px\" \/><figcaption class=\"wp-element-caption\">Le char d\u2019Orph\u00e9e. Sur le char d\u2019Orph\u00e9e, les animaux sauvages qui, charm\u00e9s par le son de sa lyre, quittaient la sombre for\u00eat pour venir l\u2019\u00e9couter. La femme aux seins nus est l\u2019une des terribles m\u00e9nades, ou bacchantes, qui dans certaines versions du mythe sont responsables de sa mort.<br \/> <i>Album de tournois et parades de Nuremberg,<\/i> circa 1650.<br \/><span style=\"color:#9e9e9e\" class=\"tadv-color\"> Metropolitan Museum, New York<\/span> <\/figcaption><\/figure>\n\n\n\n<p>Plus pr\u00e8s de nous Gustave Moreau, puis Reiner Maria Rilke, puis Jean Cocteau, ont peint, \u00e9crit, mont\u00e9 ou film\u00e9 Orph\u00e9e et les licornes, mais s\u00e9par\u00e9ment, comme s\u2019ils relevaient de la m\u00eame esth\u00e9tique, mais pas, finalement, de la m\u00eame histoire.<br \/><\/p>\n\n\n\n<pre class=\"wp-block-verse\"><em>  et chacun de vous se retourne sur son Eurydice de fum\u00e9e\n qui du regard m\u00eame se brouille \u00e9vanouissante sans surseoir\n ne reste que la licorne du soir fouillant dans le tuf du soir\n et son gros \u0153il d\u2019escarboucle tourne c\u00e2lin de g\u00eane embrum\u00e9e<\/em>\n &nbsp;\n \u2015 Jacques Roubaud, \u2208 <\/pre>\n\n\n\n<div class=\"wp-block-jetpack-slideshow aligncenter\" data-effect=\"slide\"><div class=\"wp-block-jetpack-slideshow_container swiper\"><ul class=\"wp-block-jetpack-slideshow_swiper-wrapper swiper-wrapper\"><li class=\"wp-block-jetpack-slideshow_slide swiper-slide\"><figure><img loading=\"lazy\" decoding=\"async\" width=\"2048\" height=\"1613\" alt=\"\" class=\"wp-block-jetpack-slideshow_image wp-image-7996\" data-id=\"7996\" src=\"https:\/\/faidutti.com\/blog\/licornes\/wp-content\/uploads\/sites\/2\/2022\/03\/Nicollo-dellAbate-La-mort-dEurydice-circa-1560-Londres-National-Gallery-2048x1613.jpg\" srcset=\"https:\/\/faidutti.com\/blog\/licornes\/wp-content\/uploads\/sites\/2\/2022\/03\/Nicollo-dellAbate-La-mort-dEurydice-circa-1560-Londres-National-Gallery-2048x1613.jpg 2048w, https:\/\/faidutti.com\/blog\/licornes\/wp-content\/uploads\/sites\/2\/2022\/03\/Nicollo-dellAbate-La-mort-dEurydice-circa-1560-Londres-National-Gallery-300x236.jpg 300w, https:\/\/faidutti.com\/blog\/licornes\/wp-content\/uploads\/sites\/2\/2022\/03\/Nicollo-dellAbate-La-mort-dEurydice-circa-1560-Londres-National-Gallery-768x605.jpg 768w, https:\/\/faidutti.com\/blog\/licornes\/wp-content\/uploads\/sites\/2\/2022\/03\/Nicollo-dellAbate-La-mort-dEurydice-circa-1560-Londres-National-Gallery-1536x1210.jpg 1536w, https:\/\/faidutti.com\/blog\/licornes\/wp-content\/uploads\/sites\/2\/2022\/03\/Nicollo-dellAbate-La-mort-dEurydice-circa-1560-Londres-National-Gallery-381x300.jpg 381w\" sizes=\"(max-width: 2048px) 100vw, 2048px\" \/><figcaption class=\"wp-block-jetpack-slideshow_caption gallery-caption\">Nicollo dell&#8217;Abate, <i>La mort d&#8217;Eurydice,<\/i> circa 1560, Londres, National Gallery<\/figcaption><\/figure><\/li><li class=\"wp-block-jetpack-slideshow_slide swiper-slide\"><figure><img loading=\"lazy\" decoding=\"async\" width=\"2048\" height=\"1443\" alt=\"\" class=\"wp-block-jetpack-slideshow_image wp-image-7997\" data-id=\"7997\" src=\"https:\/\/faidutti.com\/blog\/licornes\/wp-content\/uploads\/sites\/2\/2022\/03\/Nicollo-dellAbate-La-mort-dEurydice-circa-1560-Londres-National-Gallery-detail-2048x1443.jpg\" srcset=\"https:\/\/faidutti.com\/blog\/licornes\/wp-content\/uploads\/sites\/2\/2022\/03\/Nicollo-dellAbate-La-mort-dEurydice-circa-1560-Londres-National-Gallery-detail-2048x1443.jpg 2048w, https:\/\/faidutti.com\/blog\/licornes\/wp-content\/uploads\/sites\/2\/2022\/03\/Nicollo-dellAbate-La-mort-dEurydice-circa-1560-Londres-National-Gallery-detail-300x211.jpg 300w, https:\/\/faidutti.com\/blog\/licornes\/wp-content\/uploads\/sites\/2\/2022\/03\/Nicollo-dellAbate-La-mort-dEurydice-circa-1560-Londres-National-Gallery-detail-768x541.jpg 768w, https:\/\/faidutti.com\/blog\/licornes\/wp-content\/uploads\/sites\/2\/2022\/03\/Nicollo-dellAbate-La-mort-dEurydice-circa-1560-Londres-National-Gallery-detail-1536x1082.jpg 1536w, https:\/\/faidutti.com\/blog\/licornes\/wp-content\/uploads\/sites\/2\/2022\/03\/Nicollo-dellAbate-La-mort-dEurydice-circa-1560-Londres-National-Gallery-detail-426x300.jpg 426w\" sizes=\"(max-width: 2048px) 100vw, 2048px\" \/><\/figure><\/li><\/ul><a class=\"wp-block-jetpack-slideshow_button-prev swiper-button-prev swiper-button-white\" role=\"button\"><\/a><a class=\"wp-block-jetpack-slideshow_button-next swiper-button-next swiper-button-white\" role=\"button\"><\/a><a aria-label=\"Pause Slideshow\" class=\"wp-block-jetpack-slideshow_button-pause\" role=\"button\"><\/a><div class=\"wp-block-jetpack-slideshow_pagination swiper-pagination swiper-pagination-white\"><\/div><\/div><\/div>\n\n\n\n<p class=\"has-small-font-size\"><a href=\"#_ftnref1\" id=\"_ftn1\">[1]<\/a> Julia Drobinsky, <em>Le cycle d\u2019Orph\u00e9e dans l\u2019Ovide moralis\u00e9 de Rouen, et <\/em>Stefania Cerrito, <em>L\u2019Ovide moralis\u00e9 \u00e0 l\u2019aube de la Renaissance,&nbsp; <\/em>in <em>Cahiers de recherches m\u00e9di\u00e9vales et humanistes, <\/em>2015.<\/p>\n","protected":false},"excerpt":{"rendered":"<p>Bien des saints ermites, manquant de compagnie, ont tent\u00e9 d\u2019\u00e9vang\u00e9liser les animaux sauvages. Orph\u00e9e se contentait de jouer de la lyre pour les charmer. Et toujours, la licorne \u00e9tait l\u00e0, souvent au premier rang, comme devant Adam. Le statut ontologique &hellip; <a href=\"https:\/\/faidutti.com\/blog\/licornes\/2021\/05\/18\/les-saints-orphee-et-les-licornes\/\">Continue reading <span class=\"meta-nav\">&rarr;<\/span><\/a><\/p>\n","protected":false},"author":2,"featured_media":0,"comment_status":"open","ping_status":"open","sticky":false,"template":"","format":"standard","meta":{"_jetpack_memberships_contains_paid_content":false,"footnotes":""},"categories":[2],"tags":[],"class_list":["post-10","post","type-post","status-publish","format-standard","hentry","category-images-et-symboles"],"jetpack_featured_media_url":"","jetpack_sharing_enabled":true,"_links":{"self":[{"href":"https:\/\/faidutti.com\/blog\/licornes\/wp-json\/wp\/v2\/posts\/10","targetHints":{"allow":["GET"]}}],"collection":[{"href":"https:\/\/faidutti.com\/blog\/licornes\/wp-json\/wp\/v2\/posts"}],"about":[{"href":"https:\/\/faidutti.com\/blog\/licornes\/wp-json\/wp\/v2\/types\/post"}],"author":[{"embeddable":true,"href":"https:\/\/faidutti.com\/blog\/licornes\/wp-json\/wp\/v2\/users\/2"}],"replies":[{"embeddable":true,"href":"https:\/\/faidutti.com\/blog\/licornes\/wp-json\/wp\/v2\/comments?post=10"}],"version-history":[{"count":77,"href":"https:\/\/faidutti.com\/blog\/licornes\/wp-json\/wp\/v2\/posts\/10\/revisions"}],"predecessor-version":[{"id":9109,"href":"https:\/\/faidutti.com\/blog\/licornes\/wp-json\/wp\/v2\/posts\/10\/revisions\/9109"}],"wp:attachment":[{"href":"https:\/\/faidutti.com\/blog\/licornes\/wp-json\/wp\/v2\/media?parent=10"}],"wp:term":[{"taxonomy":"category","embeddable":true,"href":"https:\/\/faidutti.com\/blog\/licornes\/wp-json\/wp\/v2\/categories?post=10"},{"taxonomy":"post_tag","embeddable":true,"href":"https:\/\/faidutti.com\/blog\/licornes\/wp-json\/wp\/v2\/tags?post=10"}],"curies":[{"name":"wp","href":"https:\/\/api.w.org\/{rel}","templated":true}]}}